{"id":8474,"date":"2025-12-15T13:26:48","date_gmt":"2025-12-15T13:26:48","guid":{"rendered":"https:\/\/www.sieber.ch\/?p=8474"},"modified":"2025-12-15T13:54:10","modified_gmt":"2025-12-15T13:54:10","slug":"sieber-logistics-ag-continuita-con-un-orientamento-chiaro","status":"publish","type":"post","link":"https:\/\/www.sieber.ch\/it\/blog\/sieber-logistics-ag-continuita-con-un-orientamento-chiaro\/","title":{"rendered":"Sieber Logistics AG \u2013 Continuit\u00e0 con un orientamento chiaro"},"content":{"rendered":"<div class=\"n2_clear\"><ss3-force-full-width data-overflow-x=\"body\" data-horizontal-selector=\"body\"><div class=\"n2-section-smartslider fitvidsignore  n2_clear\" data-ssid=\"100\"><div id=\"n2-ss-100-align\" class=\"n2-ss-align\"><div class=\"n2-padding\"><div id=\"n2-ss-100\" data-creator=\"Smart Slider 3\" data-responsive=\"fullwidth\" class=\"n2-ss-slider n2-ow n2-has-hover n2notransition  \">\n        <div class=\"n2-ss-slider-1 n2_ss__touch_element n2-ow\">\n            <div class=\"n2-ss-slider-2 n2-ow\">\n                                                <div class=\"n2-ss-slider-3 n2-ow\">\n\n                    <div class=\"n2-ss-slide-backgrounds n2-ow-all\"><div class=\"n2-ss-slide-background\" data-public-id=\"1\" data-mode=\"fill\"><div class=\"n2-ss-slide-background-image\" data-blur=\"0\" data-opacity=\"100\" data-x=\"38\" data-y=\"77\" data-alt=\"Woman with glasses in front of a group of people\" data-title=\"\" style=\"--ss-o-pos-x:38%;--ss-o-pos-y:77%\"><picture class=\"skip-lazy\" data-skip-lazy=\"1\"><img decoding=\"async\" src=\"\/\/www.sieber.ch\/wp-content\/uploads\/2024\/01\/News-1277948801.webp\" alt=\"Woman with glasses in front of a group of people\" title=\"\" loading=\"lazy\" class=\"skip-lazy\" data-skip-lazy=\"1\"><\/picture><\/div><div data-color=\"RGBA(0,0,0,0.52)\" style=\"background-color: RGBA(0,0,0,0.52);\" class=\"n2-ss-slide-background-color\" data-overlay=\"1\"><\/div><\/div><\/div>                    <div class=\"n2-ss-slider-4 n2-ow\">\n                        <svg xmlns=\"http:\/\/www.w3.org\/2000\/svg\" viewBox=\"0 0 1200 650\" data-related-device=\"desktopPortrait\" class=\"n2-ow n2-ss-preserve-size n2-ss-preserve-size--slider n2-ss-slide-limiter\"><\/svg><div data-first=\"1\" data-slide-duration=\"0\" data-id=\"114\" data-slide-public-id=\"1\" data-title=\"Services banner\" class=\"n2-ss-slide n2-ow  n2-ss-slide-114\"><div role=\"note\" class=\"n2-ss-slide--focus\" tabindex=\"-1\">Services banner<\/div><div class=\"n2-ss-layers-container n2-ss-slide-limiter n2-ow\"><div class=\"n2-ss-layer n2-ow n-uc-pyCH1Mq3YBV5\" data-sstype=\"slide\" data-pm=\"default\"><div class=\"n2-ss-layer n2-ow n-uc-2pUNtEJPFRkA\" data-pm=\"default\" data-sstype=\"content\" data-hasbackground=\"0\"><div class=\"n2-ss-section-main-content n2-ss-layer-with-background n2-ss-layer-content n2-ow n-uc-2pUNtEJPFRkA-inner\"><div class=\"n2-ss-layer n2-ow n-uc-f4gam8jurX0X\" data-pm=\"normal\" data-sstype=\"layer\"><div id=\"n2-ss-100item1\" class=\"n2-font-89c0603c56ffcf23cbe2a31a6751ddf6-hover   n2-ss-item-content n2-ss-text n2-ow\" style=\"display:block;\"><\/div><\/div><\/div><\/div><\/div><\/div><\/div>                    <\/div>\n\n                                    <\/div>\n            <\/div>\n        <\/div>\n        <\/div><ss3-loader><\/ss3-loader><\/div><\/div><div class=\"n2_clear\"><\/div><\/div><\/ss3-force-full-width><\/div>\n\n\n<h2 class=\"wp-block-heading\">Sieber Logistics AG \u2013 Continuit\u00e0 con un orientamento chiaro<\/h2>\n\n\n\n<p>Continuiamo ad attuare con coerenza la nostra strategia e abbiamo semplificato la struttura aziendale. <strong>Da subito<\/strong> operiamo con il nome <strong>Sieber Logistics AG<\/strong>. In questo modo rendiamo visibile ci\u00f2 che caratterizza il nostro DNA: la logistica come fulcro della nostra strategia e come base per il nostro sviluppo come fornitore leader di soluzioni.<\/p>\n\n\n\n<p>Per i nostri clienti e partner questo passo significa piena continuit\u00e0: contratti, referenti e servizi rimangono invariati. Allo stesso tempo, uniamo le nostre forze sotto un marchio chiaro, creiamo processi pi\u00f9 efficienti e percorsi decisionali pi\u00f9 rapidi per una collaborazione ancora pi\u00f9 affidabile.<\/p>\n\n\n\n<p>La nostra promessa di prestazioni rimane invariata e si concentra su quattro linee di prodotti: soluzioni <a href=\"https:\/\/www.sieber.ch\/it\/soluzioni\/inbound-solutions\/\">inbound<\/a>, <a href=\"https:\/\/www.sieber.ch\/it\/soluzioni\/outbound-solutions\/\">outbound<\/a>, <a href=\"https:\/\/www.sieber.ch\/it\/soluzioni\/home-solutions\/\">home<\/a> e <a href=\"https:\/\/www.sieber.ch\/it\/soluzioni\/asset-solutions\/\">asset<\/a>. Queste rappresentano soluzioni logistiche personalizzate e su misura, che realizziamo con grande competenza e affidabilit\u00e0.<\/p>\n\n\n\n<p>Questo passo comporta vantaggi anche per i nostri collaboratori: maggiore chiarezza, minore complessit\u00e0 e una maggiore attenzione alla qualit\u00e0 e al servizio. In questo modo creiamo le basi per plasmare insieme ai nostri stakeholder un futuro di successo.<\/p>\n","protected":false},"excerpt":{"rendered":"<p>Sieber Logistics AG \u2013 Continuit\u00e0 con un orientamento chiaro Continuiamo ad attuare con coerenza la nostra strategia e abbiamo semplificato<\/p>\n<p><a class=\"wp-block-button__link\" href=\"https:\/\/www.sieber.ch\/it\/blog\/sieber-logistics-ag-continuita-con-un-orientamento-chiaro\/\">Read More&#8230;<\/a><\/p>\n","protected":false},"author":7,"featured_media":8473,"comment_status":"closed","ping_status":"closed","sticky":false,"template":"","format":"standard","meta":{"_acf_changed":false,"footnotes":""},"categories":[49],"tags":[],"class_list":["post-8474","post","type-post","status-publish","format-standard","has-post-thumbnail","hentry","category-news-it"],"acf":[],"yoast_head":"<!-- This site is optimized with the Yoast SEO plugin v27.5 - https:\/\/yoast.com\/product\/yoast-seo-wordpress\/ -->\n<title>Sieber Logistics AG \u2013 Continuit\u00e0 con un orientamento chiaro - Sieber Logistics AG<\/title>\n<meta name=\"robots\" content=\"index, follow, max-snippet:-1, max-image-preview:large, max-video-preview:-1\" \/>\n<link rel=\"canonical\" href=\"https:\/\/www.sieber.ch\/it\/blog\/sieber-logistics-ag-continuita-con-un-orientamento-chiaro\/\" \/>\n<meta property=\"og:locale\" content=\"it_IT\" \/>\n<meta property=\"og:type\" content=\"article\" \/>\n<meta property=\"og:title\" content=\"Sieber Logistics AG \u2013 Continuit\u00e0 con un orientamento chiaro - Sieber Logistics AG\" \/>\n<meta property=\"og:description\" content=\"Sieber Logistics AG \u2013 Continuit\u00e0 con un orientamento chiaro Continuiamo ad attuare con coerenza la nostra strategia e abbiamo semplificatoRead More...\" \/>\n<meta property=\"og:url\" content=\"https:\/\/www.sieber.ch\/it\/blog\/sieber-logistics-ag-continuita-con-un-orientamento-chiaro\/\" \/>\n<meta property=\"og:site_name\" content=\"Sieber Logistics AG\" \/>\n<meta property=\"article:publisher\" content=\"https:\/\/www.facebook.com\/sieberlogistics\" \/>\n<meta property=\"article:published_time\" content=\"2025-12-15T13:26:48+00:00\" \/>\n<meta property=\"article:modified_time\" content=\"2025-12-15T13:54:10+00:00\" \/>\n<meta property=\"og:image\" content=\"https:\/\/www.sieber.ch\/wp-content\/uploads\/2025\/12\/Sieber-Logo-V1.png\" \/>\n\t<meta property=\"og:image:width\" content=\"1920\" \/>\n\t<meta property=\"og:image:height\" content=\"1080\" \/>\n\t<meta property=\"og:image:type\" content=\"image\/png\" \/>\n<meta name=\"author\" content=\"dorarauseo\" \/>\n<meta name=\"twitter:card\" content=\"summary_large_image\" \/>\n<meta name=\"twitter:label1\" content=\"Scritto da\" \/>\n\t<meta name=\"twitter:data1\" content=\"dorarauseo\" \/>\n\t<meta name=\"twitter:label2\" content=\"Tempo di lettura stimato\" \/>\n\t<meta name=\"twitter:data2\" content=\"2 minuti\" \/>\n<script type=\"application\/ld+json\" class=\"yoast-schema-graph\">{\"@context\":\"https:\\\/\\\/schema.org\",\"@graph\":[{\"@type\":\"Article\",\"@id\":\"https:\\\/\\\/www.sieber.ch\\\/it\\\/blog\\\/sieber-logistics-ag-continuita-con-un-orientamento-chiaro\\\/#article\",\"isPartOf\":{\"@id\":\"https:\\\/\\\/www.sieber.ch\\\/it\\\/blog\\\/sieber-logistics-ag-continuita-con-un-orientamento-chiaro\\\/\"},\"author\":{\"name\":\"dorarauseo\",\"@id\":\"https:\\\/\\\/www.sieber.ch\\\/it\\\/#\\\/schema\\\/person\\\/d8e023d3e9b655b24a1e20aab0dec5ac\"},\"headline\":\"Sieber Logistics AG \u2013 Continuit\u00e0 con un orientamento chiaro\",\"datePublished\":\"2025-12-15T13:26:48+00:00\",\"dateModified\":\"2025-12-15T13:54:10+00:00\",\"mainEntityOfPage\":{\"@id\":\"https:\\\/\\\/www.sieber.ch\\\/it\\\/blog\\\/sieber-logistics-ag-continuita-con-un-orientamento-chiaro\\\/\"},\"wordCount\":188,\"publisher\":{\"@id\":\"https:\\\/\\\/www.sieber.ch\\\/it\\\/#organization\"},\"image\":{\"@id\":\"https:\\\/\\\/www.sieber.ch\\\/it\\\/blog\\\/sieber-logistics-ag-continuita-con-un-orientamento-chiaro\\\/#primaryimage\"},\"thumbnailUrl\":\"https:\\\/\\\/www.sieber.ch\\\/wp-content\\\/uploads\\\/2025\\\/12\\\/Sieber-Logo-V1.png\",\"articleSection\":[\"News\"],\"inLanguage\":\"it-IT\"},{\"@type\":\"WebPage\",\"@id\":\"https:\\\/\\\/www.sieber.ch\\\/it\\\/blog\\\/sieber-logistics-ag-continuita-con-un-orientamento-chiaro\\\/\",\"url\":\"https:\\\/\\\/www.sieber.ch\\\/it\\\/blog\\\/sieber-logistics-ag-continuita-con-un-orientamento-chiaro\\\/\",\"name\":\"Sieber Logistics AG \u2013 Continuit\u00e0 con un orientamento chiaro - Sieber Logistics AG\",\"isPartOf\":{\"@id\":\"https:\\\/\\\/www.sieber.ch\\\/it\\\/#website\"},\"primaryImageOfPage\":{\"@id\":\"https:\\\/\\\/www.sieber.ch\\\/it\\\/blog\\\/sieber-logistics-ag-continuita-con-un-orientamento-chiaro\\\/#primaryimage\"},\"image\":{\"@id\":\"https:\\\/\\\/www.sieber.ch\\\/it\\\/blog\\\/sieber-logistics-ag-continuita-con-un-orientamento-chiaro\\\/#primaryimage\"},\"thumbnailUrl\":\"https:\\\/\\\/www.sieber.ch\\\/wp-content\\\/uploads\\\/2025\\\/12\\\/Sieber-Logo-V1.png\",\"datePublished\":\"2025-12-15T13:26:48+00:00\",\"dateModified\":\"2025-12-15T13:54:10+00:00\",\"breadcrumb\":{\"@id\":\"https:\\\/\\\/www.sieber.ch\\\/it\\\/blog\\\/sieber-logistics-ag-continuita-con-un-orientamento-chiaro\\\/#breadcrumb\"},\"inLanguage\":\"it-IT\",\"potentialAction\":[{\"@type\":\"ReadAction\",\"target\":[\"https:\\\/\\\/www.sieber.ch\\\/it\\\/blog\\\/sieber-logistics-ag-continuita-con-un-orientamento-chiaro\\\/\"]}]},{\"@type\":\"ImageObject\",\"inLanguage\":\"it-IT\",\"@id\":\"https:\\\/\\\/www.sieber.ch\\\/it\\\/blog\\\/sieber-logistics-ag-continuita-con-un-orientamento-chiaro\\\/#primaryimage\",\"url\":\"https:\\\/\\\/www.sieber.ch\\\/wp-content\\\/uploads\\\/2025\\\/12\\\/Sieber-Logo-V1.png\",\"contentUrl\":\"https:\\\/\\\/www.sieber.ch\\\/wp-content\\\/uploads\\\/2025\\\/12\\\/Sieber-Logo-V1.png\",\"width\":1920,\"height\":1080},{\"@type\":\"BreadcrumbList\",\"@id\":\"https:\\\/\\\/www.sieber.ch\\\/it\\\/blog\\\/sieber-logistics-ag-continuita-con-un-orientamento-chiaro\\\/#breadcrumb\",\"itemListElement\":[{\"@type\":\"ListItem\",\"position\":1,\"name\":\"Home\",\"item\":\"https:\\\/\\\/www.sieber.ch\\\/it\\\/\"},{\"@type\":\"ListItem\",\"position\":2,\"name\":\"Sieber Logistics AG \u2013 Continuit\u00e0 con un orientamento chiaro\"}]},{\"@type\":\"WebSite\",\"@id\":\"https:\\\/\\\/www.sieber.ch\\\/it\\\/#website\",\"url\":\"https:\\\/\\\/www.sieber.ch\\\/it\\\/\",\"name\":\"Sieber Transport AG\",\"description\":\"\",\"publisher\":{\"@id\":\"https:\\\/\\\/www.sieber.ch\\\/it\\\/#organization\"},\"potentialAction\":[{\"@type\":\"SearchAction\",\"target\":{\"@type\":\"EntryPoint\",\"urlTemplate\":\"https:\\\/\\\/www.sieber.ch\\\/it\\\/?s={search_term_string}\"},\"query-input\":{\"@type\":\"PropertyValueSpecification\",\"valueRequired\":true,\"valueName\":\"search_term_string\"}}],\"inLanguage\":\"it-IT\"},{\"@type\":\"Organization\",\"@id\":\"https:\\\/\\\/www.sieber.ch\\\/it\\\/#organization\",\"name\":\"Sieber Transport AG\",\"url\":\"https:\\\/\\\/www.sieber.ch\\\/it\\\/\",\"logo\":{\"@type\":\"ImageObject\",\"inLanguage\":\"it-IT\",\"@id\":\"https:\\\/\\\/www.sieber.ch\\\/it\\\/#\\\/schema\\\/logo\\\/image\\\/\",\"url\":\"https:\\\/\\\/www.sieber.ch\\\/wp-content\\\/uploads\\\/2024\\\/01\\\/logo.png\",\"contentUrl\":\"https:\\\/\\\/www.sieber.ch\\\/wp-content\\\/uploads\\\/2024\\\/01\\\/logo.png\",\"width\":1063,\"height\":358,\"caption\":\"Sieber Transport AG\"},\"image\":{\"@id\":\"https:\\\/\\\/www.sieber.ch\\\/it\\\/#\\\/schema\\\/logo\\\/image\\\/\"},\"sameAs\":[\"https:\\\/\\\/www.facebook.com\\\/sieberlogistics\",\"https:\\\/\\\/www.linkedin.com\\\/company\\\/sieberlogistics\\\/\"]},{\"@type\":\"Person\",\"@id\":\"https:\\\/\\\/www.sieber.ch\\\/it\\\/#\\\/schema\\\/person\\\/d8e023d3e9b655b24a1e20aab0dec5ac\",\"name\":\"dorarauseo\",\"image\":{\"@type\":\"ImageObject\",\"inLanguage\":\"it-IT\",\"@id\":\"https:\\\/\\\/secure.gravatar.com\\\/avatar\\\/88914062d60fda4d73655522543edb68609603692739ecc4ccae497137ad6bdc?s=96&d=mm&r=g\",\"url\":\"https:\\\/\\\/secure.gravatar.com\\\/avatar\\\/88914062d60fda4d73655522543edb68609603692739ecc4ccae497137ad6bdc?s=96&d=mm&r=g\",\"contentUrl\":\"https:\\\/\\\/secure.gravatar.com\\\/avatar\\\/88914062d60fda4d73655522543edb68609603692739ecc4ccae497137ad6bdc?s=96&d=mm&r=g\",\"caption\":\"dorarauseo\"},\"url\":\"https:\\\/\\\/www.sieber.ch\\\/it\\\/blog\\\/author\\\/dorarauseo\\\/\"}]}<\/script>\n<!-- \/ Yoast SEO plugin. -->","yoast_head_json":{"title":"Sieber Logistics AG \u2013 Continuit\u00e0 con un orientamento chiaro - Sieber Logistics AG","robots":{"index":"index","follow":"follow","max-snippet":"max-snippet:-1","max-image-preview":"max-image-preview:large","max-video-preview":"max-video-preview:-1"},"canonical":"https:\/\/www.sieber.ch\/it\/blog\/sieber-logistics-ag-continuita-con-un-orientamento-chiaro\/","og_locale":"it_IT","og_type":"article","og_title":"Sieber Logistics AG \u2013 Continuit\u00e0 con un orientamento chiaro - Sieber Logistics AG","og_description":"Sieber Logistics AG \u2013 Continuit\u00e0 con un orientamento chiaro Continuiamo ad attuare con coerenza la nostra strategia e abbiamo semplificatoRead More...","og_url":"https:\/\/www.sieber.ch\/it\/blog\/sieber-logistics-ag-continuita-con-un-orientamento-chiaro\/","og_site_name":"Sieber Logistics AG","article_publisher":"https:\/\/www.facebook.com\/sieberlogistics","article_published_time":"2025-12-15T13:26:48+00:00","article_modified_time":"2025-12-15T13:54:10+00:00","og_image":[{"width":1920,"height":1080,"url":"https:\/\/www.sieber.ch\/wp-content\/uploads\/2025\/12\/Sieber-Logo-V1.png","type":"image\/png"}],"author":"dorarauseo","twitter_card":"summary_large_image","twitter_misc":{"Scritto da":"dorarauseo","Tempo di lettura stimato":"2 minuti"},"schema":{"@context":"https:\/\/schema.org","@graph":[{"@type":"Article","@id":"https:\/\/www.sieber.ch\/it\/blog\/sieber-logistics-ag-continuita-con-un-orientamento-chiaro\/#article","isPartOf":{"@id":"https:\/\/www.sieber.ch\/it\/blog\/sieber-logistics-ag-continuita-con-un-orientamento-chiaro\/"},"author":{"name":"dorarauseo","@id":"https:\/\/www.sieber.ch\/it\/#\/schema\/person\/d8e023d3e9b655b24a1e20aab0dec5ac"},"headline":"Sieber Logistics AG \u2013 Continuit\u00e0 con un orientamento chiaro","datePublished":"2025-12-15T13:26:48+00:00","dateModified":"2025-12-15T13:54:10+00:00","mainEntityOfPage":{"@id":"https:\/\/www.sieber.ch\/it\/blog\/sieber-logistics-ag-continuita-con-un-orientamento-chiaro\/"},"wordCount":188,"publisher":{"@id":"https:\/\/www.sieber.ch\/it\/#organization"},"image":{"@id":"https:\/\/www.sieber.ch\/it\/blog\/sieber-logistics-ag-continuita-con-un-orientamento-chiaro\/#primaryimage"},"thumbnailUrl":"https:\/\/www.sieber.ch\/wp-content\/uploads\/2025\/12\/Sieber-Logo-V1.png","articleSection":["News"],"inLanguage":"it-IT"},{"@type":"WebPage","@id":"https:\/\/www.sieber.ch\/it\/blog\/sieber-logistics-ag-continuita-con-un-orientamento-chiaro\/","url":"https:\/\/www.sieber.ch\/it\/blog\/sieber-logistics-ag-continuita-con-un-orientamento-chiaro\/","name":"Sieber Logistics AG \u2013 Continuit\u00e0 con un orientamento chiaro - Sieber Logistics AG","isPartOf":{"@id":"https:\/\/www.sieber.ch\/it\/#website"},"primaryImageOfPage":{"@id":"https:\/\/www.sieber.ch\/it\/blog\/sieber-logistics-ag-continuita-con-un-orientamento-chiaro\/#primaryimage"},"image":{"@id":"https:\/\/www.sieber.ch\/it\/blog\/sieber-logistics-ag-continuita-con-un-orientamento-chiaro\/#primaryimage"},"thumbnailUrl":"https:\/\/www.sieber.ch\/wp-content\/uploads\/2025\/12\/Sieber-Logo-V1.png","datePublished":"2025-12-15T13:26:48+00:00","dateModified":"2025-12-15T13:54:10+00:00","breadcrumb":{"@id":"https:\/\/www.sieber.ch\/it\/blog\/sieber-logistics-ag-continuita-con-un-orientamento-chiaro\/#breadcrumb"},"inLanguage":"it-IT","potentialAction":[{"@type":"ReadAction","target":["https:\/\/www.sieber.ch\/it\/blog\/sieber-logistics-ag-continuita-con-un-orientamento-chiaro\/"]}]},{"@type":"ImageObject","inLanguage":"it-IT","@id":"https:\/\/www.sieber.ch\/it\/blog\/sieber-logistics-ag-continuita-con-un-orientamento-chiaro\/#primaryimage","url":"https:\/\/www.sieber.ch\/wp-content\/uploads\/2025\/12\/Sieber-Logo-V1.png","contentUrl":"https:\/\/www.sieber.ch\/wp-content\/uploads\/2025\/12\/Sieber-Logo-V1.png","width":1920,"height":1080},{"@type":"BreadcrumbList","@id":"https:\/\/www.sieber.ch\/it\/blog\/sieber-logistics-ag-continuita-con-un-orientamento-chiaro\/#breadcrumb","itemListElement":[{"@type":"ListItem","position":1,"name":"Home","item":"https:\/\/www.sieber.ch\/it\/"},{"@type":"ListItem","position":2,"name":"Sieber Logistics AG \u2013 Continuit\u00e0 con un orientamento chiaro"}]},{"@type":"WebSite","@id":"https:\/\/www.sieber.ch\/it\/#website","url":"https:\/\/www.sieber.ch\/it\/","name":"Sieber Transport AG","description":"","publisher":{"@id":"https:\/\/www.sieber.ch\/it\/#organization"},"potentialAction":[{"@type":"SearchAction","target":{"@type":"EntryPoint","urlTemplate":"https:\/\/www.sieber.ch\/it\/?s={search_term_string}"},"query-input":{"@type":"PropertyValueSpecification","valueRequired":true,"valueName":"search_term_string"}}],"inLanguage":"it-IT"},{"@type":"Organization","@id":"https:\/\/www.sieber.ch\/it\/#organization","name":"Sieber Transport AG","url":"https:\/\/www.sieber.ch\/it\/","logo":{"@type":"ImageObject","inLanguage":"it-IT","@id":"https:\/\/www.sieber.ch\/it\/#\/schema\/logo\/image\/","url":"https:\/\/www.sieber.ch\/wp-content\/uploads\/2024\/01\/logo.png","contentUrl":"https:\/\/www.sieber.ch\/wp-content\/uploads\/2024\/01\/logo.png","width":1063,"height":358,"caption":"Sieber Transport AG"},"image":{"@id":"https:\/\/www.sieber.ch\/it\/#\/schema\/logo\/image\/"},"sameAs":["https:\/\/www.facebook.com\/sieberlogistics","https:\/\/www.linkedin.com\/company\/sieberlogistics\/"]},{"@type":"Person","@id":"https:\/\/www.sieber.ch\/it\/#\/schema\/person\/d8e023d3e9b655b24a1e20aab0dec5ac","name":"dorarauseo","image":{"@type":"ImageObject","inLanguage":"it-IT","@id":"https:\/\/secure.gravatar.com\/avatar\/88914062d60fda4d73655522543edb68609603692739ecc4ccae497137ad6bdc?s=96&d=mm&r=g","url":"https:\/\/secure.gravatar.com\/avatar\/88914062d60fda4d73655522543edb68609603692739ecc4ccae497137ad6bdc?s=96&d=mm&r=g","contentUrl":"https:\/\/secure.gravatar.com\/avatar\/88914062d60fda4d73655522543edb68609603692739ecc4ccae497137ad6bdc?s=96&d=mm&r=g","caption":"dorarauseo"},"url":"https:\/\/www.sieber.ch\/it\/blog\/author\/dorarauseo\/"}]}},"_links":{"self":[{"href":"https:\/\/www.sieber.ch\/it\/wp-json\/wp\/v2\/posts\/8474","targetHints":{"allow":["GET"]}}],"collection":[{"href":"https:\/\/www.sieber.ch\/it\/wp-json\/wp\/v2\/posts"}],"about":[{"href":"https:\/\/www.sieber.ch\/it\/wp-json\/wp\/v2\/types\/post"}],"author":[{"embeddable":true,"href":"https:\/\/www.sieber.ch\/it\/wp-json\/wp\/v2\/users\/7"}],"replies":[{"embeddable":true,"href":"https:\/\/www.sieber.ch\/it\/wp-json\/wp\/v2\/comments?post=8474"}],"version-history":[{"count":1,"href":"https:\/\/www.sieber.ch\/it\/wp-json\/wp\/v2\/posts\/8474\/revisions"}],"predecessor-version":[{"id":8475,"href":"https:\/\/www.sieber.ch\/it\/wp-json\/wp\/v2\/posts\/8474\/revisions\/8475"}],"wp:featuredmedia":[{"embeddable":true,"href":"https:\/\/www.sieber.ch\/it\/wp-json\/wp\/v2\/media\/8473"}],"wp:attachment":[{"href":"https:\/\/www.sieber.ch\/it\/wp-json\/wp\/v2\/media?parent=8474"}],"wp:term":[{"taxonomy":"category","embeddable":true,"href":"https:\/\/www.sieber.ch\/it\/wp-json\/wp\/v2\/categories?post=8474"},{"taxonomy":"post_tag","embeddable":true,"href":"https:\/\/www.sieber.ch\/it\/wp-json\/wp\/v2\/tags?post=8474"}],"curies":[{"name":"wp","href":"https:\/\/api.w.org\/{rel}","templated":true}]}}