{"id":7583,"date":"2025-04-23T13:34:23","date_gmt":"2025-04-23T12:34:23","guid":{"rendered":"https:\/\/www.sieber.ch\/?p=7583"},"modified":"2025-07-01T07:23:52","modified_gmt":"2025-07-01T06:23:52","slug":"logistica-internazionale-sotto-i-riflettori-intervista-con-un-esperto","status":"publish","type":"post","link":"https:\/\/www.sieber.ch\/it\/blog\/logistica-internazionale-sotto-i-riflettori-intervista-con-un-esperto\/","title":{"rendered":"Logistica int. sotto i riflettori \u2013 Intervista con un esperto"},"content":{"rendered":"<div class=\"n2_clear\"><ss3-force-full-width data-overflow-x=\"body\" data-horizontal-selector=\"body\"><div class=\"n2-section-smartslider fitvidsignore  n2_clear\" data-ssid=\"105\"><div id=\"n2-ss-105-align\" class=\"n2-ss-align\"><div class=\"n2-padding\"><div id=\"n2-ss-105\" data-creator=\"Smart Slider 3\" data-responsive=\"fullwidth\" class=\"n2-ss-slider n2-ow n2-has-hover n2notransition  \">\n        <div class=\"n2-ss-slider-1 n2_ss__touch_element n2-ow\">\n            <div class=\"n2-ss-slider-2 n2-ow\">\n                                                <div class=\"n2-ss-slider-3 n2-ow\">\n\n                    <div class=\"n2-ss-slide-backgrounds n2-ow-all\"><div class=\"n2-ss-slide-background\" data-public-id=\"1\" data-mode=\"fill\"><div class=\"n2-ss-slide-background-image\" data-blur=\"0\" data-opacity=\"100\" data-x=\"68\" data-y=\"42\" data-alt=\"Woman with glasses in front of a group of people\" data-title=\"\" style=\"--ss-o-pos-x:68%;--ss-o-pos-y:42%\"><picture class=\"skip-lazy\" data-skip-lazy=\"1\"><img decoding=\"async\" src=\"\/\/www.sieber.ch\/wp-content\/uploads\/2025\/04\/iStock-1212987692-scaled.webp\" alt=\"Woman with glasses in front of a group of people\" title=\"\" loading=\"lazy\" class=\"skip-lazy\" data-skip-lazy=\"1\"><\/picture><\/div><div data-color=\"RGBA(0,0,0,0.23)\" style=\"background-color: RGBA(0,0,0,0.23);\" class=\"n2-ss-slide-background-color\" data-overlay=\"1\"><\/div><\/div><\/div>                    <div class=\"n2-ss-slider-4 n2-ow\">\n                        <svg xmlns=\"http:\/\/www.w3.org\/2000\/svg\" viewBox=\"0 0 1200 650\" data-related-device=\"desktopPortrait\" class=\"n2-ow n2-ss-preserve-size n2-ss-preserve-size--slider n2-ss-slide-limiter\"><\/svg><div data-first=\"1\" data-slide-duration=\"0\" data-id=\"128\" data-slide-public-id=\"1\" data-title=\"Services banner\" class=\"n2-ss-slide n2-ow  n2-ss-slide-128\"><div role=\"note\" class=\"n2-ss-slide--focus\" tabindex=\"-1\">Services banner<\/div><div class=\"n2-ss-layers-container n2-ss-slide-limiter n2-ow\"><div class=\"n2-ss-layer n2-ow n-uc-vhnMWOwT2dx6\" data-sstype=\"slide\" data-pm=\"default\"><div class=\"n2-ss-layer n2-ow n-uc-jK4Qls5eLs2O\" data-pm=\"default\" data-sstype=\"content\" data-hasbackground=\"0\"><div class=\"n2-ss-section-main-content n2-ss-layer-with-background n2-ss-layer-content n2-ow n-uc-jK4Qls5eLs2O-inner\"><div class=\"n2-ss-layer n2-ow n-uc-16020c89f10fc\" data-pm=\"normal\" data-sstype=\"layer\"><div id=\"n2-ss-105item1\" class=\"n2-font-89c0603c56ffcf23cbe2a31a6751ddf6-hover   n2-ss-item-content n2-ss-text n2-ow\" style=\"display:block;\">Internationale Logistik<\/div><\/div><div class=\"n2-ss-layer n2-ow n-uc-1fb58216f2057\" data-pm=\"normal\" data-sstype=\"layer\"><div class=\"n2-ss-item-content n2-ss-text n2-ow-all\"><div class=\"\"><p class=\"n2-font-fe5be48eb591f4f3374a2a479eed6dd8-paragraph  n2-style-39612b538396e2fceb18e53ec82d9001-heading  \">Florian Schwizer erkl\u00e4rt, worauf es wirklich ankommt.<\/p>\n<\/div><\/div><\/div><\/div><\/div><\/div><\/div><\/div>                    <\/div>\n\n                                    <\/div>\n            <\/div>\n        <\/div>\n        <\/div><ss3-loader><\/ss3-loader><\/div><\/div><div class=\"n2_clear\"><\/div><\/div><\/ss3-force-full-width><\/div>\n\n\n<div class=\"wp-block-columns fullWidth bgGrey justify-content-center is-layout-flex wp-container-core-columns-is-layout-9d6595d7 wp-block-columns-is-layout-flex\">\n<div class=\"wp-block-column container is-layout-flow wp-block-column-is-layout-flow\">\n<div style=\"height:32px\" aria-hidden=\"true\" class=\"wp-block-spacer\"><\/div>\n\n\n\n<div class=\"wp-block-columns is-layout-flex wp-container-core-columns-is-layout-9d6595d7 wp-block-columns-is-layout-flex\">\n<div class=\"wp-block-column is-vertically-aligned-center is-layout-flow wp-block-column-is-layout-flow\">\n<h2 class=\"wp-block-heading has-large-font-size\">La logistica internazionale \u00e8 molto pi\u00f9 che un semplice trasporto da A a B.<\/h2>\n\n\n\n<p class=\"has-large-font-size\">La logistica internazionale \u00e8 molto pi\u00f9 che un semplice trasporto da A a B.<\/p>\n\n\n\n<p class=\"has-large-font-size\">Soprattutto nelle spedizioni oltremare si nascondono numerosi ostacoli \u2013 dalle soluzioni di trasporto sostenibili alle complesse normative doganali, fino agli obblighi documentali.<\/p>\n\n\n\n<p>In un\u2019intervista con un esperto del gruppo Sieber, emerge chiaramente ci\u00f2 che conta davvero nelle spedizioni internazionali e perch\u00e9 esperienza, competenza e visione d\u2019insieme sono elementi fondamentali.<\/p>\n<\/div>\n<\/div>\n\n\n\n<div style=\"height:32px\" aria-hidden=\"true\" class=\"wp-block-spacer\"><\/div>\n<\/div>\n<\/div>\n\n\n\n<div class=\"wp-block-columns fullWidth bgWhite justify-content-center is-layout-flex wp-container-core-columns-is-layout-9d6595d7 wp-block-columns-is-layout-flex\">\n<div class=\"wp-block-column container is-layout-flow wp-block-column-is-layout-flow\">\n<div style=\"height:100px\" aria-hidden=\"true\" class=\"wp-block-spacer\"><\/div>\n\n\n\n<div class=\"wp-block-columns is-layout-flex wp-container-core-columns-is-layout-9d6595d7 wp-block-columns-is-layout-flex\">\n<div class=\"wp-block-column is-layout-flow wp-block-column-is-layout-flow\">\n<p><em><em><strong>Quali sono le maggiori sfide delle spedizioni internazionali all&#8217;estero che molte aziende sottovalutano?<\/strong><\/em><\/em><\/p>\n\n\n\n<p>Le spedizioni internazionali all&#8217;estero sono un&#8217;impresa complessa in cui giocano molti fattori. Una delle sfide maggiori \u00e8 rappresentata dalle diverse normative, che variano notevolmente da Paese a Paese. Molte aziende sottovalutano l&#8217;importanza di un&#8217;accurata elaborazione degli ordini, di un corretto sdoganamento e di un&#8217;ampia documentazione. Inoltre, eventi imprevisti come disastri naturali o tensioni geopolitiche possono avere un impatto significativo sui trasporti. La scelta del giusto mezzo di trasporto e il calcolo realistico dei costi e dei tempi di consegna sono fondamentali per evitare spiacevoli sorprese.<\/p>\n<\/div>\n<\/div>\n<\/div>\n<\/div>\n\n\n\n<div class=\"wp-block-columns fullWidth bgWhite justify-content-center is-layout-flex wp-container-core-columns-is-layout-9d6595d7 wp-block-columns-is-layout-flex\">\n<div class=\"wp-block-column container is-layout-flow wp-block-column-is-layout-flow\">\n<div class=\"wp-block-columns is-layout-flex wp-container-core-columns-is-layout-9d6595d7 wp-block-columns-is-layout-flex\">\n<div class=\"wp-block-column is-layout-flow wp-block-column-is-layout-flow\">\n<p><em><em><em><strong>Perch\u00e9 gli Incoterms sono cos\u00ec importanti e a cosa devono prestare particolare attenzione le aziende? <\/strong><\/em><\/em><\/em><\/p>\n\n\n\n<p>Gli <a href=\"https:\/\/www.sieber.ch\/wp-content\/uploads\/2025\/04\/INCOTERMS-2020_en.pdf\">Incoterms (International Commercial Terms)<\/a> definiscono la responsabilit\u00e0 e la ripartizione dei costi tra acquirente e venditore per le consegne internazionali. Determinano chi paga i costi di trasporto, chi paga l&#8217;assicurazione e chi si assume il rischio se succede qualcosa durante il trasporto.<\/p>\n\n\n\n<p>Le aziende devono assicurarsi di scegliere gli Incoterms giusti, adatti alla loro specifica transazione, per evitare conflitti successivi. \u00c8 inoltre importante che tutte le parti comprendano le implicazioni degli Incoterms sul processo di consegna, in particolare per quanto riguarda i contratti di trasporto, la responsabilit\u00e0, l&#8217;assicurazione e i dazi doganali.<\/p>\n\n\n\n<p><em>\u00abLa conoscenza degli Incoterms \u00e8 l&#8217;ABC della logistica internazionale: senza di essi nulla funziona bene.\u00bb<\/em><\/p>\n\n\n\n<p>La nostra esperienza ci permette di fornire alle aziende una consulenza competente in questo campo e di garantire che tutti i fattori rilevanti siano presi in considerazione &#8211; una conoscenza essenziale per un&#8217;elaborazione professionale delle spedizioni.<\/p>\n<\/div>\n<\/div>\n<\/div>\n<\/div>\n\n\n\n<div class=\"wp-block-columns fullWidth bgGrey justify-content-center is-layout-flex wp-container-core-columns-is-layout-9d6595d7 wp-block-columns-is-layout-flex\">\n<div class=\"wp-block-column container is-layout-flow wp-block-column-is-layout-flow\">\n<div style=\"height:80px\" aria-hidden=\"true\" class=\"wp-block-spacer\"><\/div>\n\n\n\n<div class=\"wp-block-columns is-layout-flex wp-container-core-columns-is-layout-9d6595d7 wp-block-columns-is-layout-flex\">\n<div class=\"wp-block-column is-vertically-aligned-center is-layout-flow wp-block-column-is-layout-flow\">\n<p><em><em><em><em><strong>Quali sono gli errori tipici che le aziende commettono nelle spedizioni internazionali e come si possono evitare?<\/strong><\/em><\/em><\/em><\/em><\/p>\n\n\n\n<p>Un errore classico \u00e8 rappresentato da una documentazione errata o incompleta e da informazioni non corrette.&nbsp;<\/p>\n\n\n\n<p>Ci\u00f2 pu\u00f2 causare ritardi alla dogana e costi aggiuntivi imprevisti. Le aziende devono assicurarsi che tutti i documenti necessari &#8211; dalle fatture commerciali ai certificati di origine &#8211; siano disponibili correttamente. Anche una conoscenza insufficiente delle normative sull&#8217;import\/export e la mancanza di monitoraggio della catena di fornitura possono causare problemi. \u00c8 inoltre particolarmente importante che il peso e le dimensioni siano indicati correttamente, poich\u00e9 valori errati possono portare al blocco delle spedizioni o, nel peggiore dei casi, al mancato trasporto.<\/p>\n\n\n\n<blockquote class=\"wp-block-quote is-layout-flow wp-block-quote-is-layout-flow\">\n<p class=\"has-text-color has-link-color wp-elements-123d3403367e7d9c51303bc32c827a21\" style=\"color:#0068a0\"><em>\u00abInformazioni errate sul peso o sulle dimensioni possono portare al blocco di un&#8217;intera consegna &#8211; i dati precisi sono essenziali.\u00bb<\/em><\/p>\n<\/blockquote>\n<\/div>\n\n\n\n<div class=\"wp-block-column is-vertically-aligned-center container is-layout-flow wp-block-column-is-layout-flow\">\n<figure class=\"wp-block-image size-full\"><img loading=\"lazy\" decoding=\"async\" width=\"2560\" height=\"1707\" src=\"https:\/\/www.sieber.ch\/wp-content\/uploads\/2025\/03\/iStock-1178130491-scaled.webp\" alt=\"\" class=\"wp-image-7565\" style=\"aspect-ratio:3\/2;object-fit:cover\" srcset=\"https:\/\/www.sieber.ch\/wp-content\/uploads\/2025\/03\/iStock-1178130491-scaled.webp 2560w, https:\/\/www.sieber.ch\/wp-content\/uploads\/2025\/03\/iStock-1178130491-300x200.webp 300w, https:\/\/www.sieber.ch\/wp-content\/uploads\/2025\/03\/iStock-1178130491-1024x683.webp 1024w, https:\/\/www.sieber.ch\/wp-content\/uploads\/2025\/03\/iStock-1178130491-768x512.webp 768w, https:\/\/www.sieber.ch\/wp-content\/uploads\/2025\/03\/iStock-1178130491-1536x1024.webp 1536w, https:\/\/www.sieber.ch\/wp-content\/uploads\/2025\/03\/iStock-1178130491-2048x1365.webp 2048w\" sizes=\"auto, (max-width: 2560px) 100vw, 2560px\" \/><\/figure>\n<\/div>\n<\/div>\n<\/div>\n<\/div>\n\n\n\n<div style=\"height:80px\" aria-hidden=\"true\" class=\"wp-block-spacer\"><\/div>\n\n\n\n<div class=\"wp-block-columns fullWidth bgWhite justify-content-center is-layout-flex wp-container-core-columns-is-layout-9d6595d7 wp-block-columns-is-layout-flex\">\n<div class=\"wp-block-column container is-layout-flow wp-block-column-is-layout-flow\">\n<div class=\"wp-block-columns is-layout-flex wp-container-core-columns-is-layout-9d6595d7 wp-block-columns-is-layout-flex\">\n<div class=\"wp-block-column is-layout-flow wp-block-column-is-layout-flow\">\n<p><em><em><em><em><em><strong>Che ruolo ha l&#8217;impronta di CO2 nel trasporto internazionale e quali sono le alternative sostenibili?<\/strong><\/em><\/em><\/em><\/em><\/em><\/p>\n\n\n\n<p>L&#8217;impronta di CO2 \u00e8 un fattore sempre pi\u00f9 importante nel trasporto internazionale. Il trasporto aereo, in particolare, provoca emissioni elevate, motivo per cui molte aziende si rivolgono sempre pi\u00f9 spesso ad alternative a basse emissioni, come il trasporto marittimo o ferroviario. Inoltre, i programmi di compensazione delle emissioni di anidride carbonica e le soluzioni di logistica verde sono in aumento per promuovere ulteriormente un trasporto rispettoso del clima. Le aziende che danno priorit\u00e0 alle opzioni di trasporto sostenibili non solo contribuiscono attivamente alla tutela dell&#8217;ambiente, ma possono anche sfruttare questo aspetto come un&#8217;importante USP nel loro segmento di attivit\u00e0.<\/p>\n<\/div>\n<\/div>\n<\/div>\n<\/div>\n\n\n\n<div class=\"wp-block-columns fullWidth bgWhite justify-content-center is-layout-flex wp-container-core-columns-is-layout-9d6595d7 wp-block-columns-is-layout-flex\">\n<div class=\"wp-block-column container is-layout-flow wp-block-column-is-layout-flow\">\n<div class=\"wp-block-columns is-layout-flex wp-container-core-columns-is-layout-9d6595d7 wp-block-columns-is-layout-flex\">\n<div class=\"wp-block-column is-layout-flow wp-block-column-is-layout-flow\">\n<p><em><em><em><strong>Perch\u00e9 la scelta del partner logistico giusto \u00e8 fondamentale per il successo delle spedizioni oltreoceano?<\/strong><\/em><\/em><\/em><\/p>\n\n\n\n<p>La scelta del giusto partner logistico \u00e8 fondamentale per il successo delle spedizioni internazionali. Un partner esperto non solo conosce le migliori vie di trasporto, ma garantisce anche il rispetto di tutte le normative internazionali. Riduce al minimo rischi come ritardi, danni o problemi di sdoganamento e offre soluzioni rapide in caso di imprevisti.<\/p>\n\n\n\n<blockquote class=\"wp-block-quote is-layout-flow wp-block-quote-is-layout-flow\">\n<p class=\"has-text-color has-link-color wp-elements-6a001926e1ddee8efc4e6d676ca28041\" style=\"color:#0068a0\"><em><em>\u00abPrezzo e prestazioni devono essere in un rapporto sano: prestare attenzione solo al prezzo pu\u00f2 essere costoso.\u00bb<\/em><\/em><\/p>\n<\/blockquote>\n\n\n\n<p>Una partnership a lungo termine e di fiducia con un fornitore di servizi logistici competente pu\u00f2 non solo aumentare l&#8217;efficienza, ma anche ridurre i costi.<\/p>\n\n\n\n<p>Grazie alla nostra esperienza pluriennale e alle nostre competenze approfondite, aiutiamo le aziende a ottimizzare i loro processi logistici internazionali e a garantire flussi di lavoro fluidi. Perch\u00e9 la giusta scelta del partner logistico fa la differenza!<\/p>\n<\/div>\n<\/div>\n<\/div>\n<\/div>\n\n\n\n<div class=\"wp-block-columns fullWidth bgGrey justify-content-center is-layout-flex wp-container-core-columns-is-layout-9d6595d7 wp-block-columns-is-layout-flex\">\n<div class=\"wp-block-column container is-layout-flow wp-block-column-is-layout-flow\">\n<div class=\"wp-block-columns is-layout-flex wp-container-core-columns-is-layout-9d6595d7 wp-block-columns-is-layout-flex\">\n<div class=\"wp-block-column is-layout-flow wp-block-column-is-layout-flow\">\n<figure class=\"wp-block-image intro fullWidth bgGrey justify-content-center\"><img loading=\"lazy\" decoding=\"async\" width=\"1024\" height=\"576\" src=\"https:\/\/www.sieber.ch\/wp-content\/uploads\/2025\/03\/Florian-Schwizer_final-1-1024x576.jpg\" alt=\"\" class=\"wp-image-7441\" style=\"aspect-ratio:16\/9;object-fit:cover\" srcset=\"https:\/\/www.sieber.ch\/wp-content\/uploads\/2025\/03\/Florian-Schwizer_final-1-1024x576.jpg 1024w, https:\/\/www.sieber.ch\/wp-content\/uploads\/2025\/03\/Florian-Schwizer_final-1-300x169.jpg 300w, https:\/\/www.sieber.ch\/wp-content\/uploads\/2025\/03\/Florian-Schwizer_final-1-768x432.jpg 768w, https:\/\/www.sieber.ch\/wp-content\/uploads\/2025\/03\/Florian-Schwizer_final-1-1536x864.jpg 1536w, https:\/\/www.sieber.ch\/wp-content\/uploads\/2025\/03\/Florian-Schwizer_final-1.jpg 1920w\" sizes=\"auto, (max-width: 1024px) 100vw, 1024px\" \/><\/figure>\n<\/div>\n\n\n\n<div class=\"wp-block-column is-layout-flow wp-block-column-is-layout-flow\">\n<div style=\"height:152px\" aria-hidden=\"true\" class=\"wp-block-spacer\"><\/div>\n\n\n\n<p><strong>Florian Schwizer<\/strong> \u00e8 un esperto nel campo della logistica internazionale con 30 anni di esperienza nel settore. In qualit\u00e0 di responsabile del settore Air &amp; Seafreight del Gruppo Sieber, \u00e8 responsabile delle attivit\u00e0 di trasporto aereo e marittimo a livello mondiale e garantisce il buon funzionamento delle catene di approvvigionamento globali.<\/p>\n<\/div>\n<\/div>\n<\/div>\n<\/div>\n","protected":false},"excerpt":{"rendered":"<p>La logistica internazionale \u00e8 molto pi\u00f9 che un semplice trasporto da A a B. La logistica internazionale \u00e8 molto pi\u00f9<\/p>\n<p><a class=\"wp-block-button__link\" href=\"https:\/\/www.sieber.ch\/it\/blog\/logistica-internazionale-sotto-i-riflettori-intervista-con-un-esperto\/\">Read More&#8230;<\/a><\/p>\n","protected":false},"author":7,"featured_media":7573,"comment_status":"closed","ping_status":"closed","sticky":false,"template":"","format":"standard","meta":{"_acf_changed":false,"footnotes":""},"categories":[109,49],"tags":[],"class_list":["post-7583","post","type-post","status-publish","format-standard","has-post-thumbnail","hentry","category-expert-articles-it","category-news-it"],"acf":[],"yoast_head":"<!-- This site is optimized with the Yoast SEO plugin v27.5 - https:\/\/yoast.com\/product\/yoast-seo-wordpress\/ -->\n<title>Logistica int. sotto i riflettori \u2013 Intervista con un esperto - Sieber Logistics AG<\/title>\n<meta name=\"robots\" content=\"index, follow, max-snippet:-1, max-image-preview:large, max-video-preview:-1\" \/>\n<link rel=\"canonical\" href=\"https:\/\/www.sieber.ch\/it\/blog\/logistica-internazionale-sotto-i-riflettori-intervista-con-un-esperto\/\" \/>\n<meta property=\"og:locale\" content=\"it_IT\" \/>\n<meta property=\"og:type\" content=\"article\" \/>\n<meta property=\"og:title\" content=\"Logistica int. sotto i riflettori \u2013 Intervista con un esperto - Sieber Logistics AG\" \/>\n<meta property=\"og:description\" content=\"La logistica internazionale \u00e8 molto pi\u00f9 che un semplice trasporto da A a B. La logistica internazionale \u00e8 molto pi\u00f9Read More...\" \/>\n<meta property=\"og:url\" content=\"https:\/\/www.sieber.ch\/it\/blog\/logistica-internazionale-sotto-i-riflettori-intervista-con-un-esperto\/\" \/>\n<meta property=\"og:site_name\" content=\"Sieber Logistics AG\" \/>\n<meta property=\"article:publisher\" content=\"https:\/\/www.facebook.com\/sieberlogistics\" \/>\n<meta property=\"article:published_time\" content=\"2025-04-23T12:34:23+00:00\" \/>\n<meta property=\"article:modified_time\" content=\"2025-07-01T06:23:52+00:00\" \/>\n<meta property=\"og:image\" content=\"https:\/\/www.sieber.ch\/wp-content\/uploads\/2025\/04\/iStock-1212987692-scaled.webp\" \/>\n\t<meta property=\"og:image:width\" content=\"2560\" \/>\n\t<meta property=\"og:image:height\" content=\"1377\" \/>\n\t<meta property=\"og:image:type\" content=\"image\/webp\" \/>\n<meta name=\"author\" content=\"dorarauseo\" \/>\n<meta name=\"twitter:card\" content=\"summary_large_image\" \/>\n<meta name=\"twitter:label1\" content=\"Scritto da\" \/>\n\t<meta name=\"twitter:data1\" content=\"dorarauseo\" \/>\n\t<meta name=\"twitter:label2\" content=\"Tempo di lettura stimato\" \/>\n\t<meta name=\"twitter:data2\" content=\"5 minuti\" \/>\n<script type=\"application\/ld+json\" class=\"yoast-schema-graph\">{\"@context\":\"https:\\\/\\\/schema.org\",\"@graph\":[{\"@type\":\"Article\",\"@id\":\"https:\\\/\\\/www.sieber.ch\\\/it\\\/blog\\\/logistica-internazionale-sotto-i-riflettori-intervista-con-un-esperto\\\/#article\",\"isPartOf\":{\"@id\":\"https:\\\/\\\/www.sieber.ch\\\/it\\\/blog\\\/logistica-internazionale-sotto-i-riflettori-intervista-con-un-esperto\\\/\"},\"author\":{\"name\":\"dorarauseo\",\"@id\":\"https:\\\/\\\/www.sieber.ch\\\/it\\\/#\\\/schema\\\/person\\\/d8e023d3e9b655b24a1e20aab0dec5ac\"},\"headline\":\"Logistica int. sotto i riflettori \u2013 Intervista con un esperto\",\"datePublished\":\"2025-04-23T12:34:23+00:00\",\"dateModified\":\"2025-07-01T06:23:52+00:00\",\"mainEntityOfPage\":{\"@id\":\"https:\\\/\\\/www.sieber.ch\\\/it\\\/blog\\\/logistica-internazionale-sotto-i-riflettori-intervista-con-un-esperto\\\/\"},\"wordCount\":798,\"publisher\":{\"@id\":\"https:\\\/\\\/www.sieber.ch\\\/it\\\/#organization\"},\"image\":{\"@id\":\"https:\\\/\\\/www.sieber.ch\\\/it\\\/blog\\\/logistica-internazionale-sotto-i-riflettori-intervista-con-un-esperto\\\/#primaryimage\"},\"thumbnailUrl\":\"https:\\\/\\\/www.sieber.ch\\\/wp-content\\\/uploads\\\/2025\\\/04\\\/iStock-1212987692-scaled.webp\",\"articleSection\":[\"Expert articles\",\"News\"],\"inLanguage\":\"it-IT\"},{\"@type\":\"WebPage\",\"@id\":\"https:\\\/\\\/www.sieber.ch\\\/it\\\/blog\\\/logistica-internazionale-sotto-i-riflettori-intervista-con-un-esperto\\\/\",\"url\":\"https:\\\/\\\/www.sieber.ch\\\/it\\\/blog\\\/logistica-internazionale-sotto-i-riflettori-intervista-con-un-esperto\\\/\",\"name\":\"Logistica int. sotto i riflettori \u2013 Intervista con un esperto - Sieber Logistics AG\",\"isPartOf\":{\"@id\":\"https:\\\/\\\/www.sieber.ch\\\/it\\\/#website\"},\"primaryImageOfPage\":{\"@id\":\"https:\\\/\\\/www.sieber.ch\\\/it\\\/blog\\\/logistica-internazionale-sotto-i-riflettori-intervista-con-un-esperto\\\/#primaryimage\"},\"image\":{\"@id\":\"https:\\\/\\\/www.sieber.ch\\\/it\\\/blog\\\/logistica-internazionale-sotto-i-riflettori-intervista-con-un-esperto\\\/#primaryimage\"},\"thumbnailUrl\":\"https:\\\/\\\/www.sieber.ch\\\/wp-content\\\/uploads\\\/2025\\\/04\\\/iStock-1212987692-scaled.webp\",\"datePublished\":\"2025-04-23T12:34:23+00:00\",\"dateModified\":\"2025-07-01T06:23:52+00:00\",\"breadcrumb\":{\"@id\":\"https:\\\/\\\/www.sieber.ch\\\/it\\\/blog\\\/logistica-internazionale-sotto-i-riflettori-intervista-con-un-esperto\\\/#breadcrumb\"},\"inLanguage\":\"it-IT\",\"potentialAction\":[{\"@type\":\"ReadAction\",\"target\":[\"https:\\\/\\\/www.sieber.ch\\\/it\\\/blog\\\/logistica-internazionale-sotto-i-riflettori-intervista-con-un-esperto\\\/\"]}]},{\"@type\":\"ImageObject\",\"inLanguage\":\"it-IT\",\"@id\":\"https:\\\/\\\/www.sieber.ch\\\/it\\\/blog\\\/logistica-internazionale-sotto-i-riflettori-intervista-con-un-esperto\\\/#primaryimage\",\"url\":\"https:\\\/\\\/www.sieber.ch\\\/wp-content\\\/uploads\\\/2025\\\/04\\\/iStock-1212987692-scaled.webp\",\"contentUrl\":\"https:\\\/\\\/www.sieber.ch\\\/wp-content\\\/uploads\\\/2025\\\/04\\\/iStock-1212987692-scaled.webp\",\"width\":2560,\"height\":1377},{\"@type\":\"BreadcrumbList\",\"@id\":\"https:\\\/\\\/www.sieber.ch\\\/it\\\/blog\\\/logistica-internazionale-sotto-i-riflettori-intervista-con-un-esperto\\\/#breadcrumb\",\"itemListElement\":[{\"@type\":\"ListItem\",\"position\":1,\"name\":\"Home\",\"item\":\"https:\\\/\\\/www.sieber.ch\\\/it\\\/\"},{\"@type\":\"ListItem\",\"position\":2,\"name\":\"Logistica int. sotto i riflettori \u2013 Intervista con un esperto\"}]},{\"@type\":\"WebSite\",\"@id\":\"https:\\\/\\\/www.sieber.ch\\\/it\\\/#website\",\"url\":\"https:\\\/\\\/www.sieber.ch\\\/it\\\/\",\"name\":\"Sieber Transport AG\",\"description\":\"\",\"publisher\":{\"@id\":\"https:\\\/\\\/www.sieber.ch\\\/it\\\/#organization\"},\"potentialAction\":[{\"@type\":\"SearchAction\",\"target\":{\"@type\":\"EntryPoint\",\"urlTemplate\":\"https:\\\/\\\/www.sieber.ch\\\/it\\\/?s={search_term_string}\"},\"query-input\":{\"@type\":\"PropertyValueSpecification\",\"valueRequired\":true,\"valueName\":\"search_term_string\"}}],\"inLanguage\":\"it-IT\"},{\"@type\":\"Organization\",\"@id\":\"https:\\\/\\\/www.sieber.ch\\\/it\\\/#organization\",\"name\":\"Sieber Transport AG\",\"url\":\"https:\\\/\\\/www.sieber.ch\\\/it\\\/\",\"logo\":{\"@type\":\"ImageObject\",\"inLanguage\":\"it-IT\",\"@id\":\"https:\\\/\\\/www.sieber.ch\\\/it\\\/#\\\/schema\\\/logo\\\/image\\\/\",\"url\":\"https:\\\/\\\/www.sieber.ch\\\/wp-content\\\/uploads\\\/2024\\\/01\\\/logo.png\",\"contentUrl\":\"https:\\\/\\\/www.sieber.ch\\\/wp-content\\\/uploads\\\/2024\\\/01\\\/logo.png\",\"width\":1063,\"height\":358,\"caption\":\"Sieber Transport AG\"},\"image\":{\"@id\":\"https:\\\/\\\/www.sieber.ch\\\/it\\\/#\\\/schema\\\/logo\\\/image\\\/\"},\"sameAs\":[\"https:\\\/\\\/www.facebook.com\\\/sieberlogistics\",\"https:\\\/\\\/www.linkedin.com\\\/company\\\/sieberlogistics\\\/\"]},{\"@type\":\"Person\",\"@id\":\"https:\\\/\\\/www.sieber.ch\\\/it\\\/#\\\/schema\\\/person\\\/d8e023d3e9b655b24a1e20aab0dec5ac\",\"name\":\"dorarauseo\",\"image\":{\"@type\":\"ImageObject\",\"inLanguage\":\"it-IT\",\"@id\":\"https:\\\/\\\/secure.gravatar.com\\\/avatar\\\/88914062d60fda4d73655522543edb68609603692739ecc4ccae497137ad6bdc?s=96&d=mm&r=g\",\"url\":\"https:\\\/\\\/secure.gravatar.com\\\/avatar\\\/88914062d60fda4d73655522543edb68609603692739ecc4ccae497137ad6bdc?s=96&d=mm&r=g\",\"contentUrl\":\"https:\\\/\\\/secure.gravatar.com\\\/avatar\\\/88914062d60fda4d73655522543edb68609603692739ecc4ccae497137ad6bdc?s=96&d=mm&r=g\",\"caption\":\"dorarauseo\"},\"url\":\"https:\\\/\\\/www.sieber.ch\\\/it\\\/blog\\\/author\\\/dorarauseo\\\/\"}]}<\/script>\n<!-- \/ Yoast SEO plugin. -->","yoast_head_json":{"title":"Logistica int. sotto i riflettori \u2013 Intervista con un esperto - Sieber Logistics AG","robots":{"index":"index","follow":"follow","max-snippet":"max-snippet:-1","max-image-preview":"max-image-preview:large","max-video-preview":"max-video-preview:-1"},"canonical":"https:\/\/www.sieber.ch\/it\/blog\/logistica-internazionale-sotto-i-riflettori-intervista-con-un-esperto\/","og_locale":"it_IT","og_type":"article","og_title":"Logistica int. sotto i riflettori \u2013 Intervista con un esperto - Sieber Logistics AG","og_description":"La logistica internazionale \u00e8 molto pi\u00f9 che un semplice trasporto da A a B. La logistica internazionale \u00e8 molto pi\u00f9Read More...","og_url":"https:\/\/www.sieber.ch\/it\/blog\/logistica-internazionale-sotto-i-riflettori-intervista-con-un-esperto\/","og_site_name":"Sieber Logistics AG","article_publisher":"https:\/\/www.facebook.com\/sieberlogistics","article_published_time":"2025-04-23T12:34:23+00:00","article_modified_time":"2025-07-01T06:23:52+00:00","og_image":[{"width":2560,"height":1377,"url":"https:\/\/www.sieber.ch\/wp-content\/uploads\/2025\/04\/iStock-1212987692-scaled.webp","type":"image\/webp"}],"author":"dorarauseo","twitter_card":"summary_large_image","twitter_misc":{"Scritto da":"dorarauseo","Tempo di lettura stimato":"5 minuti"},"schema":{"@context":"https:\/\/schema.org","@graph":[{"@type":"Article","@id":"https:\/\/www.sieber.ch\/it\/blog\/logistica-internazionale-sotto-i-riflettori-intervista-con-un-esperto\/#article","isPartOf":{"@id":"https:\/\/www.sieber.ch\/it\/blog\/logistica-internazionale-sotto-i-riflettori-intervista-con-un-esperto\/"},"author":{"name":"dorarauseo","@id":"https:\/\/www.sieber.ch\/it\/#\/schema\/person\/d8e023d3e9b655b24a1e20aab0dec5ac"},"headline":"Logistica int. sotto i riflettori \u2013 Intervista con un esperto","datePublished":"2025-04-23T12:34:23+00:00","dateModified":"2025-07-01T06:23:52+00:00","mainEntityOfPage":{"@id":"https:\/\/www.sieber.ch\/it\/blog\/logistica-internazionale-sotto-i-riflettori-intervista-con-un-esperto\/"},"wordCount":798,"publisher":{"@id":"https:\/\/www.sieber.ch\/it\/#organization"},"image":{"@id":"https:\/\/www.sieber.ch\/it\/blog\/logistica-internazionale-sotto-i-riflettori-intervista-con-un-esperto\/#primaryimage"},"thumbnailUrl":"https:\/\/www.sieber.ch\/wp-content\/uploads\/2025\/04\/iStock-1212987692-scaled.webp","articleSection":["Expert articles","News"],"inLanguage":"it-IT"},{"@type":"WebPage","@id":"https:\/\/www.sieber.ch\/it\/blog\/logistica-internazionale-sotto-i-riflettori-intervista-con-un-esperto\/","url":"https:\/\/www.sieber.ch\/it\/blog\/logistica-internazionale-sotto-i-riflettori-intervista-con-un-esperto\/","name":"Logistica int. sotto i riflettori \u2013 Intervista con un esperto - Sieber Logistics AG","isPartOf":{"@id":"https:\/\/www.sieber.ch\/it\/#website"},"primaryImageOfPage":{"@id":"https:\/\/www.sieber.ch\/it\/blog\/logistica-internazionale-sotto-i-riflettori-intervista-con-un-esperto\/#primaryimage"},"image":{"@id":"https:\/\/www.sieber.ch\/it\/blog\/logistica-internazionale-sotto-i-riflettori-intervista-con-un-esperto\/#primaryimage"},"thumbnailUrl":"https:\/\/www.sieber.ch\/wp-content\/uploads\/2025\/04\/iStock-1212987692-scaled.webp","datePublished":"2025-04-23T12:34:23+00:00","dateModified":"2025-07-01T06:23:52+00:00","breadcrumb":{"@id":"https:\/\/www.sieber.ch\/it\/blog\/logistica-internazionale-sotto-i-riflettori-intervista-con-un-esperto\/#breadcrumb"},"inLanguage":"it-IT","potentialAction":[{"@type":"ReadAction","target":["https:\/\/www.sieber.ch\/it\/blog\/logistica-internazionale-sotto-i-riflettori-intervista-con-un-esperto\/"]}]},{"@type":"ImageObject","inLanguage":"it-IT","@id":"https:\/\/www.sieber.ch\/it\/blog\/logistica-internazionale-sotto-i-riflettori-intervista-con-un-esperto\/#primaryimage","url":"https:\/\/www.sieber.ch\/wp-content\/uploads\/2025\/04\/iStock-1212987692-scaled.webp","contentUrl":"https:\/\/www.sieber.ch\/wp-content\/uploads\/2025\/04\/iStock-1212987692-scaled.webp","width":2560,"height":1377},{"@type":"BreadcrumbList","@id":"https:\/\/www.sieber.ch\/it\/blog\/logistica-internazionale-sotto-i-riflettori-intervista-con-un-esperto\/#breadcrumb","itemListElement":[{"@type":"ListItem","position":1,"name":"Home","item":"https:\/\/www.sieber.ch\/it\/"},{"@type":"ListItem","position":2,"name":"Logistica int. sotto i riflettori \u2013 Intervista con un esperto"}]},{"@type":"WebSite","@id":"https:\/\/www.sieber.ch\/it\/#website","url":"https:\/\/www.sieber.ch\/it\/","name":"Sieber Transport AG","description":"","publisher":{"@id":"https:\/\/www.sieber.ch\/it\/#organization"},"potentialAction":[{"@type":"SearchAction","target":{"@type":"EntryPoint","urlTemplate":"https:\/\/www.sieber.ch\/it\/?s={search_term_string}"},"query-input":{"@type":"PropertyValueSpecification","valueRequired":true,"valueName":"search_term_string"}}],"inLanguage":"it-IT"},{"@type":"Organization","@id":"https:\/\/www.sieber.ch\/it\/#organization","name":"Sieber Transport AG","url":"https:\/\/www.sieber.ch\/it\/","logo":{"@type":"ImageObject","inLanguage":"it-IT","@id":"https:\/\/www.sieber.ch\/it\/#\/schema\/logo\/image\/","url":"https:\/\/www.sieber.ch\/wp-content\/uploads\/2024\/01\/logo.png","contentUrl":"https:\/\/www.sieber.ch\/wp-content\/uploads\/2024\/01\/logo.png","width":1063,"height":358,"caption":"Sieber Transport AG"},"image":{"@id":"https:\/\/www.sieber.ch\/it\/#\/schema\/logo\/image\/"},"sameAs":["https:\/\/www.facebook.com\/sieberlogistics","https:\/\/www.linkedin.com\/company\/sieberlogistics\/"]},{"@type":"Person","@id":"https:\/\/www.sieber.ch\/it\/#\/schema\/person\/d8e023d3e9b655b24a1e20aab0dec5ac","name":"dorarauseo","image":{"@type":"ImageObject","inLanguage":"it-IT","@id":"https:\/\/secure.gravatar.com\/avatar\/88914062d60fda4d73655522543edb68609603692739ecc4ccae497137ad6bdc?s=96&d=mm&r=g","url":"https:\/\/secure.gravatar.com\/avatar\/88914062d60fda4d73655522543edb68609603692739ecc4ccae497137ad6bdc?s=96&d=mm&r=g","contentUrl":"https:\/\/secure.gravatar.com\/avatar\/88914062d60fda4d73655522543edb68609603692739ecc4ccae497137ad6bdc?s=96&d=mm&r=g","caption":"dorarauseo"},"url":"https:\/\/www.sieber.ch\/it\/blog\/author\/dorarauseo\/"}]}},"_links":{"self":[{"href":"https:\/\/www.sieber.ch\/it\/wp-json\/wp\/v2\/posts\/7583","targetHints":{"allow":["GET"]}}],"collection":[{"href":"https:\/\/www.sieber.ch\/it\/wp-json\/wp\/v2\/posts"}],"about":[{"href":"https:\/\/www.sieber.ch\/it\/wp-json\/wp\/v2\/types\/post"}],"author":[{"embeddable":true,"href":"https:\/\/www.sieber.ch\/it\/wp-json\/wp\/v2\/users\/7"}],"replies":[{"embeddable":true,"href":"https:\/\/www.sieber.ch\/it\/wp-json\/wp\/v2\/comments?post=7583"}],"version-history":[{"count":4,"href":"https:\/\/www.sieber.ch\/it\/wp-json\/wp\/v2\/posts\/7583\/revisions"}],"predecessor-version":[{"id":7786,"href":"https:\/\/www.sieber.ch\/it\/wp-json\/wp\/v2\/posts\/7583\/revisions\/7786"}],"wp:featuredmedia":[{"embeddable":true,"href":"https:\/\/www.sieber.ch\/it\/wp-json\/wp\/v2\/media\/7573"}],"wp:attachment":[{"href":"https:\/\/www.sieber.ch\/it\/wp-json\/wp\/v2\/media?parent=7583"}],"wp:term":[{"taxonomy":"category","embeddable":true,"href":"https:\/\/www.sieber.ch\/it\/wp-json\/wp\/v2\/categories?post=7583"},{"taxonomy":"post_tag","embeddable":true,"href":"https:\/\/www.sieber.ch\/it\/wp-json\/wp\/v2\/tags?post=7583"}],"curies":[{"name":"wp","href":"https:\/\/api.w.org\/{rel}","templated":true}]}}