{"id":6875,"date":"2024-12-06T14:53:40","date_gmt":"2024-12-06T14:53:40","guid":{"rendered":"https:\/\/www.sieber.ch\/?p=6875"},"modified":"2024-12-06T15:33:08","modified_gmt":"2024-12-06T15:33:08","slug":"unsere-neuen-esprinter-die-zukunft-der-logistik-ist-elektrisch","status":"publish","type":"post","link":"https:\/\/www.sieber.ch\/it\/blog\/unsere-neuen-esprinter-die-zukunft-der-logistik-ist-elektrisch\/","title":{"rendered":"I nostri nuovi eSprinter: Il futuro della logistica \u00e8 elettrico!"},"content":{"rendered":"<div class=\"n2_clear\"><ss3-force-full-width data-overflow-x=\"body\" data-horizontal-selector=\"body\"><div class=\"n2-section-smartslider fitvidsignore  n2_clear\" data-ssid=\"100\"><div id=\"n2-ss-100-align\" class=\"n2-ss-align\"><div class=\"n2-padding\"><div id=\"n2-ss-100\" data-creator=\"Smart Slider 3\" data-responsive=\"fullwidth\" class=\"n2-ss-slider n2-ow n2-has-hover n2notransition  \">\n        <div class=\"n2-ss-slider-1 n2_ss__touch_element n2-ow\">\n            <div class=\"n2-ss-slider-2 n2-ow\">\n                                                <div class=\"n2-ss-slider-3 n2-ow\">\n\n                    <div class=\"n2-ss-slide-backgrounds n2-ow-all\"><div class=\"n2-ss-slide-background\" data-public-id=\"1\" data-mode=\"fill\"><div class=\"n2-ss-slide-background-image\" data-blur=\"0\" data-opacity=\"100\" data-x=\"38\" data-y=\"77\" data-alt=\"Woman with glasses in front of a group of people\" data-title=\"\" style=\"--ss-o-pos-x:38%;--ss-o-pos-y:77%\"><picture class=\"skip-lazy\" data-skip-lazy=\"1\"><img decoding=\"async\" src=\"\/\/www.sieber.ch\/wp-content\/uploads\/2024\/01\/News-1277948801.webp\" alt=\"Woman with glasses in front of a group of people\" title=\"\" loading=\"lazy\" class=\"skip-lazy\" data-skip-lazy=\"1\"><\/picture><\/div><div data-color=\"RGBA(0,0,0,0.52)\" style=\"background-color: RGBA(0,0,0,0.52);\" class=\"n2-ss-slide-background-color\" data-overlay=\"1\"><\/div><\/div><\/div>                    <div class=\"n2-ss-slider-4 n2-ow\">\n                        <svg xmlns=\"http:\/\/www.w3.org\/2000\/svg\" viewBox=\"0 0 1200 650\" data-related-device=\"desktopPortrait\" class=\"n2-ow n2-ss-preserve-size n2-ss-preserve-size--slider n2-ss-slide-limiter\"><\/svg><div data-first=\"1\" data-slide-duration=\"0\" data-id=\"114\" data-slide-public-id=\"1\" data-title=\"Services banner\" class=\"n2-ss-slide n2-ow  n2-ss-slide-114\"><div role=\"note\" class=\"n2-ss-slide--focus\" tabindex=\"-1\">Services banner<\/div><div class=\"n2-ss-layers-container n2-ss-slide-limiter n2-ow\"><div class=\"n2-ss-layer n2-ow n-uc-pyCH1Mq3YBV5\" data-sstype=\"slide\" data-pm=\"default\"><div class=\"n2-ss-layer n2-ow n-uc-2pUNtEJPFRkA\" data-pm=\"default\" data-sstype=\"content\" data-hasbackground=\"0\"><div class=\"n2-ss-section-main-content n2-ss-layer-with-background n2-ss-layer-content n2-ow n-uc-2pUNtEJPFRkA-inner\"><div class=\"n2-ss-layer n2-ow n-uc-f4gam8jurX0X\" data-pm=\"normal\" data-sstype=\"layer\"><div id=\"n2-ss-100item1\" class=\"n2-font-89c0603c56ffcf23cbe2a31a6751ddf6-hover   n2-ss-item-content n2-ss-text n2-ow\" style=\"display:block;\"><\/div><\/div><\/div><\/div><\/div><\/div><\/div>                    <\/div>\n\n                                    <\/div>\n            <\/div>\n        <\/div>\n        <\/div><ss3-loader><\/ss3-loader><\/div><\/div><div class=\"n2_clear\"><\/div><\/div><\/ss3-force-full-width><\/div>\n\n\n<h2 class=\"wp-block-heading\">I nostri nuovi eSprinter: Il futuro della logistica \u00e8 elettrico!<\/h2>\n\n\n\n<figure class=\"wp-block-embed is-type-video is-provider-youtube wp-block-embed-youtube wp-embed-aspect-16-9 wp-has-aspect-ratio\"><div class=\"wp-block-embed__wrapper\">\n<iframe loading=\"lazy\" title=\"Unsere neuen eSprinter von Mercedes Benz\" width=\"640\" height=\"360\" src=\"https:\/\/www.youtube.com\/embed\/_NH6jgP6sRw?feature=oembed\" frameborder=\"0\" allow=\"accelerometer; autoplay; clipboard-write; encrypted-media; gyroscope; picture-in-picture; web-share\" referrerpolicy=\"strict-origin-when-cross-origin\" allowfullscreen><\/iframe>\n<\/div><\/figure>\n\n\n\n<p>Avete gi\u00e0 sentito i nostri nuovi Sprinter? No? Nemmeno noi! Ma forse li avete gi\u00e0 visti: i nostri 20 nuovissimi eSprinter completamente elettrici di Mercedes-Benz sono ora in circolazione \u2013 e non potremmo essere pi\u00f9 orgogliosi! Come primo fornitore di servizi logistici al mondo, portiamo questa innovazione su strada.<br>Questo passo importante non rappresenta solo l\u2019espansione della nostra flotta elettrica, ma anche un progresso decisivo nella nostra strategia di elettrificazione.<\/p>\n\n\n\n<p><strong>1 milione di chilometri \u2013 Una storia di successo verde<\/strong><br>Dal giugno 2023, abbiamo gi\u00e0 percorso oltre 1 milione di chilometri con la nostra flotta elettrica. Questo dimostra non solo l\u2019affidabilit\u00e0 e le prestazioni eccezionali dei nostri veicoli, ma anche il nostro impegno verso una mobilit\u00e0 sostenibile. E questo \u00e8 solo l\u2019inizio: entro la fine del 2025, prevediamo di raddoppiare le dimensioni della nostra flotta elettrica. Naturalmente, continueremo a puntare sull\u2019eSprinter come elemento centrale della nostra strategia.<\/p>\n\n\n\n<p><strong>Perch\u00e9 scegliere il nuovo eSprinter?<\/strong><br>Il nuovo eSprinter rappresenta la combinazione perfetta di efficienza, autonomia e flessibilit\u00e0. Queste caratteristiche lo rendono un partner indispensabile per realizzare la nostra visione di logistica verde:<\/p>\n\n\n\n<ul class=\"wp-block-list\">\n<li class=\"has-medium-font-size\"><strong>Autonomia:<\/strong> Fino a 380 chilometri di potenza elettrica.<\/li>\n\n\n\n<li class=\"has-medium-font-size\"><strong>Innovativo concetto a tre moduli:<\/strong> Massima flessibilit\u00e0 nella configurazione del volume di carico e dell\u2019autonomia.<\/li>\n\n\n\n<li class=\"has-medium-font-size\"><strong>Digitalizzazione di alto livello:<\/strong> Dotato dell\u2019ultima generazione della tecnologia User Experience (MBUX).<\/li>\n<\/ul>\n\n\n\n<p><strong>Insieme verso un futuro pi\u00f9 sostenibile<\/strong><br>Un grande ringraziamento va al nostro partner MERBAG Veicoli Commerciali, che ci ha accompagnato in questo percorso. Insieme, tracciamo il cammino verso un futuro pi\u00f9 sostenibile \u2013 per i nostri clienti, il nostro ambiente e le generazioni future.<\/p>\n\n\n\n<p>Con i nuovi eSprinter lanciamo un messaggio forte: per una logistica moderna e consapevole delle proprie responsabilit\u00e0. Unitevi a questo cambiamento e scoprite il futuro \u2013 elettrico, efficiente e sostenibile!<\/p>\n","protected":false},"excerpt":{"rendered":"<p>I nostri nuovi eSprinter: Il futuro della logistica \u00e8 elettrico! Avete gi\u00e0 sentito i nostri nuovi Sprinter? No? Nemmeno noi!<\/p>\n<p><a class=\"wp-block-button__link\" href=\"https:\/\/www.sieber.ch\/it\/blog\/unsere-neuen-esprinter-die-zukunft-der-logistik-ist-elektrisch\/\">Read More&#8230;<\/a><\/p>\n","protected":false},"author":7,"featured_media":6860,"comment_status":"closed","ping_status":"closed","sticky":false,"template":"","format":"standard","meta":{"_acf_changed":false,"footnotes":""},"categories":[49],"tags":[],"class_list":["post-6875","post","type-post","status-publish","format-standard","has-post-thumbnail","hentry","category-news-it"],"acf":[],"yoast_head":"<!-- This site is optimized with the Yoast SEO plugin v27.5 - https:\/\/yoast.com\/product\/yoast-seo-wordpress\/ -->\n<title>I nostri nuovi eSprinter: Il futuro della logistica \u00e8 elettrico! - Sieber Logistics AG<\/title>\n<meta name=\"robots\" content=\"index, follow, max-snippet:-1, max-image-preview:large, max-video-preview:-1\" \/>\n<link rel=\"canonical\" href=\"https:\/\/www.sieber.ch\/it\/blog\/unsere-neuen-esprinter-die-zukunft-der-logistik-ist-elektrisch\/\" \/>\n<meta property=\"og:locale\" content=\"it_IT\" \/>\n<meta property=\"og:type\" content=\"article\" \/>\n<meta property=\"og:title\" content=\"I nostri nuovi eSprinter: Il futuro della logistica \u00e8 elettrico! - Sieber Logistics AG\" \/>\n<meta property=\"og:description\" content=\"I nostri nuovi eSprinter: Il futuro della logistica \u00e8 elettrico! Avete gi\u00e0 sentito i nostri nuovi Sprinter? No? Nemmeno noi!Read More...\" \/>\n<meta property=\"og:url\" content=\"https:\/\/www.sieber.ch\/it\/blog\/unsere-neuen-esprinter-die-zukunft-der-logistik-ist-elektrisch\/\" \/>\n<meta property=\"og:site_name\" content=\"Sieber Logistics AG\" \/>\n<meta property=\"article:publisher\" content=\"https:\/\/www.facebook.com\/sieberlogistics\" \/>\n<meta property=\"article:published_time\" content=\"2024-12-06T14:53:40+00:00\" \/>\n<meta property=\"article:modified_time\" content=\"2024-12-06T15:33:08+00:00\" \/>\n<meta property=\"og:image\" content=\"https:\/\/www.sieber.ch\/wp-content\/uploads\/2024\/12\/MB_Sieber_017_reduziert.jpg\" \/>\n\t<meta property=\"og:image:width\" content=\"2000\" \/>\n\t<meta property=\"og:image:height\" content=\"1334\" \/>\n\t<meta property=\"og:image:type\" content=\"image\/jpeg\" \/>\n<meta name=\"author\" content=\"dorarauseo\" \/>\n<meta name=\"twitter:card\" content=\"summary_large_image\" \/>\n<meta name=\"twitter:label1\" content=\"Scritto da\" \/>\n\t<meta name=\"twitter:data1\" content=\"dorarauseo\" \/>\n\t<meta name=\"twitter:label2\" content=\"Tempo di lettura stimato\" \/>\n\t<meta name=\"twitter:data2\" content=\"2 minuti\" \/>\n<script type=\"application\/ld+json\" class=\"yoast-schema-graph\">{\"@context\":\"https:\\\/\\\/schema.org\",\"@graph\":[{\"@type\":\"Article\",\"@id\":\"https:\\\/\\\/www.sieber.ch\\\/it\\\/blog\\\/unsere-neuen-esprinter-die-zukunft-der-logistik-ist-elektrisch\\\/#article\",\"isPartOf\":{\"@id\":\"https:\\\/\\\/www.sieber.ch\\\/it\\\/blog\\\/unsere-neuen-esprinter-die-zukunft-der-logistik-ist-elektrisch\\\/\"},\"author\":{\"name\":\"dorarauseo\",\"@id\":\"https:\\\/\\\/www.sieber.ch\\\/it\\\/#\\\/schema\\\/person\\\/d8e023d3e9b655b24a1e20aab0dec5ac\"},\"headline\":\"I nostri nuovi eSprinter: Il futuro della logistica \u00e8 elettrico!\",\"datePublished\":\"2024-12-06T14:53:40+00:00\",\"dateModified\":\"2024-12-06T15:33:08+00:00\",\"mainEntityOfPage\":{\"@id\":\"https:\\\/\\\/www.sieber.ch\\\/it\\\/blog\\\/unsere-neuen-esprinter-die-zukunft-der-logistik-ist-elektrisch\\\/\"},\"wordCount\":309,\"publisher\":{\"@id\":\"https:\\\/\\\/www.sieber.ch\\\/it\\\/#organization\"},\"image\":{\"@id\":\"https:\\\/\\\/www.sieber.ch\\\/it\\\/blog\\\/unsere-neuen-esprinter-die-zukunft-der-logistik-ist-elektrisch\\\/#primaryimage\"},\"thumbnailUrl\":\"https:\\\/\\\/www.sieber.ch\\\/wp-content\\\/uploads\\\/2024\\\/12\\\/MB_Sieber_017_reduziert.jpg\",\"articleSection\":[\"News\"],\"inLanguage\":\"it-IT\"},{\"@type\":\"WebPage\",\"@id\":\"https:\\\/\\\/www.sieber.ch\\\/it\\\/blog\\\/unsere-neuen-esprinter-die-zukunft-der-logistik-ist-elektrisch\\\/\",\"url\":\"https:\\\/\\\/www.sieber.ch\\\/it\\\/blog\\\/unsere-neuen-esprinter-die-zukunft-der-logistik-ist-elektrisch\\\/\",\"name\":\"I nostri nuovi eSprinter: Il futuro della logistica \u00e8 elettrico! - Sieber Logistics AG\",\"isPartOf\":{\"@id\":\"https:\\\/\\\/www.sieber.ch\\\/it\\\/#website\"},\"primaryImageOfPage\":{\"@id\":\"https:\\\/\\\/www.sieber.ch\\\/it\\\/blog\\\/unsere-neuen-esprinter-die-zukunft-der-logistik-ist-elektrisch\\\/#primaryimage\"},\"image\":{\"@id\":\"https:\\\/\\\/www.sieber.ch\\\/it\\\/blog\\\/unsere-neuen-esprinter-die-zukunft-der-logistik-ist-elektrisch\\\/#primaryimage\"},\"thumbnailUrl\":\"https:\\\/\\\/www.sieber.ch\\\/wp-content\\\/uploads\\\/2024\\\/12\\\/MB_Sieber_017_reduziert.jpg\",\"datePublished\":\"2024-12-06T14:53:40+00:00\",\"dateModified\":\"2024-12-06T15:33:08+00:00\",\"breadcrumb\":{\"@id\":\"https:\\\/\\\/www.sieber.ch\\\/it\\\/blog\\\/unsere-neuen-esprinter-die-zukunft-der-logistik-ist-elektrisch\\\/#breadcrumb\"},\"inLanguage\":\"it-IT\",\"potentialAction\":[{\"@type\":\"ReadAction\",\"target\":[\"https:\\\/\\\/www.sieber.ch\\\/it\\\/blog\\\/unsere-neuen-esprinter-die-zukunft-der-logistik-ist-elektrisch\\\/\"]}]},{\"@type\":\"ImageObject\",\"inLanguage\":\"it-IT\",\"@id\":\"https:\\\/\\\/www.sieber.ch\\\/it\\\/blog\\\/unsere-neuen-esprinter-die-zukunft-der-logistik-ist-elektrisch\\\/#primaryimage\",\"url\":\"https:\\\/\\\/www.sieber.ch\\\/wp-content\\\/uploads\\\/2024\\\/12\\\/MB_Sieber_017_reduziert.jpg\",\"contentUrl\":\"https:\\\/\\\/www.sieber.ch\\\/wp-content\\\/uploads\\\/2024\\\/12\\\/MB_Sieber_017_reduziert.jpg\",\"width\":2000,\"height\":1334},{\"@type\":\"BreadcrumbList\",\"@id\":\"https:\\\/\\\/www.sieber.ch\\\/it\\\/blog\\\/unsere-neuen-esprinter-die-zukunft-der-logistik-ist-elektrisch\\\/#breadcrumb\",\"itemListElement\":[{\"@type\":\"ListItem\",\"position\":1,\"name\":\"Home\",\"item\":\"https:\\\/\\\/www.sieber.ch\\\/it\\\/\"},{\"@type\":\"ListItem\",\"position\":2,\"name\":\"I nostri nuovi eSprinter: Il futuro della logistica \u00e8 elettrico!\"}]},{\"@type\":\"WebSite\",\"@id\":\"https:\\\/\\\/www.sieber.ch\\\/it\\\/#website\",\"url\":\"https:\\\/\\\/www.sieber.ch\\\/it\\\/\",\"name\":\"Sieber Transport AG\",\"description\":\"\",\"publisher\":{\"@id\":\"https:\\\/\\\/www.sieber.ch\\\/it\\\/#organization\"},\"potentialAction\":[{\"@type\":\"SearchAction\",\"target\":{\"@type\":\"EntryPoint\",\"urlTemplate\":\"https:\\\/\\\/www.sieber.ch\\\/it\\\/?s={search_term_string}\"},\"query-input\":{\"@type\":\"PropertyValueSpecification\",\"valueRequired\":true,\"valueName\":\"search_term_string\"}}],\"inLanguage\":\"it-IT\"},{\"@type\":\"Organization\",\"@id\":\"https:\\\/\\\/www.sieber.ch\\\/it\\\/#organization\",\"name\":\"Sieber Transport AG\",\"url\":\"https:\\\/\\\/www.sieber.ch\\\/it\\\/\",\"logo\":{\"@type\":\"ImageObject\",\"inLanguage\":\"it-IT\",\"@id\":\"https:\\\/\\\/www.sieber.ch\\\/it\\\/#\\\/schema\\\/logo\\\/image\\\/\",\"url\":\"https:\\\/\\\/www.sieber.ch\\\/wp-content\\\/uploads\\\/2024\\\/01\\\/logo.png\",\"contentUrl\":\"https:\\\/\\\/www.sieber.ch\\\/wp-content\\\/uploads\\\/2024\\\/01\\\/logo.png\",\"width\":1063,\"height\":358,\"caption\":\"Sieber Transport AG\"},\"image\":{\"@id\":\"https:\\\/\\\/www.sieber.ch\\\/it\\\/#\\\/schema\\\/logo\\\/image\\\/\"},\"sameAs\":[\"https:\\\/\\\/www.facebook.com\\\/sieberlogistics\",\"https:\\\/\\\/www.linkedin.com\\\/company\\\/sieberlogistics\\\/\"]},{\"@type\":\"Person\",\"@id\":\"https:\\\/\\\/www.sieber.ch\\\/it\\\/#\\\/schema\\\/person\\\/d8e023d3e9b655b24a1e20aab0dec5ac\",\"name\":\"dorarauseo\",\"image\":{\"@type\":\"ImageObject\",\"inLanguage\":\"it-IT\",\"@id\":\"https:\\\/\\\/secure.gravatar.com\\\/avatar\\\/88914062d60fda4d73655522543edb68609603692739ecc4ccae497137ad6bdc?s=96&d=mm&r=g\",\"url\":\"https:\\\/\\\/secure.gravatar.com\\\/avatar\\\/88914062d60fda4d73655522543edb68609603692739ecc4ccae497137ad6bdc?s=96&d=mm&r=g\",\"contentUrl\":\"https:\\\/\\\/secure.gravatar.com\\\/avatar\\\/88914062d60fda4d73655522543edb68609603692739ecc4ccae497137ad6bdc?s=96&d=mm&r=g\",\"caption\":\"dorarauseo\"},\"url\":\"https:\\\/\\\/www.sieber.ch\\\/it\\\/blog\\\/author\\\/dorarauseo\\\/\"}]}<\/script>\n<!-- \/ Yoast SEO plugin. -->","yoast_head_json":{"title":"I nostri nuovi eSprinter: Il futuro della logistica \u00e8 elettrico! - Sieber Logistics AG","robots":{"index":"index","follow":"follow","max-snippet":"max-snippet:-1","max-image-preview":"max-image-preview:large","max-video-preview":"max-video-preview:-1"},"canonical":"https:\/\/www.sieber.ch\/it\/blog\/unsere-neuen-esprinter-die-zukunft-der-logistik-ist-elektrisch\/","og_locale":"it_IT","og_type":"article","og_title":"I nostri nuovi eSprinter: Il futuro della logistica \u00e8 elettrico! - Sieber Logistics AG","og_description":"I nostri nuovi eSprinter: Il futuro della logistica \u00e8 elettrico! Avete gi\u00e0 sentito i nostri nuovi Sprinter? No? Nemmeno noi!Read More...","og_url":"https:\/\/www.sieber.ch\/it\/blog\/unsere-neuen-esprinter-die-zukunft-der-logistik-ist-elektrisch\/","og_site_name":"Sieber Logistics AG","article_publisher":"https:\/\/www.facebook.com\/sieberlogistics","article_published_time":"2024-12-06T14:53:40+00:00","article_modified_time":"2024-12-06T15:33:08+00:00","og_image":[{"width":2000,"height":1334,"url":"https:\/\/www.sieber.ch\/wp-content\/uploads\/2024\/12\/MB_Sieber_017_reduziert.jpg","type":"image\/jpeg"}],"author":"dorarauseo","twitter_card":"summary_large_image","twitter_misc":{"Scritto da":"dorarauseo","Tempo di lettura stimato":"2 minuti"},"schema":{"@context":"https:\/\/schema.org","@graph":[{"@type":"Article","@id":"https:\/\/www.sieber.ch\/it\/blog\/unsere-neuen-esprinter-die-zukunft-der-logistik-ist-elektrisch\/#article","isPartOf":{"@id":"https:\/\/www.sieber.ch\/it\/blog\/unsere-neuen-esprinter-die-zukunft-der-logistik-ist-elektrisch\/"},"author":{"name":"dorarauseo","@id":"https:\/\/www.sieber.ch\/it\/#\/schema\/person\/d8e023d3e9b655b24a1e20aab0dec5ac"},"headline":"I nostri nuovi eSprinter: Il futuro della logistica \u00e8 elettrico!","datePublished":"2024-12-06T14:53:40+00:00","dateModified":"2024-12-06T15:33:08+00:00","mainEntityOfPage":{"@id":"https:\/\/www.sieber.ch\/it\/blog\/unsere-neuen-esprinter-die-zukunft-der-logistik-ist-elektrisch\/"},"wordCount":309,"publisher":{"@id":"https:\/\/www.sieber.ch\/it\/#organization"},"image":{"@id":"https:\/\/www.sieber.ch\/it\/blog\/unsere-neuen-esprinter-die-zukunft-der-logistik-ist-elektrisch\/#primaryimage"},"thumbnailUrl":"https:\/\/www.sieber.ch\/wp-content\/uploads\/2024\/12\/MB_Sieber_017_reduziert.jpg","articleSection":["News"],"inLanguage":"it-IT"},{"@type":"WebPage","@id":"https:\/\/www.sieber.ch\/it\/blog\/unsere-neuen-esprinter-die-zukunft-der-logistik-ist-elektrisch\/","url":"https:\/\/www.sieber.ch\/it\/blog\/unsere-neuen-esprinter-die-zukunft-der-logistik-ist-elektrisch\/","name":"I nostri nuovi eSprinter: Il futuro della logistica \u00e8 elettrico! - Sieber Logistics AG","isPartOf":{"@id":"https:\/\/www.sieber.ch\/it\/#website"},"primaryImageOfPage":{"@id":"https:\/\/www.sieber.ch\/it\/blog\/unsere-neuen-esprinter-die-zukunft-der-logistik-ist-elektrisch\/#primaryimage"},"image":{"@id":"https:\/\/www.sieber.ch\/it\/blog\/unsere-neuen-esprinter-die-zukunft-der-logistik-ist-elektrisch\/#primaryimage"},"thumbnailUrl":"https:\/\/www.sieber.ch\/wp-content\/uploads\/2024\/12\/MB_Sieber_017_reduziert.jpg","datePublished":"2024-12-06T14:53:40+00:00","dateModified":"2024-12-06T15:33:08+00:00","breadcrumb":{"@id":"https:\/\/www.sieber.ch\/it\/blog\/unsere-neuen-esprinter-die-zukunft-der-logistik-ist-elektrisch\/#breadcrumb"},"inLanguage":"it-IT","potentialAction":[{"@type":"ReadAction","target":["https:\/\/www.sieber.ch\/it\/blog\/unsere-neuen-esprinter-die-zukunft-der-logistik-ist-elektrisch\/"]}]},{"@type":"ImageObject","inLanguage":"it-IT","@id":"https:\/\/www.sieber.ch\/it\/blog\/unsere-neuen-esprinter-die-zukunft-der-logistik-ist-elektrisch\/#primaryimage","url":"https:\/\/www.sieber.ch\/wp-content\/uploads\/2024\/12\/MB_Sieber_017_reduziert.jpg","contentUrl":"https:\/\/www.sieber.ch\/wp-content\/uploads\/2024\/12\/MB_Sieber_017_reduziert.jpg","width":2000,"height":1334},{"@type":"BreadcrumbList","@id":"https:\/\/www.sieber.ch\/it\/blog\/unsere-neuen-esprinter-die-zukunft-der-logistik-ist-elektrisch\/#breadcrumb","itemListElement":[{"@type":"ListItem","position":1,"name":"Home","item":"https:\/\/www.sieber.ch\/it\/"},{"@type":"ListItem","position":2,"name":"I nostri nuovi eSprinter: Il futuro della logistica \u00e8 elettrico!"}]},{"@type":"WebSite","@id":"https:\/\/www.sieber.ch\/it\/#website","url":"https:\/\/www.sieber.ch\/it\/","name":"Sieber Transport AG","description":"","publisher":{"@id":"https:\/\/www.sieber.ch\/it\/#organization"},"potentialAction":[{"@type":"SearchAction","target":{"@type":"EntryPoint","urlTemplate":"https:\/\/www.sieber.ch\/it\/?s={search_term_string}"},"query-input":{"@type":"PropertyValueSpecification","valueRequired":true,"valueName":"search_term_string"}}],"inLanguage":"it-IT"},{"@type":"Organization","@id":"https:\/\/www.sieber.ch\/it\/#organization","name":"Sieber Transport AG","url":"https:\/\/www.sieber.ch\/it\/","logo":{"@type":"ImageObject","inLanguage":"it-IT","@id":"https:\/\/www.sieber.ch\/it\/#\/schema\/logo\/image\/","url":"https:\/\/www.sieber.ch\/wp-content\/uploads\/2024\/01\/logo.png","contentUrl":"https:\/\/www.sieber.ch\/wp-content\/uploads\/2024\/01\/logo.png","width":1063,"height":358,"caption":"Sieber Transport AG"},"image":{"@id":"https:\/\/www.sieber.ch\/it\/#\/schema\/logo\/image\/"},"sameAs":["https:\/\/www.facebook.com\/sieberlogistics","https:\/\/www.linkedin.com\/company\/sieberlogistics\/"]},{"@type":"Person","@id":"https:\/\/www.sieber.ch\/it\/#\/schema\/person\/d8e023d3e9b655b24a1e20aab0dec5ac","name":"dorarauseo","image":{"@type":"ImageObject","inLanguage":"it-IT","@id":"https:\/\/secure.gravatar.com\/avatar\/88914062d60fda4d73655522543edb68609603692739ecc4ccae497137ad6bdc?s=96&d=mm&r=g","url":"https:\/\/secure.gravatar.com\/avatar\/88914062d60fda4d73655522543edb68609603692739ecc4ccae497137ad6bdc?s=96&d=mm&r=g","contentUrl":"https:\/\/secure.gravatar.com\/avatar\/88914062d60fda4d73655522543edb68609603692739ecc4ccae497137ad6bdc?s=96&d=mm&r=g","caption":"dorarauseo"},"url":"https:\/\/www.sieber.ch\/it\/blog\/author\/dorarauseo\/"}]}},"_links":{"self":[{"href":"https:\/\/www.sieber.ch\/it\/wp-json\/wp\/v2\/posts\/6875","targetHints":{"allow":["GET"]}}],"collection":[{"href":"https:\/\/www.sieber.ch\/it\/wp-json\/wp\/v2\/posts"}],"about":[{"href":"https:\/\/www.sieber.ch\/it\/wp-json\/wp\/v2\/types\/post"}],"author":[{"embeddable":true,"href":"https:\/\/www.sieber.ch\/it\/wp-json\/wp\/v2\/users\/7"}],"replies":[{"embeddable":true,"href":"https:\/\/www.sieber.ch\/it\/wp-json\/wp\/v2\/comments?post=6875"}],"version-history":[{"count":2,"href":"https:\/\/www.sieber.ch\/it\/wp-json\/wp\/v2\/posts\/6875\/revisions"}],"predecessor-version":[{"id":6877,"href":"https:\/\/www.sieber.ch\/it\/wp-json\/wp\/v2\/posts\/6875\/revisions\/6877"}],"wp:featuredmedia":[{"embeddable":true,"href":"https:\/\/www.sieber.ch\/it\/wp-json\/wp\/v2\/media\/6860"}],"wp:attachment":[{"href":"https:\/\/www.sieber.ch\/it\/wp-json\/wp\/v2\/media?parent=6875"}],"wp:term":[{"taxonomy":"category","embeddable":true,"href":"https:\/\/www.sieber.ch\/it\/wp-json\/wp\/v2\/categories?post=6875"},{"taxonomy":"post_tag","embeddable":true,"href":"https:\/\/www.sieber.ch\/it\/wp-json\/wp\/v2\/tags?post=6875"}],"curies":[{"name":"wp","href":"https:\/\/api.w.org\/{rel}","templated":true}]}}