{"id":6749,"date":"2024-11-26T14:56:57","date_gmt":"2024-11-26T14:56:57","guid":{"rendered":"https:\/\/www.sieber.ch\/?p=6749"},"modified":"2024-12-06T15:07:53","modified_gmt":"2024-12-06T15:07:53","slug":"sieber-e-raben-due-reti-forti-uniscono-le-forze","status":"publish","type":"post","link":"https:\/\/www.sieber.ch\/it\/blog\/sieber-e-raben-due-reti-forti-uniscono-le-forze\/","title":{"rendered":"Sieber e Raben: Due reti forti uniscono le forze\u00a0"},"content":{"rendered":"<div class=\"n2_clear\"><ss3-force-full-width data-overflow-x=\"body\" data-horizontal-selector=\"body\"><div class=\"n2-section-smartslider fitvidsignore  n2_clear\" data-ssid=\"100\"><div id=\"n2-ss-100-align\" class=\"n2-ss-align\"><div class=\"n2-padding\"><div id=\"n2-ss-100\" data-creator=\"Smart Slider 3\" data-responsive=\"fullwidth\" class=\"n2-ss-slider n2-ow n2-has-hover n2notransition  \">\n        <div class=\"n2-ss-slider-1 n2_ss__touch_element n2-ow\">\n            <div class=\"n2-ss-slider-2 n2-ow\">\n                                                <div class=\"n2-ss-slider-3 n2-ow\">\n\n                    <div class=\"n2-ss-slide-backgrounds n2-ow-all\"><div class=\"n2-ss-slide-background\" data-public-id=\"1\" data-mode=\"fill\"><div class=\"n2-ss-slide-background-image\" data-blur=\"0\" data-opacity=\"100\" data-x=\"38\" data-y=\"77\" data-alt=\"Woman with glasses in front of a group of people\" data-title=\"\" style=\"--ss-o-pos-x:38%;--ss-o-pos-y:77%\"><picture class=\"skip-lazy\" data-skip-lazy=\"1\"><img decoding=\"async\" src=\"\/\/www.sieber.ch\/wp-content\/uploads\/2024\/01\/News-1277948801.webp\" alt=\"Woman with glasses in front of a group of people\" title=\"\" loading=\"lazy\" class=\"skip-lazy\" data-skip-lazy=\"1\"><\/picture><\/div><div data-color=\"RGBA(0,0,0,0.52)\" style=\"background-color: RGBA(0,0,0,0.52);\" class=\"n2-ss-slide-background-color\" data-overlay=\"1\"><\/div><\/div><\/div>                    <div class=\"n2-ss-slider-4 n2-ow\">\n                        <svg xmlns=\"http:\/\/www.w3.org\/2000\/svg\" viewBox=\"0 0 1200 650\" data-related-device=\"desktopPortrait\" class=\"n2-ow n2-ss-preserve-size n2-ss-preserve-size--slider n2-ss-slide-limiter\"><\/svg><div data-first=\"1\" data-slide-duration=\"0\" data-id=\"114\" data-slide-public-id=\"1\" data-title=\"Services banner\" class=\"n2-ss-slide n2-ow  n2-ss-slide-114\"><div role=\"note\" class=\"n2-ss-slide--focus\" tabindex=\"-1\">Services banner<\/div><div class=\"n2-ss-layers-container n2-ss-slide-limiter n2-ow\"><div class=\"n2-ss-layer n2-ow n-uc-pyCH1Mq3YBV5\" data-sstype=\"slide\" data-pm=\"default\"><div class=\"n2-ss-layer n2-ow n-uc-2pUNtEJPFRkA\" data-pm=\"default\" data-sstype=\"content\" data-hasbackground=\"0\"><div class=\"n2-ss-section-main-content n2-ss-layer-with-background n2-ss-layer-content n2-ow n-uc-2pUNtEJPFRkA-inner\"><div class=\"n2-ss-layer n2-ow n-uc-f4gam8jurX0X\" data-pm=\"normal\" data-sstype=\"layer\"><div id=\"n2-ss-100item1\" class=\"n2-font-89c0603c56ffcf23cbe2a31a6751ddf6-hover   n2-ss-item-content n2-ss-text n2-ow\" style=\"display:block;\"><\/div><\/div><\/div><\/div><\/div><\/div><\/div>                    <\/div>\n\n                                    <\/div>\n            <\/div>\n        <\/div>\n        <\/div><ss3-loader><\/ss3-loader><\/div><\/div><div class=\"n2_clear\"><\/div><\/div><\/ss3-force-full-width><\/div>\n\n\n<figure class=\"wp-block-image size-large\"><img loading=\"lazy\" decoding=\"async\" width=\"1024\" height=\"576\" src=\"https:\/\/www.sieber.ch\/wp-content\/uploads\/2024\/11\/Foto-Saentis-1024x576.jpg\" alt=\"\" class=\"wp-image-6743\" srcset=\"https:\/\/www.sieber.ch\/wp-content\/uploads\/2024\/11\/Foto-Saentis-1024x576.jpg 1024w, https:\/\/www.sieber.ch\/wp-content\/uploads\/2024\/11\/Foto-Saentis-300x169.jpg 300w, https:\/\/www.sieber.ch\/wp-content\/uploads\/2024\/11\/Foto-Saentis-768x432.jpg 768w, https:\/\/www.sieber.ch\/wp-content\/uploads\/2024\/11\/Foto-Saentis-1536x864.jpg 1536w, https:\/\/www.sieber.ch\/wp-content\/uploads\/2024\/11\/Foto-Saentis.jpg 1920w\" sizes=\"auto, (max-width: 1024px) 100vw, 1024px\" \/><\/figure>\n\n\n\n<h2 class=\"wp-block-heading\">Sieber e Raben: Due reti forti uniscono le forze&nbsp;<\/h2>\n\n\n\n<p>Sieber Transport AG e il Gruppo Raben uniscono le loro reti e fondano Raben Sieber AG, che dal 1\u00b0 marzo 2025 rilever\u00e0 la nostra attivit\u00e0 di trasporto groupage. In qualit\u00e0 di azionista, resteremo strettamente legati a Raben Sieber AG.&nbsp;<\/p>\n\n\n\n<p>Christian Sieber, CEO di Sieber: \u201cCon la fondazione di Raben Sieber AG creiamo sinergie e opportunit\u00e0 a vantaggio dei nostri clienti in Svizzera e in Europa. Questo passo \u00e8 una parte essenziale della strategia aziendale di Sieber e crea opportunit\u00e0 per noi di servire le esigenze dei clienti in modo efficiente e flessibile in un contesto di mercato in continua evoluzione.\u201d&nbsp;<\/p>\n\n\n\n<p>Mentre i clienti del trasporto groupage saranno serviti da Raben Sieber AG a partire dal 1\u00b0 marzo 2025, ci concentreremo sulle nostre quattro linee di prodotto:&nbsp;<\/p>\n\n\n\n<ul class=\"has-medium-font-size wp-block-list\">\n<li><a href=\"https:\/\/www.sieber.ch\/it\/soluzioni\/inbound-solutions\/\" target=\"_blank\" rel=\"noreferrer noopener\">Inbound Solutions<\/a>: concetti di approvvigionamento efficienti per il commercio e l&#8217;industria &#8211; a livello regionale, nazionale e globale.&nbsp;<\/li>\n<\/ul>\n\n\n\n<ul class=\"has-medium-font-size wp-block-list\">\n<li><a href=\"https:\/\/www.sieber.ch\/it\/soluzioni\/outbound-solutions\/\" target=\"_blank\" rel=\"noreferrer noopener\">Soluzioni Outbound<\/a>: soluzioni di distribuzione multicanale con servizi a valore aggiunto come magazzinaggio e spedizione.&nbsp;<\/li>\n<\/ul>\n\n\n\n<ul class=\"has-medium-font-size wp-block-list\">\n<li><a href=\"https:\/\/www.sieber.ch\/it\/soluzioni\/home-solutions\/\" target=\"_blank\" rel=\"noreferrer noopener\">Soluzioni per la casa<\/a>: logistica B2C completa con servizi aggiuntivi come l&#8217;assemblaggio e il riciclaggio.&nbsp;<\/li>\n<\/ul>\n\n\n\n<ul class=\"has-medium-font-size wp-block-list\">\n<li><a href=\"https:\/\/www.sieber.ch\/it\/soluzioni\/asset-solutions\/\" target=\"_blank\" rel=\"noreferrer noopener\">Asset Solutions<\/a>: gestione completa di flotte di attrezzature e concetti logistici personalizzati.&nbsp;<\/li>\n<\/ul>\n\n\n\n<p>I dipendenti delle aree interessate saranno trasferiti alla nuova societ\u00e0, mantenendo tutti i posti di lavoro.&nbsp;<\/p>\n\n\n\n<p>Guardiamo al futuro e saremo lieti di rispondere a tutte le vostre domande.&nbsp;<\/p>\n\n\n\n<p><\/p>\n","protected":false},"excerpt":{"rendered":"<p>Sieber e Raben: Due reti forti uniscono le forze&nbsp; Sieber Transport AG e il Gruppo Raben uniscono le loro reti<\/p>\n<p><a class=\"wp-block-button__link\" href=\"https:\/\/www.sieber.ch\/it\/blog\/sieber-e-raben-due-reti-forti-uniscono-le-forze\/\">Read More&#8230;<\/a><\/p>\n","protected":false},"author":7,"featured_media":6746,"comment_status":"closed","ping_status":"closed","sticky":false,"template":"","format":"standard","meta":{"_acf_changed":false,"footnotes":""},"categories":[49],"tags":[],"class_list":["post-6749","post","type-post","status-publish","format-standard","has-post-thumbnail","hentry","category-news-it"],"acf":[],"yoast_head":"<!-- This site is optimized with the Yoast SEO plugin v27.5 - https:\/\/yoast.com\/product\/yoast-seo-wordpress\/ -->\n<title>Sieber e Raben: Due reti forti uniscono le forze\u00a0 - Sieber Logistics AG<\/title>\n<meta name=\"robots\" content=\"index, follow, max-snippet:-1, max-image-preview:large, max-video-preview:-1\" \/>\n<link rel=\"canonical\" href=\"https:\/\/www.sieber.ch\/it\/blog\/sieber-e-raben-due-reti-forti-uniscono-le-forze\/\" \/>\n<meta property=\"og:locale\" content=\"it_IT\" \/>\n<meta property=\"og:type\" content=\"article\" \/>\n<meta property=\"og:title\" content=\"Sieber e Raben: Due reti forti uniscono le forze\u00a0 - Sieber Logistics AG\" \/>\n<meta property=\"og:description\" content=\"Sieber e Raben: Due reti forti uniscono le forze&nbsp; Sieber Transport AG e il Gruppo Raben uniscono le loro retiRead More...\" \/>\n<meta property=\"og:url\" content=\"https:\/\/www.sieber.ch\/it\/blog\/sieber-e-raben-due-reti-forti-uniscono-le-forze\/\" \/>\n<meta property=\"og:site_name\" content=\"Sieber Logistics AG\" \/>\n<meta property=\"article:publisher\" content=\"https:\/\/www.facebook.com\/sieberlogistics\" \/>\n<meta property=\"article:published_time\" content=\"2024-11-26T14:56:57+00:00\" \/>\n<meta property=\"article:modified_time\" content=\"2024-12-06T15:07:53+00:00\" \/>\n<meta property=\"og:image\" content=\"https:\/\/www.sieber.ch\/wp-content\/uploads\/2024\/11\/Foto-Saentis.jpg\" \/>\n\t<meta property=\"og:image:width\" content=\"1920\" \/>\n\t<meta property=\"og:image:height\" content=\"1080\" \/>\n\t<meta property=\"og:image:type\" content=\"image\/jpeg\" \/>\n<meta name=\"author\" content=\"dorarauseo\" \/>\n<meta name=\"twitter:card\" content=\"summary_large_image\" \/>\n<meta name=\"twitter:label1\" content=\"Scritto da\" \/>\n\t<meta name=\"twitter:data1\" content=\"dorarauseo\" \/>\n\t<meta name=\"twitter:label2\" content=\"Tempo di lettura stimato\" \/>\n\t<meta name=\"twitter:data2\" content=\"2 minuti\" \/>\n<script type=\"application\/ld+json\" class=\"yoast-schema-graph\">{\"@context\":\"https:\\\/\\\/schema.org\",\"@graph\":[{\"@type\":\"Article\",\"@id\":\"https:\\\/\\\/www.sieber.ch\\\/it\\\/blog\\\/sieber-e-raben-due-reti-forti-uniscono-le-forze\\\/#article\",\"isPartOf\":{\"@id\":\"https:\\\/\\\/www.sieber.ch\\\/it\\\/blog\\\/sieber-e-raben-due-reti-forti-uniscono-le-forze\\\/\"},\"author\":{\"name\":\"dorarauseo\",\"@id\":\"https:\\\/\\\/www.sieber.ch\\\/it\\\/#\\\/schema\\\/person\\\/d8e023d3e9b655b24a1e20aab0dec5ac\"},\"headline\":\"Sieber e Raben: Due reti forti uniscono le forze\u00a0\",\"datePublished\":\"2024-11-26T14:56:57+00:00\",\"dateModified\":\"2024-12-06T15:07:53+00:00\",\"mainEntityOfPage\":{\"@id\":\"https:\\\/\\\/www.sieber.ch\\\/it\\\/blog\\\/sieber-e-raben-due-reti-forti-uniscono-le-forze\\\/\"},\"wordCount\":243,\"publisher\":{\"@id\":\"https:\\\/\\\/www.sieber.ch\\\/it\\\/#organization\"},\"image\":{\"@id\":\"https:\\\/\\\/www.sieber.ch\\\/it\\\/blog\\\/sieber-e-raben-due-reti-forti-uniscono-le-forze\\\/#primaryimage\"},\"thumbnailUrl\":\"https:\\\/\\\/www.sieber.ch\\\/wp-content\\\/uploads\\\/2024\\\/11\\\/Foto-Saentis.jpg\",\"articleSection\":[\"News\"],\"inLanguage\":\"it-IT\"},{\"@type\":\"WebPage\",\"@id\":\"https:\\\/\\\/www.sieber.ch\\\/it\\\/blog\\\/sieber-e-raben-due-reti-forti-uniscono-le-forze\\\/\",\"url\":\"https:\\\/\\\/www.sieber.ch\\\/it\\\/blog\\\/sieber-e-raben-due-reti-forti-uniscono-le-forze\\\/\",\"name\":\"Sieber e Raben: Due reti forti uniscono le forze\u00a0 - Sieber Logistics AG\",\"isPartOf\":{\"@id\":\"https:\\\/\\\/www.sieber.ch\\\/it\\\/#website\"},\"primaryImageOfPage\":{\"@id\":\"https:\\\/\\\/www.sieber.ch\\\/it\\\/blog\\\/sieber-e-raben-due-reti-forti-uniscono-le-forze\\\/#primaryimage\"},\"image\":{\"@id\":\"https:\\\/\\\/www.sieber.ch\\\/it\\\/blog\\\/sieber-e-raben-due-reti-forti-uniscono-le-forze\\\/#primaryimage\"},\"thumbnailUrl\":\"https:\\\/\\\/www.sieber.ch\\\/wp-content\\\/uploads\\\/2024\\\/11\\\/Foto-Saentis.jpg\",\"datePublished\":\"2024-11-26T14:56:57+00:00\",\"dateModified\":\"2024-12-06T15:07:53+00:00\",\"breadcrumb\":{\"@id\":\"https:\\\/\\\/www.sieber.ch\\\/it\\\/blog\\\/sieber-e-raben-due-reti-forti-uniscono-le-forze\\\/#breadcrumb\"},\"inLanguage\":\"it-IT\",\"potentialAction\":[{\"@type\":\"ReadAction\",\"target\":[\"https:\\\/\\\/www.sieber.ch\\\/it\\\/blog\\\/sieber-e-raben-due-reti-forti-uniscono-le-forze\\\/\"]}]},{\"@type\":\"ImageObject\",\"inLanguage\":\"it-IT\",\"@id\":\"https:\\\/\\\/www.sieber.ch\\\/it\\\/blog\\\/sieber-e-raben-due-reti-forti-uniscono-le-forze\\\/#primaryimage\",\"url\":\"https:\\\/\\\/www.sieber.ch\\\/wp-content\\\/uploads\\\/2024\\\/11\\\/Foto-Saentis.jpg\",\"contentUrl\":\"https:\\\/\\\/www.sieber.ch\\\/wp-content\\\/uploads\\\/2024\\\/11\\\/Foto-Saentis.jpg\",\"width\":1920,\"height\":1080},{\"@type\":\"BreadcrumbList\",\"@id\":\"https:\\\/\\\/www.sieber.ch\\\/it\\\/blog\\\/sieber-e-raben-due-reti-forti-uniscono-le-forze\\\/#breadcrumb\",\"itemListElement\":[{\"@type\":\"ListItem\",\"position\":1,\"name\":\"Home\",\"item\":\"https:\\\/\\\/www.sieber.ch\\\/it\\\/\"},{\"@type\":\"ListItem\",\"position\":2,\"name\":\"Sieber e Raben: Due reti forti uniscono le forze\u00a0\"}]},{\"@type\":\"WebSite\",\"@id\":\"https:\\\/\\\/www.sieber.ch\\\/it\\\/#website\",\"url\":\"https:\\\/\\\/www.sieber.ch\\\/it\\\/\",\"name\":\"Sieber Transport AG\",\"description\":\"\",\"publisher\":{\"@id\":\"https:\\\/\\\/www.sieber.ch\\\/it\\\/#organization\"},\"potentialAction\":[{\"@type\":\"SearchAction\",\"target\":{\"@type\":\"EntryPoint\",\"urlTemplate\":\"https:\\\/\\\/www.sieber.ch\\\/it\\\/?s={search_term_string}\"},\"query-input\":{\"@type\":\"PropertyValueSpecification\",\"valueRequired\":true,\"valueName\":\"search_term_string\"}}],\"inLanguage\":\"it-IT\"},{\"@type\":\"Organization\",\"@id\":\"https:\\\/\\\/www.sieber.ch\\\/it\\\/#organization\",\"name\":\"Sieber Transport AG\",\"url\":\"https:\\\/\\\/www.sieber.ch\\\/it\\\/\",\"logo\":{\"@type\":\"ImageObject\",\"inLanguage\":\"it-IT\",\"@id\":\"https:\\\/\\\/www.sieber.ch\\\/it\\\/#\\\/schema\\\/logo\\\/image\\\/\",\"url\":\"https:\\\/\\\/www.sieber.ch\\\/wp-content\\\/uploads\\\/2024\\\/01\\\/logo.png\",\"contentUrl\":\"https:\\\/\\\/www.sieber.ch\\\/wp-content\\\/uploads\\\/2024\\\/01\\\/logo.png\",\"width\":1063,\"height\":358,\"caption\":\"Sieber Transport AG\"},\"image\":{\"@id\":\"https:\\\/\\\/www.sieber.ch\\\/it\\\/#\\\/schema\\\/logo\\\/image\\\/\"},\"sameAs\":[\"https:\\\/\\\/www.facebook.com\\\/sieberlogistics\",\"https:\\\/\\\/www.linkedin.com\\\/company\\\/sieberlogistics\\\/\"]},{\"@type\":\"Person\",\"@id\":\"https:\\\/\\\/www.sieber.ch\\\/it\\\/#\\\/schema\\\/person\\\/d8e023d3e9b655b24a1e20aab0dec5ac\",\"name\":\"dorarauseo\",\"image\":{\"@type\":\"ImageObject\",\"inLanguage\":\"it-IT\",\"@id\":\"https:\\\/\\\/secure.gravatar.com\\\/avatar\\\/88914062d60fda4d73655522543edb68609603692739ecc4ccae497137ad6bdc?s=96&d=mm&r=g\",\"url\":\"https:\\\/\\\/secure.gravatar.com\\\/avatar\\\/88914062d60fda4d73655522543edb68609603692739ecc4ccae497137ad6bdc?s=96&d=mm&r=g\",\"contentUrl\":\"https:\\\/\\\/secure.gravatar.com\\\/avatar\\\/88914062d60fda4d73655522543edb68609603692739ecc4ccae497137ad6bdc?s=96&d=mm&r=g\",\"caption\":\"dorarauseo\"},\"url\":\"https:\\\/\\\/www.sieber.ch\\\/it\\\/blog\\\/author\\\/dorarauseo\\\/\"}]}<\/script>\n<!-- \/ Yoast SEO plugin. -->","yoast_head_json":{"title":"Sieber e Raben: Due reti forti uniscono le forze\u00a0 - Sieber Logistics AG","robots":{"index":"index","follow":"follow","max-snippet":"max-snippet:-1","max-image-preview":"max-image-preview:large","max-video-preview":"max-video-preview:-1"},"canonical":"https:\/\/www.sieber.ch\/it\/blog\/sieber-e-raben-due-reti-forti-uniscono-le-forze\/","og_locale":"it_IT","og_type":"article","og_title":"Sieber e Raben: Due reti forti uniscono le forze\u00a0 - Sieber Logistics AG","og_description":"Sieber e Raben: Due reti forti uniscono le forze&nbsp; Sieber Transport AG e il Gruppo Raben uniscono le loro retiRead More...","og_url":"https:\/\/www.sieber.ch\/it\/blog\/sieber-e-raben-due-reti-forti-uniscono-le-forze\/","og_site_name":"Sieber Logistics AG","article_publisher":"https:\/\/www.facebook.com\/sieberlogistics","article_published_time":"2024-11-26T14:56:57+00:00","article_modified_time":"2024-12-06T15:07:53+00:00","og_image":[{"width":1920,"height":1080,"url":"https:\/\/www.sieber.ch\/wp-content\/uploads\/2024\/11\/Foto-Saentis.jpg","type":"image\/jpeg"}],"author":"dorarauseo","twitter_card":"summary_large_image","twitter_misc":{"Scritto da":"dorarauseo","Tempo di lettura stimato":"2 minuti"},"schema":{"@context":"https:\/\/schema.org","@graph":[{"@type":"Article","@id":"https:\/\/www.sieber.ch\/it\/blog\/sieber-e-raben-due-reti-forti-uniscono-le-forze\/#article","isPartOf":{"@id":"https:\/\/www.sieber.ch\/it\/blog\/sieber-e-raben-due-reti-forti-uniscono-le-forze\/"},"author":{"name":"dorarauseo","@id":"https:\/\/www.sieber.ch\/it\/#\/schema\/person\/d8e023d3e9b655b24a1e20aab0dec5ac"},"headline":"Sieber e Raben: Due reti forti uniscono le forze\u00a0","datePublished":"2024-11-26T14:56:57+00:00","dateModified":"2024-12-06T15:07:53+00:00","mainEntityOfPage":{"@id":"https:\/\/www.sieber.ch\/it\/blog\/sieber-e-raben-due-reti-forti-uniscono-le-forze\/"},"wordCount":243,"publisher":{"@id":"https:\/\/www.sieber.ch\/it\/#organization"},"image":{"@id":"https:\/\/www.sieber.ch\/it\/blog\/sieber-e-raben-due-reti-forti-uniscono-le-forze\/#primaryimage"},"thumbnailUrl":"https:\/\/www.sieber.ch\/wp-content\/uploads\/2024\/11\/Foto-Saentis.jpg","articleSection":["News"],"inLanguage":"it-IT"},{"@type":"WebPage","@id":"https:\/\/www.sieber.ch\/it\/blog\/sieber-e-raben-due-reti-forti-uniscono-le-forze\/","url":"https:\/\/www.sieber.ch\/it\/blog\/sieber-e-raben-due-reti-forti-uniscono-le-forze\/","name":"Sieber e Raben: Due reti forti uniscono le forze\u00a0 - Sieber Logistics AG","isPartOf":{"@id":"https:\/\/www.sieber.ch\/it\/#website"},"primaryImageOfPage":{"@id":"https:\/\/www.sieber.ch\/it\/blog\/sieber-e-raben-due-reti-forti-uniscono-le-forze\/#primaryimage"},"image":{"@id":"https:\/\/www.sieber.ch\/it\/blog\/sieber-e-raben-due-reti-forti-uniscono-le-forze\/#primaryimage"},"thumbnailUrl":"https:\/\/www.sieber.ch\/wp-content\/uploads\/2024\/11\/Foto-Saentis.jpg","datePublished":"2024-11-26T14:56:57+00:00","dateModified":"2024-12-06T15:07:53+00:00","breadcrumb":{"@id":"https:\/\/www.sieber.ch\/it\/blog\/sieber-e-raben-due-reti-forti-uniscono-le-forze\/#breadcrumb"},"inLanguage":"it-IT","potentialAction":[{"@type":"ReadAction","target":["https:\/\/www.sieber.ch\/it\/blog\/sieber-e-raben-due-reti-forti-uniscono-le-forze\/"]}]},{"@type":"ImageObject","inLanguage":"it-IT","@id":"https:\/\/www.sieber.ch\/it\/blog\/sieber-e-raben-due-reti-forti-uniscono-le-forze\/#primaryimage","url":"https:\/\/www.sieber.ch\/wp-content\/uploads\/2024\/11\/Foto-Saentis.jpg","contentUrl":"https:\/\/www.sieber.ch\/wp-content\/uploads\/2024\/11\/Foto-Saentis.jpg","width":1920,"height":1080},{"@type":"BreadcrumbList","@id":"https:\/\/www.sieber.ch\/it\/blog\/sieber-e-raben-due-reti-forti-uniscono-le-forze\/#breadcrumb","itemListElement":[{"@type":"ListItem","position":1,"name":"Home","item":"https:\/\/www.sieber.ch\/it\/"},{"@type":"ListItem","position":2,"name":"Sieber e Raben: Due reti forti uniscono le forze\u00a0"}]},{"@type":"WebSite","@id":"https:\/\/www.sieber.ch\/it\/#website","url":"https:\/\/www.sieber.ch\/it\/","name":"Sieber Transport AG","description":"","publisher":{"@id":"https:\/\/www.sieber.ch\/it\/#organization"},"potentialAction":[{"@type":"SearchAction","target":{"@type":"EntryPoint","urlTemplate":"https:\/\/www.sieber.ch\/it\/?s={search_term_string}"},"query-input":{"@type":"PropertyValueSpecification","valueRequired":true,"valueName":"search_term_string"}}],"inLanguage":"it-IT"},{"@type":"Organization","@id":"https:\/\/www.sieber.ch\/it\/#organization","name":"Sieber Transport AG","url":"https:\/\/www.sieber.ch\/it\/","logo":{"@type":"ImageObject","inLanguage":"it-IT","@id":"https:\/\/www.sieber.ch\/it\/#\/schema\/logo\/image\/","url":"https:\/\/www.sieber.ch\/wp-content\/uploads\/2024\/01\/logo.png","contentUrl":"https:\/\/www.sieber.ch\/wp-content\/uploads\/2024\/01\/logo.png","width":1063,"height":358,"caption":"Sieber Transport AG"},"image":{"@id":"https:\/\/www.sieber.ch\/it\/#\/schema\/logo\/image\/"},"sameAs":["https:\/\/www.facebook.com\/sieberlogistics","https:\/\/www.linkedin.com\/company\/sieberlogistics\/"]},{"@type":"Person","@id":"https:\/\/www.sieber.ch\/it\/#\/schema\/person\/d8e023d3e9b655b24a1e20aab0dec5ac","name":"dorarauseo","image":{"@type":"ImageObject","inLanguage":"it-IT","@id":"https:\/\/secure.gravatar.com\/avatar\/88914062d60fda4d73655522543edb68609603692739ecc4ccae497137ad6bdc?s=96&d=mm&r=g","url":"https:\/\/secure.gravatar.com\/avatar\/88914062d60fda4d73655522543edb68609603692739ecc4ccae497137ad6bdc?s=96&d=mm&r=g","contentUrl":"https:\/\/secure.gravatar.com\/avatar\/88914062d60fda4d73655522543edb68609603692739ecc4ccae497137ad6bdc?s=96&d=mm&r=g","caption":"dorarauseo"},"url":"https:\/\/www.sieber.ch\/it\/blog\/author\/dorarauseo\/"}]}},"_links":{"self":[{"href":"https:\/\/www.sieber.ch\/it\/wp-json\/wp\/v2\/posts\/6749","targetHints":{"allow":["GET"]}}],"collection":[{"href":"https:\/\/www.sieber.ch\/it\/wp-json\/wp\/v2\/posts"}],"about":[{"href":"https:\/\/www.sieber.ch\/it\/wp-json\/wp\/v2\/types\/post"}],"author":[{"embeddable":true,"href":"https:\/\/www.sieber.ch\/it\/wp-json\/wp\/v2\/users\/7"}],"replies":[{"embeddable":true,"href":"https:\/\/www.sieber.ch\/it\/wp-json\/wp\/v2\/comments?post=6749"}],"version-history":[{"count":4,"href":"https:\/\/www.sieber.ch\/it\/wp-json\/wp\/v2\/posts\/6749\/revisions"}],"predecessor-version":[{"id":6870,"href":"https:\/\/www.sieber.ch\/it\/wp-json\/wp\/v2\/posts\/6749\/revisions\/6870"}],"wp:featuredmedia":[{"embeddable":true,"href":"https:\/\/www.sieber.ch\/it\/wp-json\/wp\/v2\/media\/6746"}],"wp:attachment":[{"href":"https:\/\/www.sieber.ch\/it\/wp-json\/wp\/v2\/media?parent=6749"}],"wp:term":[{"taxonomy":"category","embeddable":true,"href":"https:\/\/www.sieber.ch\/it\/wp-json\/wp\/v2\/categories?post=6749"},{"taxonomy":"post_tag","embeddable":true,"href":"https:\/\/www.sieber.ch\/it\/wp-json\/wp\/v2\/tags?post=6749"}],"curies":[{"name":"wp","href":"https:\/\/api.w.org\/{rel}","templated":true}]}}