{"id":8476,"date":"2025-12-15T13:26:48","date_gmt":"2025-12-15T13:26:48","guid":{"rendered":"https:\/\/www.sieber.ch\/?p=8476"},"modified":"2025-12-15T13:59:16","modified_gmt":"2025-12-15T13:59:16","slug":"sieber-logistics-ag-continuite-et-orientation-claire","status":"publish","type":"post","link":"https:\/\/www.sieber.ch\/fr\/blog\/sieber-logistics-ag-continuite-et-orientation-claire\/","title":{"rendered":"Sieber Logistics AG \u2013 Continuit\u00e9 et orientation claire"},"content":{"rendered":"<div class=\"n2_clear\"><ss3-force-full-width data-overflow-x=\"body\" data-horizontal-selector=\"body\"><div class=\"n2-section-smartslider fitvidsignore  n2_clear\" data-ssid=\"100\"><div id=\"n2-ss-100-align\" class=\"n2-ss-align\"><div class=\"n2-padding\"><div id=\"n2-ss-100\" data-creator=\"Smart Slider 3\" data-responsive=\"fullwidth\" class=\"n2-ss-slider n2-ow n2-has-hover n2notransition  \">\n        <div class=\"n2-ss-slider-1 n2_ss__touch_element n2-ow\">\n            <div class=\"n2-ss-slider-2 n2-ow\">\n                                                <div class=\"n2-ss-slider-3 n2-ow\">\n\n                    <div class=\"n2-ss-slide-backgrounds n2-ow-all\"><div class=\"n2-ss-slide-background\" data-public-id=\"1\" data-mode=\"fill\"><div class=\"n2-ss-slide-background-image\" data-blur=\"0\" data-opacity=\"100\" data-x=\"38\" data-y=\"77\" data-alt=\"Woman with glasses in front of a group of people\" data-title=\"\" style=\"--ss-o-pos-x:38%;--ss-o-pos-y:77%\"><picture class=\"skip-lazy\" data-skip-lazy=\"1\"><img decoding=\"async\" src=\"\/\/www.sieber.ch\/wp-content\/uploads\/2024\/01\/News-1277948801.webp\" alt=\"Woman with glasses in front of a group of people\" title=\"\" loading=\"lazy\" class=\"skip-lazy\" data-skip-lazy=\"1\"><\/picture><\/div><div data-color=\"RGBA(0,0,0,0.52)\" style=\"background-color: RGBA(0,0,0,0.52);\" class=\"n2-ss-slide-background-color\" data-overlay=\"1\"><\/div><\/div><\/div>                    <div class=\"n2-ss-slider-4 n2-ow\">\n                        <svg xmlns=\"http:\/\/www.w3.org\/2000\/svg\" viewBox=\"0 0 1200 650\" data-related-device=\"desktopPortrait\" class=\"n2-ow n2-ss-preserve-size n2-ss-preserve-size--slider n2-ss-slide-limiter\"><\/svg><div data-first=\"1\" data-slide-duration=\"0\" data-id=\"114\" data-slide-public-id=\"1\" data-title=\"Services banner\" class=\"n2-ss-slide n2-ow  n2-ss-slide-114\"><div role=\"note\" class=\"n2-ss-slide--focus\" tabindex=\"-1\">Services banner<\/div><div class=\"n2-ss-layers-container n2-ss-slide-limiter n2-ow\"><div class=\"n2-ss-layer n2-ow n-uc-2luDAwVGLylp\" data-sstype=\"slide\" data-pm=\"default\"><div class=\"n2-ss-layer n2-ow n-uc-2pUNtEJPFRkA\" data-pm=\"default\" data-sstype=\"content\" data-hasbackground=\"0\"><div class=\"n2-ss-section-main-content n2-ss-layer-with-background n2-ss-layer-content n2-ow n-uc-2pUNtEJPFRkA-inner\"><div class=\"n2-ss-layer n2-ow n-uc-f4gam8jurX0X\" data-pm=\"normal\" data-sstype=\"layer\"><div id=\"n2-ss-100item1\" class=\"n2-font-89c0603c56ffcf23cbe2a31a6751ddf6-hover   n2-ss-item-content n2-ss-text n2-ow\" style=\"display:block;\"><\/div><\/div><\/div><\/div><\/div><\/div><\/div>                    <\/div>\n\n                                    <\/div>\n            <\/div>\n        <\/div>\n        <\/div><ss3-loader><\/ss3-loader><\/div><\/div><div class=\"n2_clear\"><\/div><\/div><\/ss3-force-full-width><\/div>\n\n\n<h2 class=\"wp-block-heading\">Sieber Logistics AG \u2013 Continuit\u00e9 et orientation claire<\/h2>\n\n\n\n<p>Nous poursuivons la mise en \u0153uvre coh\u00e9rente de notre strat\u00e9gie et avons simplifi\u00e9 la structure de notre entreprise. Nous op\u00e9rons <strong>d\u00e9sormais sous<\/strong> le nom de <strong>Sieber Logistics AG<\/strong>. Nous affichons ainsi clairement ce qui caract\u00e9rise notre ADN : la logistique au c\u0153ur de notre strat\u00e9gie et comme base de notre d\u00e9veloppement en tant que fournisseur de solutions de premier plan.<\/p>\n\n\n\n<p>Pour nos clients et partenaires, cette \u00e9tape est synonyme de continuit\u00e9 totale : les contrats, les interlocuteurs et les services restent inchang\u00e9s. Dans le m\u00eame temps, nous regroupons nos forces sous une marque claire, cr\u00e9ons des processus plus efficaces et des voies d\u00e9cisionnelles plus rapides pour une collaboration encore plus fiable.<\/p>\n\n\n\n<p>Notre promesse de performance reste inchang\u00e9e et se concentre sur quatre gammes de produits : <a href=\"https:\/\/www.sieber.ch\/fr\/solutions\/solutions-entrantes\/\">Inbound<\/a>, <a href=\"https:\/\/www.sieber.ch\/fr\/solutions\/solutions-sortantes\/\">Outbound<\/a>, <a href=\"https:\/\/www.sieber.ch\/fr\/solutions\/solutions-domestiques\/\">Home<\/a> et <a href=\"https:\/\/www.sieber.ch\/fr\/solutions\/solutions-dactifs\/\">Asset Solutions<\/a>. Elles repr\u00e9sentent des solutions logistiques individuelles et sur mesure que nous mettons en \u0153uvre avec une grande expertise et une grande fiabilit\u00e9.<\/p>\n\n\n\n<p>Cette \u00e9tape pr\u00e9sente \u00e9galement des avantages pour nos collaborateurs : plus de clart\u00e9, moins de complexit\u00e9 et une attention accrue port\u00e9e \u00e0 la qualit\u00e9 et au service. Nous cr\u00e9ons ainsi les bases qui nous permettront, avec nos parties prenantes, de tracer la voie vers un avenir couronn\u00e9 de succ\u00e8s.<\/p>\n","protected":false},"excerpt":{"rendered":"<p>Sieber Logistics AG \u2013 Continuit\u00e9 et orientation claire Nous poursuivons la mise en \u0153uvre coh\u00e9rente de notre strat\u00e9gie et avons<\/p>\n<p><a class=\"wp-block-button__link\" href=\"https:\/\/www.sieber.ch\/fr\/blog\/sieber-logistics-ag-continuite-et-orientation-claire\/\">Read More&#8230;<\/a><\/p>\n","protected":false},"author":7,"featured_media":8472,"comment_status":"closed","ping_status":"closed","sticky":false,"template":"","format":"standard","meta":{"_acf_changed":false,"footnotes":""},"categories":[48],"tags":[],"class_list":["post-8476","post","type-post","status-publish","format-standard","has-post-thumbnail","hentry","category-news-fr"],"acf":[],"yoast_head":"<!-- This site is optimized with the Yoast SEO plugin v27.5 - https:\/\/yoast.com\/product\/yoast-seo-wordpress\/ -->\n<title>Sieber Logistics AG \u2013 Continuit\u00e9 et orientation claire - Sieber Logistics AG<\/title>\n<meta name=\"robots\" content=\"index, follow, max-snippet:-1, max-image-preview:large, max-video-preview:-1\" \/>\n<link rel=\"canonical\" href=\"https:\/\/www.sieber.ch\/fr\/blog\/sieber-logistics-ag-continuite-et-orientation-claire\/\" \/>\n<meta property=\"og:locale\" content=\"fr_FR\" \/>\n<meta property=\"og:type\" content=\"article\" \/>\n<meta property=\"og:title\" content=\"Sieber Logistics AG \u2013 Continuit\u00e9 et orientation claire - Sieber Logistics AG\" \/>\n<meta property=\"og:description\" content=\"Sieber Logistics AG \u2013 Continuit\u00e9 et orientation claire Nous poursuivons la mise en \u0153uvre coh\u00e9rente de notre strat\u00e9gie et avonsRead More...\" \/>\n<meta property=\"og:url\" content=\"https:\/\/www.sieber.ch\/fr\/blog\/sieber-logistics-ag-continuite-et-orientation-claire\/\" \/>\n<meta property=\"og:site_name\" content=\"Sieber Logistics AG\" \/>\n<meta property=\"article:publisher\" content=\"https:\/\/www.facebook.com\/sieberlogistics\" \/>\n<meta property=\"article:published_time\" content=\"2025-12-15T13:26:48+00:00\" \/>\n<meta property=\"article:modified_time\" content=\"2025-12-15T13:59:16+00:00\" \/>\n<meta property=\"og:image\" content=\"https:\/\/www.sieber.ch\/wp-content\/uploads\/2025\/12\/Sieber-Logo-V1.png\" \/>\n\t<meta property=\"og:image:width\" content=\"1920\" \/>\n\t<meta property=\"og:image:height\" content=\"1080\" \/>\n\t<meta property=\"og:image:type\" content=\"image\/png\" \/>\n<meta name=\"author\" content=\"dorarauseo\" \/>\n<meta name=\"twitter:card\" content=\"summary_large_image\" \/>\n<meta name=\"twitter:label1\" content=\"\u00c9crit par\" \/>\n\t<meta name=\"twitter:data1\" content=\"dorarauseo\" \/>\n\t<meta name=\"twitter:label2\" content=\"Dur\u00e9e de lecture estim\u00e9e\" \/>\n\t<meta name=\"twitter:data2\" content=\"2 minutes\" \/>\n<script type=\"application\/ld+json\" class=\"yoast-schema-graph\">{\"@context\":\"https:\\\/\\\/schema.org\",\"@graph\":[{\"@type\":\"Article\",\"@id\":\"https:\\\/\\\/www.sieber.ch\\\/fr\\\/blog\\\/sieber-logistics-ag-continuite-et-orientation-claire\\\/#article\",\"isPartOf\":{\"@id\":\"https:\\\/\\\/www.sieber.ch\\\/fr\\\/blog\\\/sieber-logistics-ag-continuite-et-orientation-claire\\\/\"},\"author\":{\"name\":\"dorarauseo\",\"@id\":\"https:\\\/\\\/www.sieber.ch\\\/fr\\\/#\\\/schema\\\/person\\\/d8e023d3e9b655b24a1e20aab0dec5ac\"},\"headline\":\"Sieber Logistics AG \u2013 Continuit\u00e9 et orientation claire\",\"datePublished\":\"2025-12-15T13:26:48+00:00\",\"dateModified\":\"2025-12-15T13:59:16+00:00\",\"mainEntityOfPage\":{\"@id\":\"https:\\\/\\\/www.sieber.ch\\\/fr\\\/blog\\\/sieber-logistics-ag-continuite-et-orientation-claire\\\/\"},\"wordCount\":232,\"publisher\":{\"@id\":\"https:\\\/\\\/www.sieber.ch\\\/fr\\\/#organization\"},\"image\":{\"@id\":\"https:\\\/\\\/www.sieber.ch\\\/fr\\\/blog\\\/sieber-logistics-ag-continuite-et-orientation-claire\\\/#primaryimage\"},\"thumbnailUrl\":\"https:\\\/\\\/www.sieber.ch\\\/wp-content\\\/uploads\\\/2025\\\/12\\\/Sieber-Logo-V1.png\",\"articleSection\":[\"News\"],\"inLanguage\":\"fr-FR\"},{\"@type\":\"WebPage\",\"@id\":\"https:\\\/\\\/www.sieber.ch\\\/fr\\\/blog\\\/sieber-logistics-ag-continuite-et-orientation-claire\\\/\",\"url\":\"https:\\\/\\\/www.sieber.ch\\\/fr\\\/blog\\\/sieber-logistics-ag-continuite-et-orientation-claire\\\/\",\"name\":\"Sieber Logistics AG \u2013 Continuit\u00e9 et orientation claire - Sieber Logistics AG\",\"isPartOf\":{\"@id\":\"https:\\\/\\\/www.sieber.ch\\\/fr\\\/#website\"},\"primaryImageOfPage\":{\"@id\":\"https:\\\/\\\/www.sieber.ch\\\/fr\\\/blog\\\/sieber-logistics-ag-continuite-et-orientation-claire\\\/#primaryimage\"},\"image\":{\"@id\":\"https:\\\/\\\/www.sieber.ch\\\/fr\\\/blog\\\/sieber-logistics-ag-continuite-et-orientation-claire\\\/#primaryimage\"},\"thumbnailUrl\":\"https:\\\/\\\/www.sieber.ch\\\/wp-content\\\/uploads\\\/2025\\\/12\\\/Sieber-Logo-V1.png\",\"datePublished\":\"2025-12-15T13:26:48+00:00\",\"dateModified\":\"2025-12-15T13:59:16+00:00\",\"breadcrumb\":{\"@id\":\"https:\\\/\\\/www.sieber.ch\\\/fr\\\/blog\\\/sieber-logistics-ag-continuite-et-orientation-claire\\\/#breadcrumb\"},\"inLanguage\":\"fr-FR\",\"potentialAction\":[{\"@type\":\"ReadAction\",\"target\":[\"https:\\\/\\\/www.sieber.ch\\\/fr\\\/blog\\\/sieber-logistics-ag-continuite-et-orientation-claire\\\/\"]}]},{\"@type\":\"ImageObject\",\"inLanguage\":\"fr-FR\",\"@id\":\"https:\\\/\\\/www.sieber.ch\\\/fr\\\/blog\\\/sieber-logistics-ag-continuite-et-orientation-claire\\\/#primaryimage\",\"url\":\"https:\\\/\\\/www.sieber.ch\\\/wp-content\\\/uploads\\\/2025\\\/12\\\/Sieber-Logo-V1.png\",\"contentUrl\":\"https:\\\/\\\/www.sieber.ch\\\/wp-content\\\/uploads\\\/2025\\\/12\\\/Sieber-Logo-V1.png\",\"width\":1920,\"height\":1080},{\"@type\":\"BreadcrumbList\",\"@id\":\"https:\\\/\\\/www.sieber.ch\\\/fr\\\/blog\\\/sieber-logistics-ag-continuite-et-orientation-claire\\\/#breadcrumb\",\"itemListElement\":[{\"@type\":\"ListItem\",\"position\":1,\"name\":\"Home\",\"item\":\"https:\\\/\\\/www.sieber.ch\\\/fr\\\/\"},{\"@type\":\"ListItem\",\"position\":2,\"name\":\"Sieber Logistics AG \u2013 Continuit\u00e9 et orientation claire\"}]},{\"@type\":\"WebSite\",\"@id\":\"https:\\\/\\\/www.sieber.ch\\\/fr\\\/#website\",\"url\":\"https:\\\/\\\/www.sieber.ch\\\/fr\\\/\",\"name\":\"Sieber Transport AG\",\"description\":\"\",\"publisher\":{\"@id\":\"https:\\\/\\\/www.sieber.ch\\\/fr\\\/#organization\"},\"potentialAction\":[{\"@type\":\"SearchAction\",\"target\":{\"@type\":\"EntryPoint\",\"urlTemplate\":\"https:\\\/\\\/www.sieber.ch\\\/fr\\\/?s={search_term_string}\"},\"query-input\":{\"@type\":\"PropertyValueSpecification\",\"valueRequired\":true,\"valueName\":\"search_term_string\"}}],\"inLanguage\":\"fr-FR\"},{\"@type\":\"Organization\",\"@id\":\"https:\\\/\\\/www.sieber.ch\\\/fr\\\/#organization\",\"name\":\"Sieber Transport AG\",\"url\":\"https:\\\/\\\/www.sieber.ch\\\/fr\\\/\",\"logo\":{\"@type\":\"ImageObject\",\"inLanguage\":\"fr-FR\",\"@id\":\"https:\\\/\\\/www.sieber.ch\\\/fr\\\/#\\\/schema\\\/logo\\\/image\\\/\",\"url\":\"https:\\\/\\\/www.sieber.ch\\\/wp-content\\\/uploads\\\/2024\\\/01\\\/logo.png\",\"contentUrl\":\"https:\\\/\\\/www.sieber.ch\\\/wp-content\\\/uploads\\\/2024\\\/01\\\/logo.png\",\"width\":1063,\"height\":358,\"caption\":\"Sieber Transport AG\"},\"image\":{\"@id\":\"https:\\\/\\\/www.sieber.ch\\\/fr\\\/#\\\/schema\\\/logo\\\/image\\\/\"},\"sameAs\":[\"https:\\\/\\\/www.facebook.com\\\/sieberlogistics\",\"https:\\\/\\\/www.linkedin.com\\\/company\\\/sieberlogistics\\\/\"]},{\"@type\":\"Person\",\"@id\":\"https:\\\/\\\/www.sieber.ch\\\/fr\\\/#\\\/schema\\\/person\\\/d8e023d3e9b655b24a1e20aab0dec5ac\",\"name\":\"dorarauseo\",\"image\":{\"@type\":\"ImageObject\",\"inLanguage\":\"fr-FR\",\"@id\":\"https:\\\/\\\/secure.gravatar.com\\\/avatar\\\/88914062d60fda4d73655522543edb68609603692739ecc4ccae497137ad6bdc?s=96&d=mm&r=g\",\"url\":\"https:\\\/\\\/secure.gravatar.com\\\/avatar\\\/88914062d60fda4d73655522543edb68609603692739ecc4ccae497137ad6bdc?s=96&d=mm&r=g\",\"contentUrl\":\"https:\\\/\\\/secure.gravatar.com\\\/avatar\\\/88914062d60fda4d73655522543edb68609603692739ecc4ccae497137ad6bdc?s=96&d=mm&r=g\",\"caption\":\"dorarauseo\"},\"url\":\"https:\\\/\\\/www.sieber.ch\\\/fr\\\/blog\\\/author\\\/dorarauseo\\\/\"}]}<\/script>\n<!-- \/ Yoast SEO plugin. -->","yoast_head_json":{"title":"Sieber Logistics AG \u2013 Continuit\u00e9 et orientation claire - Sieber Logistics AG","robots":{"index":"index","follow":"follow","max-snippet":"max-snippet:-1","max-image-preview":"max-image-preview:large","max-video-preview":"max-video-preview:-1"},"canonical":"https:\/\/www.sieber.ch\/fr\/blog\/sieber-logistics-ag-continuite-et-orientation-claire\/","og_locale":"fr_FR","og_type":"article","og_title":"Sieber Logistics AG \u2013 Continuit\u00e9 et orientation claire - Sieber Logistics AG","og_description":"Sieber Logistics AG \u2013 Continuit\u00e9 et orientation claire Nous poursuivons la mise en \u0153uvre coh\u00e9rente de notre strat\u00e9gie et avonsRead More...","og_url":"https:\/\/www.sieber.ch\/fr\/blog\/sieber-logistics-ag-continuite-et-orientation-claire\/","og_site_name":"Sieber Logistics AG","article_publisher":"https:\/\/www.facebook.com\/sieberlogistics","article_published_time":"2025-12-15T13:26:48+00:00","article_modified_time":"2025-12-15T13:59:16+00:00","og_image":[{"width":1920,"height":1080,"url":"https:\/\/www.sieber.ch\/wp-content\/uploads\/2025\/12\/Sieber-Logo-V1.png","type":"image\/png"}],"author":"dorarauseo","twitter_card":"summary_large_image","twitter_misc":{"\u00c9crit par":"dorarauseo","Dur\u00e9e de lecture estim\u00e9e":"2 minutes"},"schema":{"@context":"https:\/\/schema.org","@graph":[{"@type":"Article","@id":"https:\/\/www.sieber.ch\/fr\/blog\/sieber-logistics-ag-continuite-et-orientation-claire\/#article","isPartOf":{"@id":"https:\/\/www.sieber.ch\/fr\/blog\/sieber-logistics-ag-continuite-et-orientation-claire\/"},"author":{"name":"dorarauseo","@id":"https:\/\/www.sieber.ch\/fr\/#\/schema\/person\/d8e023d3e9b655b24a1e20aab0dec5ac"},"headline":"Sieber Logistics AG \u2013 Continuit\u00e9 et orientation claire","datePublished":"2025-12-15T13:26:48+00:00","dateModified":"2025-12-15T13:59:16+00:00","mainEntityOfPage":{"@id":"https:\/\/www.sieber.ch\/fr\/blog\/sieber-logistics-ag-continuite-et-orientation-claire\/"},"wordCount":232,"publisher":{"@id":"https:\/\/www.sieber.ch\/fr\/#organization"},"image":{"@id":"https:\/\/www.sieber.ch\/fr\/blog\/sieber-logistics-ag-continuite-et-orientation-claire\/#primaryimage"},"thumbnailUrl":"https:\/\/www.sieber.ch\/wp-content\/uploads\/2025\/12\/Sieber-Logo-V1.png","articleSection":["News"],"inLanguage":"fr-FR"},{"@type":"WebPage","@id":"https:\/\/www.sieber.ch\/fr\/blog\/sieber-logistics-ag-continuite-et-orientation-claire\/","url":"https:\/\/www.sieber.ch\/fr\/blog\/sieber-logistics-ag-continuite-et-orientation-claire\/","name":"Sieber Logistics AG \u2013 Continuit\u00e9 et orientation claire - Sieber Logistics AG","isPartOf":{"@id":"https:\/\/www.sieber.ch\/fr\/#website"},"primaryImageOfPage":{"@id":"https:\/\/www.sieber.ch\/fr\/blog\/sieber-logistics-ag-continuite-et-orientation-claire\/#primaryimage"},"image":{"@id":"https:\/\/www.sieber.ch\/fr\/blog\/sieber-logistics-ag-continuite-et-orientation-claire\/#primaryimage"},"thumbnailUrl":"https:\/\/www.sieber.ch\/wp-content\/uploads\/2025\/12\/Sieber-Logo-V1.png","datePublished":"2025-12-15T13:26:48+00:00","dateModified":"2025-12-15T13:59:16+00:00","breadcrumb":{"@id":"https:\/\/www.sieber.ch\/fr\/blog\/sieber-logistics-ag-continuite-et-orientation-claire\/#breadcrumb"},"inLanguage":"fr-FR","potentialAction":[{"@type":"ReadAction","target":["https:\/\/www.sieber.ch\/fr\/blog\/sieber-logistics-ag-continuite-et-orientation-claire\/"]}]},{"@type":"ImageObject","inLanguage":"fr-FR","@id":"https:\/\/www.sieber.ch\/fr\/blog\/sieber-logistics-ag-continuite-et-orientation-claire\/#primaryimage","url":"https:\/\/www.sieber.ch\/wp-content\/uploads\/2025\/12\/Sieber-Logo-V1.png","contentUrl":"https:\/\/www.sieber.ch\/wp-content\/uploads\/2025\/12\/Sieber-Logo-V1.png","width":1920,"height":1080},{"@type":"BreadcrumbList","@id":"https:\/\/www.sieber.ch\/fr\/blog\/sieber-logistics-ag-continuite-et-orientation-claire\/#breadcrumb","itemListElement":[{"@type":"ListItem","position":1,"name":"Home","item":"https:\/\/www.sieber.ch\/fr\/"},{"@type":"ListItem","position":2,"name":"Sieber Logistics AG \u2013 Continuit\u00e9 et orientation claire"}]},{"@type":"WebSite","@id":"https:\/\/www.sieber.ch\/fr\/#website","url":"https:\/\/www.sieber.ch\/fr\/","name":"Sieber Transport AG","description":"","publisher":{"@id":"https:\/\/www.sieber.ch\/fr\/#organization"},"potentialAction":[{"@type":"SearchAction","target":{"@type":"EntryPoint","urlTemplate":"https:\/\/www.sieber.ch\/fr\/?s={search_term_string}"},"query-input":{"@type":"PropertyValueSpecification","valueRequired":true,"valueName":"search_term_string"}}],"inLanguage":"fr-FR"},{"@type":"Organization","@id":"https:\/\/www.sieber.ch\/fr\/#organization","name":"Sieber Transport AG","url":"https:\/\/www.sieber.ch\/fr\/","logo":{"@type":"ImageObject","inLanguage":"fr-FR","@id":"https:\/\/www.sieber.ch\/fr\/#\/schema\/logo\/image\/","url":"https:\/\/www.sieber.ch\/wp-content\/uploads\/2024\/01\/logo.png","contentUrl":"https:\/\/www.sieber.ch\/wp-content\/uploads\/2024\/01\/logo.png","width":1063,"height":358,"caption":"Sieber Transport AG"},"image":{"@id":"https:\/\/www.sieber.ch\/fr\/#\/schema\/logo\/image\/"},"sameAs":["https:\/\/www.facebook.com\/sieberlogistics","https:\/\/www.linkedin.com\/company\/sieberlogistics\/"]},{"@type":"Person","@id":"https:\/\/www.sieber.ch\/fr\/#\/schema\/person\/d8e023d3e9b655b24a1e20aab0dec5ac","name":"dorarauseo","image":{"@type":"ImageObject","inLanguage":"fr-FR","@id":"https:\/\/secure.gravatar.com\/avatar\/88914062d60fda4d73655522543edb68609603692739ecc4ccae497137ad6bdc?s=96&d=mm&r=g","url":"https:\/\/secure.gravatar.com\/avatar\/88914062d60fda4d73655522543edb68609603692739ecc4ccae497137ad6bdc?s=96&d=mm&r=g","contentUrl":"https:\/\/secure.gravatar.com\/avatar\/88914062d60fda4d73655522543edb68609603692739ecc4ccae497137ad6bdc?s=96&d=mm&r=g","caption":"dorarauseo"},"url":"https:\/\/www.sieber.ch\/fr\/blog\/author\/dorarauseo\/"}]}},"_links":{"self":[{"href":"https:\/\/www.sieber.ch\/fr\/wp-json\/wp\/v2\/posts\/8476","targetHints":{"allow":["GET"]}}],"collection":[{"href":"https:\/\/www.sieber.ch\/fr\/wp-json\/wp\/v2\/posts"}],"about":[{"href":"https:\/\/www.sieber.ch\/fr\/wp-json\/wp\/v2\/types\/post"}],"author":[{"embeddable":true,"href":"https:\/\/www.sieber.ch\/fr\/wp-json\/wp\/v2\/users\/7"}],"replies":[{"embeddable":true,"href":"https:\/\/www.sieber.ch\/fr\/wp-json\/wp\/v2\/comments?post=8476"}],"version-history":[{"count":2,"href":"https:\/\/www.sieber.ch\/fr\/wp-json\/wp\/v2\/posts\/8476\/revisions"}],"predecessor-version":[{"id":8479,"href":"https:\/\/www.sieber.ch\/fr\/wp-json\/wp\/v2\/posts\/8476\/revisions\/8479"}],"wp:featuredmedia":[{"embeddable":true,"href":"https:\/\/www.sieber.ch\/fr\/wp-json\/wp\/v2\/media\/8472"}],"wp:attachment":[{"href":"https:\/\/www.sieber.ch\/fr\/wp-json\/wp\/v2\/media?parent=8476"}],"wp:term":[{"taxonomy":"category","embeddable":true,"href":"https:\/\/www.sieber.ch\/fr\/wp-json\/wp\/v2\/categories?post=8476"},{"taxonomy":"post_tag","embeddable":true,"href":"https:\/\/www.sieber.ch\/fr\/wp-json\/wp\/v2\/tags?post=8476"}],"curies":[{"name":"wp","href":"https:\/\/api.w.org\/{rel}","templated":true}]}}