{"id":8172,"date":"2025-10-02T09:52:32","date_gmt":"2025-10-02T08:52:32","guid":{"rendered":"https:\/\/www.sieber.ch\/?p=8172"},"modified":"2025-10-02T10:42:44","modified_gmt":"2025-10-02T09:42:44","slug":"solutions-sur-mesure-pour-movegroup-ag","status":"publish","type":"post","link":"https:\/\/www.sieber.ch\/fr\/blog\/solutions-sur-mesure-pour-movegroup-ag\/","title":{"rendered":"Solutions sur mesure pour MoveGroup AG"},"content":{"rendered":"<div class=\"n2_clear\"><ss3-force-full-width data-overflow-x=\"body\" data-horizontal-selector=\"body\"><div class=\"n2-section-smartslider fitvidsignore  n2_clear\" data-ssid=\"107\"><div id=\"n2-ss-107-align\" class=\"n2-ss-align\"><div class=\"n2-padding\"><div id=\"n2-ss-107\" data-creator=\"Smart Slider 3\" data-responsive=\"fullwidth\" class=\"n2-ss-slider n2-ow n2-has-hover n2notransition  \">\n        <div class=\"n2-ss-slider-1 n2_ss__touch_element n2-ow\">\n            <div class=\"n2-ss-slider-2 n2-ow\">\n                                                <div class=\"n2-ss-slider-3 n2-ow\">\n\n                    <div class=\"n2-ss-slide-backgrounds n2-ow-all\"><div class=\"n2-ss-slide-background\" data-public-id=\"1\" data-mode=\"fill\"><div class=\"n2-ss-slide-background-image\" data-blur=\"0\" data-opacity=\"100\" data-x=\"29\" data-y=\"42\" data-alt=\"Woman with glasses in front of a group of people\" data-title=\"\" style=\"--ss-o-pos-x:29%;--ss-o-pos-y:42%\"><picture class=\"skip-lazy\" data-skip-lazy=\"1\"><img decoding=\"async\" src=\"\/\/www.sieber.ch\/wp-content\/uploads\/2025\/08\/Sieber_Image_Approval_98_web-scaled.webp\" alt=\"Woman with glasses in front of a group of people\" title=\"\" loading=\"lazy\" class=\"skip-lazy\" data-skip-lazy=\"1\"><\/picture><\/div><div data-color=\"RGBA(0,0,0,0.23)\" style=\"background-color: RGBA(0,0,0,0.23);\" class=\"n2-ss-slide-background-color\" data-overlay=\"1\"><\/div><\/div><\/div>                    <div class=\"n2-ss-slider-4 n2-ow\">\n                        <svg xmlns=\"http:\/\/www.w3.org\/2000\/svg\" viewBox=\"0 0 1200 650\" data-related-device=\"desktopPortrait\" class=\"n2-ow n2-ss-preserve-size n2-ss-preserve-size--slider n2-ss-slide-limiter\"><\/svg><div data-first=\"1\" data-slide-duration=\"0\" data-id=\"130\" data-slide-public-id=\"1\" data-title=\"MoveGroupe\" class=\"n2-ss-slide n2-ow  n2-ss-slide-130\"><div role=\"note\" class=\"n2-ss-slide--focus\" tabindex=\"-1\">MoveGroupe<\/div><div class=\"n2-ss-layers-container n2-ss-slide-limiter n2-ow\"><div class=\"n2-ss-layer n2-ow n-uc-BcK2gGKLEytQ\" data-sstype=\"slide\" data-pm=\"default\"><div class=\"n2-ss-layer n2-ow n-uc-AWSy95AkVAes\" data-pm=\"default\" data-sstype=\"content\" data-hasbackground=\"0\"><div class=\"n2-ss-section-main-content n2-ss-layer-with-background n2-ss-layer-content n2-ow n-uc-AWSy95AkVAes-inner\"><div class=\"n2-ss-layer n2-ow n-uc-geJNhUKBdGcf\" data-pm=\"normal\" data-sstype=\"layer\"><div id=\"n2-ss-107item1\" class=\"n2-font-89c0603c56ffcf23cbe2a31a6751ddf6-hover   n2-ss-item-content n2-ss-text n2-ow\" style=\"display:block;\"><\/div><\/div><\/div><\/div><\/div><\/div><\/div>                    <\/div>\n\n                                    <\/div>\n            <\/div>\n        <\/div>\n        <\/div><ss3-loader><\/ss3-loader><\/div><\/div><div class=\"n2_clear\"><\/div><\/div><\/ss3-force-full-width><\/div>\n\n\n<div class=\"wp-block-columns fullWidth bgGrey justify-content-center is-layout-flex wp-container-core-columns-is-layout-9d6595d7 wp-block-columns-is-layout-flex\">\n<div class=\"wp-block-column container is-layout-flow wp-block-column-is-layout-flow\">\n<div class=\"wp-block-columns is-layout-flex wp-container-core-columns-is-layout-9d6595d7 wp-block-columns-is-layout-flex\">\n<div class=\"wp-block-column is-layout-flow wp-block-column-is-layout-flow\">\n<p><\/p>\n\n\n\n<h2 class=\"wp-block-heading has-large-font-size\">Exigences sportives \u2013 solutions sur mesure<\/h2>\n\n\n\n<p class=\"has-large-font-size\">Que ce soit pour les salles de sport, les cliniques ou les cabinets de kin\u00e9sith\u00e9rapie, <strong>MoveGroup SA <\/strong>fournit \u00e0 ses clients des appareils d&rsquo;entra\u00eenement et de th\u00e9rapie haut de gamme. En collaboration avec notre \u00e9quipe <a href=\"https:\/\/www.sieber.ch\/fr\/solutions\/solutions-domestiques\/\">Home Solutions<\/a>, nous veillons \u00e0 ce que ces appareils soient livr\u00e9s en toute fiabilit\u00e9 l\u00e0 o\u00f9 la logistique repr\u00e9sente un d\u00e9fi.<\/p>\n\n\n\n<p>\u00ab Nos appareils sont souvent volumineux, lourds et d\u00e9licats \u00e0 manipuler, et ils sont livr\u00e9s dans des lieux \u00e0 acc\u00e8s restreint \u00bb, explique <strong>Michel Koch, propri\u00e9taire de<\/strong> <a href=\"https:\/\/movegroupag.ch\/\"><strong>MoveGroup AG<\/strong>.<\/a> \u00ab Une planification pr\u00e9cise, un transport fiable et un montage professionnel sont indispensables pour nos clients, et c&rsquo;est exactement ce que nous appr\u00e9cions dans notre collaboration avec Sieber. \u00bb<\/p>\n<\/div>\n<\/div>\n<\/div>\n<\/div>\n\n\n\n<div style=\"height:80px\" aria-hidden=\"true\" class=\"wp-block-spacer\"><\/div>\n\n\n\n<div class=\"wp-block-columns fullWidth bgWhite justify-content-center is-layout-flex wp-container-core-columns-is-layout-9d6595d7 wp-block-columns-is-layout-flex\">\n<div class=\"wp-block-column container is-layout-flow wp-block-column-is-layout-flow\">\n<div class=\"wp-block-columns is-layout-flex wp-container-core-columns-is-layout-9d6595d7 wp-block-columns-is-layout-flex\">\n<div class=\"wp-block-column is-layout-flow wp-block-column-is-layout-flow\">\n<div class=\"wp-block-columns fullWidth bgWhite justify-content-center is-layout-flex wp-container-core-columns-is-layout-9d6595d7 wp-block-columns-is-layout-flex\">\n<div class=\"wp-block-column container is-layout-flow wp-block-column-is-layout-flow\">\n<div class=\"wp-block-columns is-layout-flex wp-container-core-columns-is-layout-9d6595d7 wp-block-columns-is-layout-flex\">\n<div class=\"wp-block-column is-layout-flow wp-block-column-is-layout-flow\" style=\"flex-basis:30%\"><\/div>\n\n\n\n<div class=\"wp-block-column is-layout-flow wp-block-column-is-layout-flow\" style=\"flex-basis:100%\">\n<figure class=\"wp-block-embed is-type-video is-provider-youtube wp-block-embed-youtube wp-embed-aspect-16-9 wp-has-aspect-ratio\"><div class=\"wp-block-embed__wrapper\">\n<iframe loading=\"lazy\" title=\"Sieber Home Solutions ,,Sports&#039;&#039;\" width=\"640\" height=\"360\" src=\"https:\/\/www.youtube.com\/embed\/khKAMyx60QI?feature=oembed\" frameborder=\"0\" allow=\"accelerometer; autoplay; clipboard-write; encrypted-media; gyroscope; picture-in-picture; web-share\" referrerpolicy=\"strict-origin-when-cross-origin\" allowfullscreen><\/iframe>\n<\/div><\/figure>\n<\/div>\n\n\n\n<div class=\"wp-block-column is-layout-flow wp-block-column-is-layout-flow\" style=\"flex-basis:3%\"><\/div>\n<\/div>\n<\/div>\n<\/div>\n<\/div>\n<\/div>\n<\/div>\n<\/div>\n\n\n\n<div class=\"wp-block-columns fullWidth bgGrey justify-content-center is-layout-flex wp-container-core-columns-is-layout-9d6595d7 wp-block-columns-is-layout-flex\">\n<div class=\"wp-block-column container is-layout-flow wp-block-column-is-layout-flow\">\n<div class=\"wp-block-columns is-layout-flex wp-container-core-columns-is-layout-9d6595d7 wp-block-columns-is-layout-flex\">\n<div class=\"wp-block-column is-layout-flow wp-block-column-is-layout-flow\">\n<div style=\"height:60px\" aria-hidden=\"true\" class=\"wp-block-spacer\"><\/div>\n\n\n\n<h2 class=\"wp-block-heading has-text-align-left\">Pourquoi le partenariat avec Sieber est-il pr\u00e9cieux pour nous<\/h2>\n\n\n\n<p class=\"has-text-align-left\">Un partenaire logistique solide compos\u00e9 d\u2019\u00e9quipes de deux personnes doit apporter plus que sa seule force physique. Outre la r\u00e9sistance physique, ce qui compte pour nous, c&rsquo;est avant tout la minutie, l&rsquo;orientation client et la compr\u00e9hension technique. La date de livraison n&rsquo;est pas seulement un aspect logistique, mais un \u00e9l\u00e9ment central de notre promesse de qualit\u00e9, tant en interne qu&rsquo;envers les clients finaux.<\/p>\n<\/div>\n<\/div>\n<\/div>\n<\/div>\n\n\n\n<div style=\"height:60px\" aria-hidden=\"true\" class=\"wp-block-spacer\"><\/div>\n\n\n\n<div class=\"wp-block-columns fullWidth bgWhite justify-content-center is-layout-flex wp-container-core-columns-is-layout-9d6595d7 wp-block-columns-is-layout-flex\">\n<div class=\"wp-block-column container is-layout-flow wp-block-column-is-layout-flow\">\n<div class=\"wp-block-columns is-layout-flex wp-container-core-columns-is-layout-9d6595d7 wp-block-columns-is-layout-flex\">\n<div class=\"wp-block-column is-layout-flow wp-block-column-is-layout-flow\">\n<figure class=\"wp-block-image size-full\"><img loading=\"lazy\" decoding=\"async\" width=\"2560\" height=\"1440\" src=\"https:\/\/www.sieber.ch\/wp-content\/uploads\/2025\/08\/Sieber_Image_Approval_02_web-scaled.webp\" alt=\"\" class=\"wp-image-7921\" style=\"aspect-ratio:3\/2;object-fit:cover\" srcset=\"https:\/\/www.sieber.ch\/wp-content\/uploads\/2025\/08\/Sieber_Image_Approval_02_web-scaled.webp 2560w, https:\/\/www.sieber.ch\/wp-content\/uploads\/2025\/08\/Sieber_Image_Approval_02_web-300x169.webp 300w, https:\/\/www.sieber.ch\/wp-content\/uploads\/2025\/08\/Sieber_Image_Approval_02_web-1024x576.webp 1024w, https:\/\/www.sieber.ch\/wp-content\/uploads\/2025\/08\/Sieber_Image_Approval_02_web-768x432.webp 768w, https:\/\/www.sieber.ch\/wp-content\/uploads\/2025\/08\/Sieber_Image_Approval_02_web-1536x864.webp 1536w, https:\/\/www.sieber.ch\/wp-content\/uploads\/2025\/08\/Sieber_Image_Approval_02_web-2048x1152.webp 2048w\" sizes=\"auto, (max-width: 2560px) 100vw, 2560px\" \/><\/figure>\n<\/div>\n\n\n\n<div class=\"wp-block-column is-layout-flow wp-block-column-is-layout-flow\">\n<div style=\"height:60px\" aria-hidden=\"true\" class=\"wp-block-spacer\"><\/div>\n\n\n\n<h2 class=\"wp-block-heading\">Une flexibilit\u00e9 qui cr\u00e9e de la valeur ajout\u00e9e<\/h2>\n\n\n\n<p>En tant qu&rsquo;entreprise proposant elle-m\u00eame des solutions sur mesure, la flexibilit\u00e9 est pour nous essentielle. Il est particuli\u00e8rement important pour nous que notre partenaire logistique partage cette attitude.<\/p>\n\n\n\n<p class=\"has-text-color has-link-color wp-elements-5fca0e8f8546c45a4493def2175275d2\" style=\"color:#0068a0\"><em>\u00ab Sieber r\u00e9pond \u00e9galement aux demandes de livraison individuelles \u00e0 court terme ou organise des transports sp\u00e9ciaux \u00bb, souligne Michel Koch.<\/em><\/p>\n\n\n\n<p>Cette agilit\u00e9 soulage notre \u00e9quipe et fait de Sieber un v\u00e9ritable partenaire \u00e0 valeur ajout\u00e9e.<\/p>\n<\/div>\n<\/div>\n<\/div>\n<\/div>\n\n\n\n<div class=\"wp-block-columns fullWidth bgWhite justify-content-center is-layout-flex wp-container-core-columns-is-layout-9d6595d7 wp-block-columns-is-layout-flex\">\n<div class=\"wp-block-column container is-layout-flow wp-block-column-is-layout-flow\">\n<div style=\"height:30px\" aria-hidden=\"true\" class=\"wp-block-spacer\"><\/div>\n\n\n\n<div class=\"wp-block-columns is-layout-flex wp-container-core-columns-is-layout-9d6595d7 wp-block-columns-is-layout-flex\">\n<div class=\"wp-block-column is-layout-flow wp-block-column-is-layout-flow\">\n<h2 class=\"wp-block-heading\">Des processus bien rod\u00e9s pour des succ\u00e8s communs<\/h2>\n\n\n\n<p>Nous consid\u00e9rons la collaboration avec Sieber comme structur\u00e9e et professionnelle. Les processus s&rsquo;imbriquent les uns dans les autres et nous permettent de mettre en \u0153uvre des projets de mani\u00e8re fiable. Nous pouvons ainsi tenir la promesse de notre marque : la qualit\u00e9 \u00e0 tous les niveaux, du premier contact \u00e0 la mise en service r\u00e9ussie sur place, ce qui est \u00e9galement perceptible pour nos clients finaux . Ils re\u00e7oivent leurs appareils dans les d\u00e9lais et peuvent les mettre en service sans d\u00e9tours.<\/p>\n<\/div>\n<\/div>\n<\/div>\n<\/div>\n\n\n\n<div class=\"wp-block-columns fullWidth bgWhite justify-content-center is-layout-flex wp-container-core-columns-is-layout-9d6595d7 wp-block-columns-is-layout-flex\">\n<div class=\"wp-block-column container is-layout-flow wp-block-column-is-layout-flow\">\n<div style=\"height:30px\" aria-hidden=\"true\" class=\"wp-block-spacer\"><\/div>\n\n\n\n<div class=\"wp-block-columns is-layout-flex wp-container-core-columns-is-layout-9d6595d7 wp-block-columns-is-layout-flex\">\n<div class=\"wp-block-column is-layout-flow wp-block-column-is-layout-flow\">\n<div style=\"height:70px\" aria-hidden=\"true\" class=\"wp-block-spacer\"><\/div>\n\n\n\n<h2 class=\"wp-block-heading\">Le montage comme carte de visite<\/h2>\n\n\n\n<p>La livraison d&rsquo;appareils de haute qualit\u00e9 exige pr\u00e9cision, d\u00e9licatesse et respect sur place. La premi\u00e8re impression est d\u00e9cisive et c&rsquo;est pr\u00e9cis\u00e9ment l\u00e0 que Sieber marque des points : propret\u00e9, discr\u00e9tion et orientation vers les solutions. Pour notre client\u00e8le, cette image professionnelle est d\u00e9terminante, car elle refl\u00e8te directement la qualit\u00e9 de son propre service.<\/p>\n\n\n\n<p class=\"has-text-color has-link-color wp-elements-84ead49c11ae41131d0d798f8dc8a14a\" style=\"color:#0068a0\"><em>\u00ab Nos valeurs telles que la qualit\u00e9, l&rsquo;efficacit\u00e9 et l&rsquo;orientation client sont repr\u00e9sent\u00e9es par les \u00e9quipes de livraison \u00bb, d\u00e9clare Michel Koch.<\/em><\/p>\n<\/div>\n\n\n\n<div class=\"wp-block-column is-layout-flow wp-block-column-is-layout-flow\">\n<figure class=\"wp-block-image size-full\"><img loading=\"lazy\" decoding=\"async\" width=\"2560\" height=\"1440\" src=\"https:\/\/www.sieber.ch\/wp-content\/uploads\/2025\/08\/Sieber_Image_Approval_27_web-1-scaled.webp\" alt=\"\" class=\"wp-image-7932\" style=\"aspect-ratio:3\/2;object-fit:cover\" srcset=\"https:\/\/www.sieber.ch\/wp-content\/uploads\/2025\/08\/Sieber_Image_Approval_27_web-1-scaled.webp 2560w, https:\/\/www.sieber.ch\/wp-content\/uploads\/2025\/08\/Sieber_Image_Approval_27_web-1-300x169.webp 300w, https:\/\/www.sieber.ch\/wp-content\/uploads\/2025\/08\/Sieber_Image_Approval_27_web-1-1024x576.webp 1024w, https:\/\/www.sieber.ch\/wp-content\/uploads\/2025\/08\/Sieber_Image_Approval_27_web-1-768x432.webp 768w, https:\/\/www.sieber.ch\/wp-content\/uploads\/2025\/08\/Sieber_Image_Approval_27_web-1-1536x864.webp 1536w, https:\/\/www.sieber.ch\/wp-content\/uploads\/2025\/08\/Sieber_Image_Approval_27_web-1-2048x1152.webp 2048w\" sizes=\"auto, (max-width: 2560px) 100vw, 2560px\" \/><\/figure>\n<\/div>\n<\/div>\n<\/div>\n<\/div>\n\n\n\n<div style=\"height:30px\" aria-hidden=\"true\" class=\"wp-block-spacer\"><\/div>\n\n\n\n<div class=\"wp-block-columns fullWidth bgWhite justify-content-center is-layout-flex wp-container-core-columns-is-layout-9d6595d7 wp-block-columns-is-layout-flex\">\n<div class=\"wp-block-column container is-layout-flow wp-block-column-is-layout-flow\">\n<div class=\"wp-block-columns is-layout-flex wp-container-core-columns-is-layout-9d6595d7 wp-block-columns-is-layout-flex\">\n<div class=\"wp-block-column is-layout-flow wp-block-column-is-layout-flow\">\n<h2 class=\"wp-block-heading\">Pourquoi nous appr\u00e9cions Sieber en tant que partenaire<\/h2>\n\n\n\n<p>Ce que nous appr\u00e9cions particuli\u00e8rement dans cette collaboration, c&rsquo;est l&rsquo;aspect relationnel : \u00ab Ce qui a \u00e9t\u00e9 d\u00e9terminant pour nous, c&rsquo;est le professionnalisme, mais aussi la coll\u00e9gialit\u00e9 et la compr\u00e9hension de l&rsquo;importance de livraisons de haute qualit\u00e9. \u00bb<\/p>\n\n\n\n<p>En \u00e9troite collaboration avec notre \u00e9quipe technique, nous continuons ainsi \u00e0 fournir un service de tr\u00e8s haut niveau et \u00e0 offrir \u00e0 nos clients finaux non seulement un produit, mais aussi une exp\u00e9rience globale coh\u00e9rente.<\/p>\n<\/div>\n<\/div>\n<\/div>\n<\/div>\n\n\n\n<div class=\"wp-block-columns fullWidth bgWhite justify-content-center is-layout-flex wp-container-core-columns-is-layout-9d6595d7 wp-block-columns-is-layout-flex\">\n<div class=\"wp-block-column container is-layout-flow wp-block-column-is-layout-flow\">\n<div style=\"height:20px\" aria-hidden=\"true\" class=\"wp-block-spacer\"><\/div>\n\n\n\n<h2 class=\"wp-block-heading has-text-align-center\"><em>Votre livraison et votre montage sont entre de bonnes mains \u2013 <a href=\"https:\/\/www.sieber.ch\/fr\/contact\/\">contactez<\/a> nous d\u00e8s maintenant.<\/em><\/h2>\n<\/div>\n<\/div>\n\n\n\n<div class=\"wp-block-columns fullWidth bgGrey justify-content-center is-layout-flex wp-container-core-columns-is-layout-9d6595d7 wp-block-columns-is-layout-flex\">\n<div class=\"wp-block-column container is-layout-flow wp-block-column-is-layout-flow\">\n<div style=\"height:50px\" aria-hidden=\"true\" class=\"wp-block-spacer\"><\/div>\n\n\n\n<div class=\"wp-block-columns is-layout-flex wp-container-core-columns-is-layout-9d6595d7 wp-block-columns-is-layout-flex\">\n<div class=\"wp-block-column is-layout-flow wp-block-column-is-layout-flow\">\n<figure class=\"wp-block-image size-large\"><img loading=\"lazy\" decoding=\"async\" width=\"1024\" height=\"576\" src=\"https:\/\/www.sieber.ch\/wp-content\/uploads\/2025\/09\/Michel-Koch-1920x1080px-1024x576.png\" alt=\"\" class=\"wp-image-8164\" style=\"aspect-ratio:3\/2;object-fit:cover\" srcset=\"https:\/\/www.sieber.ch\/wp-content\/uploads\/2025\/09\/Michel-Koch-1920x1080px-1024x576.png 1024w, https:\/\/www.sieber.ch\/wp-content\/uploads\/2025\/09\/Michel-Koch-1920x1080px-300x169.png 300w, https:\/\/www.sieber.ch\/wp-content\/uploads\/2025\/09\/Michel-Koch-1920x1080px-768x432.png 768w, https:\/\/www.sieber.ch\/wp-content\/uploads\/2025\/09\/Michel-Koch-1920x1080px-1536x864.png 1536w, https:\/\/www.sieber.ch\/wp-content\/uploads\/2025\/09\/Michel-Koch-1920x1080px.png 1920w\" sizes=\"auto, (max-width: 1024px) 100vw, 1024px\" \/><\/figure>\n\n\n\n<p class=\"has-small-font-size\">Michel Koch, Propri\u00e9taire<\/p>\n<\/div>\n\n\n\n<div class=\"wp-block-column is-layout-flow wp-block-column-is-layout-flow\">\n<div style=\"height:50px\" aria-hidden=\"true\" class=\"wp-block-spacer\"><\/div>\n\n\n\n<h2 class=\"wp-block-heading\">\u00c0 propos de MoveGroup SA<\/h2>\n\n\n\n<p><strong><a href=\"https:\/\/movegroupag.ch\/\">MoveGroup AG<\/a><\/strong> est un expert en am\u00e9nagement pour la physioth\u00e9rapie, le fitness et l&rsquo;entra\u00eenement fonctionnel.<\/p>\n\n\n\n<p>Forte de nombreuses ann\u00e9es d&rsquo;exp\u00e9rience, de marques de premier ordre et de solutions sur mesure, l&rsquo;entreprise r\u00e9alise des am\u00e9nagements fonctionnels et tourn\u00e9s vers l&rsquo;avenir pour des clients exigeants.<\/p>\n\n\n\n<p>Qu&rsquo;il s&rsquo;agisse d&rsquo;une clinique, d&rsquo;un cabinet de physioth\u00e9rapie ou d&rsquo;une salle de fitness, MoveGroup propose non seulement des appareils, mais aussi des solutions globales bien pens\u00e9es qui inspirent et motivent.<\/p>\n\n\n\n<div style=\"height:50px\" aria-hidden=\"true\" class=\"wp-block-spacer\"><\/div>\n<\/div>\n<\/div>\n<\/div>\n<\/div>\n","protected":false},"excerpt":{"rendered":"<p>Exigences sportives \u2013 solutions sur mesure Que ce soit pour les salles de sport, les cliniques ou les cabinets de<\/p>\n<p><a class=\"wp-block-button__link\" href=\"https:\/\/www.sieber.ch\/fr\/blog\/solutions-sur-mesure-pour-movegroup-ag\/\">Read More&#8230;<\/a><\/p>\n","protected":false},"author":7,"featured_media":7934,"comment_status":"closed","ping_status":"closed","sticky":false,"template":"","format":"standard","meta":{"_acf_changed":false,"footnotes":""},"categories":[108,48],"tags":[],"class_list":["post-8172","post","type-post","status-publish","format-standard","has-post-thumbnail","hentry","category-expert-articles-fr","category-news-fr"],"acf":[],"yoast_head":"<!-- This site is optimized with the Yoast SEO plugin v27.5 - https:\/\/yoast.com\/product\/yoast-seo-wordpress\/ -->\n<title>Solutions sur mesure pour MoveGroup AG - Sieber Logistics AG<\/title>\n<meta name=\"robots\" content=\"index, follow, max-snippet:-1, max-image-preview:large, max-video-preview:-1\" \/>\n<link rel=\"canonical\" href=\"https:\/\/www.sieber.ch\/fr\/blog\/solutions-sur-mesure-pour-movegroup-ag\/\" \/>\n<meta property=\"og:locale\" content=\"fr_FR\" \/>\n<meta property=\"og:type\" content=\"article\" \/>\n<meta property=\"og:title\" content=\"Solutions sur mesure pour MoveGroup AG - Sieber Logistics AG\" \/>\n<meta property=\"og:description\" content=\"Exigences sportives \u2013 solutions sur mesure Que ce soit pour les salles de sport, les cliniques ou les cabinets deRead More...\" \/>\n<meta property=\"og:url\" content=\"https:\/\/www.sieber.ch\/fr\/blog\/solutions-sur-mesure-pour-movegroup-ag\/\" \/>\n<meta property=\"og:site_name\" content=\"Sieber Logistics AG\" \/>\n<meta property=\"article:publisher\" content=\"https:\/\/www.facebook.com\/sieberlogistics\" \/>\n<meta property=\"article:published_time\" content=\"2025-10-02T08:52:32+00:00\" \/>\n<meta property=\"article:modified_time\" content=\"2025-10-02T09:42:44+00:00\" \/>\n<meta property=\"og:image\" content=\"https:\/\/www.sieber.ch\/wp-content\/uploads\/2025\/08\/Sieber_Image_Approval_27_web-1-scaled.webp\" \/>\n\t<meta property=\"og:image:width\" content=\"2560\" \/>\n\t<meta property=\"og:image:height\" content=\"1440\" \/>\n\t<meta property=\"og:image:type\" content=\"image\/webp\" \/>\n<meta name=\"author\" content=\"dorarauseo\" \/>\n<meta name=\"twitter:card\" content=\"summary_large_image\" \/>\n<meta name=\"twitter:label1\" content=\"\u00c9crit par\" \/>\n\t<meta name=\"twitter:data1\" content=\"dorarauseo\" \/>\n\t<meta name=\"twitter:label2\" content=\"Dur\u00e9e de lecture estim\u00e9e\" \/>\n\t<meta name=\"twitter:data2\" content=\"4 minutes\" \/>\n<script type=\"application\/ld+json\" class=\"yoast-schema-graph\">{\"@context\":\"https:\\\/\\\/schema.org\",\"@graph\":[{\"@type\":\"Article\",\"@id\":\"https:\\\/\\\/www.sieber.ch\\\/fr\\\/blog\\\/solutions-sur-mesure-pour-movegroup-ag\\\/#article\",\"isPartOf\":{\"@id\":\"https:\\\/\\\/www.sieber.ch\\\/fr\\\/blog\\\/solutions-sur-mesure-pour-movegroup-ag\\\/\"},\"author\":{\"name\":\"dorarauseo\",\"@id\":\"https:\\\/\\\/www.sieber.ch\\\/fr\\\/#\\\/schema\\\/person\\\/d8e023d3e9b655b24a1e20aab0dec5ac\"},\"headline\":\"Solutions sur mesure pour MoveGroup AG\",\"datePublished\":\"2025-10-02T08:52:32+00:00\",\"dateModified\":\"2025-10-02T09:42:44+00:00\",\"mainEntityOfPage\":{\"@id\":\"https:\\\/\\\/www.sieber.ch\\\/fr\\\/blog\\\/solutions-sur-mesure-pour-movegroup-ag\\\/\"},\"wordCount\":691,\"publisher\":{\"@id\":\"https:\\\/\\\/www.sieber.ch\\\/fr\\\/#organization\"},\"image\":{\"@id\":\"https:\\\/\\\/www.sieber.ch\\\/fr\\\/blog\\\/solutions-sur-mesure-pour-movegroup-ag\\\/#primaryimage\"},\"thumbnailUrl\":\"https:\\\/\\\/www.sieber.ch\\\/wp-content\\\/uploads\\\/2025\\\/08\\\/Sieber_Image_Approval_27_web-1-scaled.webp\",\"articleSection\":[\"Expert articles\",\"News\"],\"inLanguage\":\"fr-FR\"},{\"@type\":\"WebPage\",\"@id\":\"https:\\\/\\\/www.sieber.ch\\\/fr\\\/blog\\\/solutions-sur-mesure-pour-movegroup-ag\\\/\",\"url\":\"https:\\\/\\\/www.sieber.ch\\\/fr\\\/blog\\\/solutions-sur-mesure-pour-movegroup-ag\\\/\",\"name\":\"Solutions sur mesure pour MoveGroup AG - Sieber Logistics AG\",\"isPartOf\":{\"@id\":\"https:\\\/\\\/www.sieber.ch\\\/fr\\\/#website\"},\"primaryImageOfPage\":{\"@id\":\"https:\\\/\\\/www.sieber.ch\\\/fr\\\/blog\\\/solutions-sur-mesure-pour-movegroup-ag\\\/#primaryimage\"},\"image\":{\"@id\":\"https:\\\/\\\/www.sieber.ch\\\/fr\\\/blog\\\/solutions-sur-mesure-pour-movegroup-ag\\\/#primaryimage\"},\"thumbnailUrl\":\"https:\\\/\\\/www.sieber.ch\\\/wp-content\\\/uploads\\\/2025\\\/08\\\/Sieber_Image_Approval_27_web-1-scaled.webp\",\"datePublished\":\"2025-10-02T08:52:32+00:00\",\"dateModified\":\"2025-10-02T09:42:44+00:00\",\"breadcrumb\":{\"@id\":\"https:\\\/\\\/www.sieber.ch\\\/fr\\\/blog\\\/solutions-sur-mesure-pour-movegroup-ag\\\/#breadcrumb\"},\"inLanguage\":\"fr-FR\",\"potentialAction\":[{\"@type\":\"ReadAction\",\"target\":[\"https:\\\/\\\/www.sieber.ch\\\/fr\\\/blog\\\/solutions-sur-mesure-pour-movegroup-ag\\\/\"]}]},{\"@type\":\"ImageObject\",\"inLanguage\":\"fr-FR\",\"@id\":\"https:\\\/\\\/www.sieber.ch\\\/fr\\\/blog\\\/solutions-sur-mesure-pour-movegroup-ag\\\/#primaryimage\",\"url\":\"https:\\\/\\\/www.sieber.ch\\\/wp-content\\\/uploads\\\/2025\\\/08\\\/Sieber_Image_Approval_27_web-1-scaled.webp\",\"contentUrl\":\"https:\\\/\\\/www.sieber.ch\\\/wp-content\\\/uploads\\\/2025\\\/08\\\/Sieber_Image_Approval_27_web-1-scaled.webp\",\"width\":2560,\"height\":1440},{\"@type\":\"BreadcrumbList\",\"@id\":\"https:\\\/\\\/www.sieber.ch\\\/fr\\\/blog\\\/solutions-sur-mesure-pour-movegroup-ag\\\/#breadcrumb\",\"itemListElement\":[{\"@type\":\"ListItem\",\"position\":1,\"name\":\"Home\",\"item\":\"https:\\\/\\\/www.sieber.ch\\\/fr\\\/\"},{\"@type\":\"ListItem\",\"position\":2,\"name\":\"Solutions sur mesure pour MoveGroup AG\"}]},{\"@type\":\"WebSite\",\"@id\":\"https:\\\/\\\/www.sieber.ch\\\/fr\\\/#website\",\"url\":\"https:\\\/\\\/www.sieber.ch\\\/fr\\\/\",\"name\":\"Sieber Transport AG\",\"description\":\"\",\"publisher\":{\"@id\":\"https:\\\/\\\/www.sieber.ch\\\/fr\\\/#organization\"},\"potentialAction\":[{\"@type\":\"SearchAction\",\"target\":{\"@type\":\"EntryPoint\",\"urlTemplate\":\"https:\\\/\\\/www.sieber.ch\\\/fr\\\/?s={search_term_string}\"},\"query-input\":{\"@type\":\"PropertyValueSpecification\",\"valueRequired\":true,\"valueName\":\"search_term_string\"}}],\"inLanguage\":\"fr-FR\"},{\"@type\":\"Organization\",\"@id\":\"https:\\\/\\\/www.sieber.ch\\\/fr\\\/#organization\",\"name\":\"Sieber Transport AG\",\"url\":\"https:\\\/\\\/www.sieber.ch\\\/fr\\\/\",\"logo\":{\"@type\":\"ImageObject\",\"inLanguage\":\"fr-FR\",\"@id\":\"https:\\\/\\\/www.sieber.ch\\\/fr\\\/#\\\/schema\\\/logo\\\/image\\\/\",\"url\":\"https:\\\/\\\/www.sieber.ch\\\/wp-content\\\/uploads\\\/2024\\\/01\\\/logo.png\",\"contentUrl\":\"https:\\\/\\\/www.sieber.ch\\\/wp-content\\\/uploads\\\/2024\\\/01\\\/logo.png\",\"width\":1063,\"height\":358,\"caption\":\"Sieber Transport AG\"},\"image\":{\"@id\":\"https:\\\/\\\/www.sieber.ch\\\/fr\\\/#\\\/schema\\\/logo\\\/image\\\/\"},\"sameAs\":[\"https:\\\/\\\/www.facebook.com\\\/sieberlogistics\",\"https:\\\/\\\/www.linkedin.com\\\/company\\\/sieberlogistics\\\/\"]},{\"@type\":\"Person\",\"@id\":\"https:\\\/\\\/www.sieber.ch\\\/fr\\\/#\\\/schema\\\/person\\\/d8e023d3e9b655b24a1e20aab0dec5ac\",\"name\":\"dorarauseo\",\"image\":{\"@type\":\"ImageObject\",\"inLanguage\":\"fr-FR\",\"@id\":\"https:\\\/\\\/secure.gravatar.com\\\/avatar\\\/88914062d60fda4d73655522543edb68609603692739ecc4ccae497137ad6bdc?s=96&d=mm&r=g\",\"url\":\"https:\\\/\\\/secure.gravatar.com\\\/avatar\\\/88914062d60fda4d73655522543edb68609603692739ecc4ccae497137ad6bdc?s=96&d=mm&r=g\",\"contentUrl\":\"https:\\\/\\\/secure.gravatar.com\\\/avatar\\\/88914062d60fda4d73655522543edb68609603692739ecc4ccae497137ad6bdc?s=96&d=mm&r=g\",\"caption\":\"dorarauseo\"},\"url\":\"https:\\\/\\\/www.sieber.ch\\\/fr\\\/blog\\\/author\\\/dorarauseo\\\/\"}]}<\/script>\n<!-- \/ Yoast SEO plugin. -->","yoast_head_json":{"title":"Solutions sur mesure pour MoveGroup AG - Sieber Logistics AG","robots":{"index":"index","follow":"follow","max-snippet":"max-snippet:-1","max-image-preview":"max-image-preview:large","max-video-preview":"max-video-preview:-1"},"canonical":"https:\/\/www.sieber.ch\/fr\/blog\/solutions-sur-mesure-pour-movegroup-ag\/","og_locale":"fr_FR","og_type":"article","og_title":"Solutions sur mesure pour MoveGroup AG - Sieber Logistics AG","og_description":"Exigences sportives \u2013 solutions sur mesure Que ce soit pour les salles de sport, les cliniques ou les cabinets deRead More...","og_url":"https:\/\/www.sieber.ch\/fr\/blog\/solutions-sur-mesure-pour-movegroup-ag\/","og_site_name":"Sieber Logistics AG","article_publisher":"https:\/\/www.facebook.com\/sieberlogistics","article_published_time":"2025-10-02T08:52:32+00:00","article_modified_time":"2025-10-02T09:42:44+00:00","og_image":[{"width":2560,"height":1440,"url":"https:\/\/www.sieber.ch\/wp-content\/uploads\/2025\/08\/Sieber_Image_Approval_27_web-1-scaled.webp","type":"image\/webp"}],"author":"dorarauseo","twitter_card":"summary_large_image","twitter_misc":{"\u00c9crit par":"dorarauseo","Dur\u00e9e de lecture estim\u00e9e":"4 minutes"},"schema":{"@context":"https:\/\/schema.org","@graph":[{"@type":"Article","@id":"https:\/\/www.sieber.ch\/fr\/blog\/solutions-sur-mesure-pour-movegroup-ag\/#article","isPartOf":{"@id":"https:\/\/www.sieber.ch\/fr\/blog\/solutions-sur-mesure-pour-movegroup-ag\/"},"author":{"name":"dorarauseo","@id":"https:\/\/www.sieber.ch\/fr\/#\/schema\/person\/d8e023d3e9b655b24a1e20aab0dec5ac"},"headline":"Solutions sur mesure pour MoveGroup AG","datePublished":"2025-10-02T08:52:32+00:00","dateModified":"2025-10-02T09:42:44+00:00","mainEntityOfPage":{"@id":"https:\/\/www.sieber.ch\/fr\/blog\/solutions-sur-mesure-pour-movegroup-ag\/"},"wordCount":691,"publisher":{"@id":"https:\/\/www.sieber.ch\/fr\/#organization"},"image":{"@id":"https:\/\/www.sieber.ch\/fr\/blog\/solutions-sur-mesure-pour-movegroup-ag\/#primaryimage"},"thumbnailUrl":"https:\/\/www.sieber.ch\/wp-content\/uploads\/2025\/08\/Sieber_Image_Approval_27_web-1-scaled.webp","articleSection":["Expert articles","News"],"inLanguage":"fr-FR"},{"@type":"WebPage","@id":"https:\/\/www.sieber.ch\/fr\/blog\/solutions-sur-mesure-pour-movegroup-ag\/","url":"https:\/\/www.sieber.ch\/fr\/blog\/solutions-sur-mesure-pour-movegroup-ag\/","name":"Solutions sur mesure pour MoveGroup AG - Sieber Logistics AG","isPartOf":{"@id":"https:\/\/www.sieber.ch\/fr\/#website"},"primaryImageOfPage":{"@id":"https:\/\/www.sieber.ch\/fr\/blog\/solutions-sur-mesure-pour-movegroup-ag\/#primaryimage"},"image":{"@id":"https:\/\/www.sieber.ch\/fr\/blog\/solutions-sur-mesure-pour-movegroup-ag\/#primaryimage"},"thumbnailUrl":"https:\/\/www.sieber.ch\/wp-content\/uploads\/2025\/08\/Sieber_Image_Approval_27_web-1-scaled.webp","datePublished":"2025-10-02T08:52:32+00:00","dateModified":"2025-10-02T09:42:44+00:00","breadcrumb":{"@id":"https:\/\/www.sieber.ch\/fr\/blog\/solutions-sur-mesure-pour-movegroup-ag\/#breadcrumb"},"inLanguage":"fr-FR","potentialAction":[{"@type":"ReadAction","target":["https:\/\/www.sieber.ch\/fr\/blog\/solutions-sur-mesure-pour-movegroup-ag\/"]}]},{"@type":"ImageObject","inLanguage":"fr-FR","@id":"https:\/\/www.sieber.ch\/fr\/blog\/solutions-sur-mesure-pour-movegroup-ag\/#primaryimage","url":"https:\/\/www.sieber.ch\/wp-content\/uploads\/2025\/08\/Sieber_Image_Approval_27_web-1-scaled.webp","contentUrl":"https:\/\/www.sieber.ch\/wp-content\/uploads\/2025\/08\/Sieber_Image_Approval_27_web-1-scaled.webp","width":2560,"height":1440},{"@type":"BreadcrumbList","@id":"https:\/\/www.sieber.ch\/fr\/blog\/solutions-sur-mesure-pour-movegroup-ag\/#breadcrumb","itemListElement":[{"@type":"ListItem","position":1,"name":"Home","item":"https:\/\/www.sieber.ch\/fr\/"},{"@type":"ListItem","position":2,"name":"Solutions sur mesure pour MoveGroup AG"}]},{"@type":"WebSite","@id":"https:\/\/www.sieber.ch\/fr\/#website","url":"https:\/\/www.sieber.ch\/fr\/","name":"Sieber Transport AG","description":"","publisher":{"@id":"https:\/\/www.sieber.ch\/fr\/#organization"},"potentialAction":[{"@type":"SearchAction","target":{"@type":"EntryPoint","urlTemplate":"https:\/\/www.sieber.ch\/fr\/?s={search_term_string}"},"query-input":{"@type":"PropertyValueSpecification","valueRequired":true,"valueName":"search_term_string"}}],"inLanguage":"fr-FR"},{"@type":"Organization","@id":"https:\/\/www.sieber.ch\/fr\/#organization","name":"Sieber Transport AG","url":"https:\/\/www.sieber.ch\/fr\/","logo":{"@type":"ImageObject","inLanguage":"fr-FR","@id":"https:\/\/www.sieber.ch\/fr\/#\/schema\/logo\/image\/","url":"https:\/\/www.sieber.ch\/wp-content\/uploads\/2024\/01\/logo.png","contentUrl":"https:\/\/www.sieber.ch\/wp-content\/uploads\/2024\/01\/logo.png","width":1063,"height":358,"caption":"Sieber Transport AG"},"image":{"@id":"https:\/\/www.sieber.ch\/fr\/#\/schema\/logo\/image\/"},"sameAs":["https:\/\/www.facebook.com\/sieberlogistics","https:\/\/www.linkedin.com\/company\/sieberlogistics\/"]},{"@type":"Person","@id":"https:\/\/www.sieber.ch\/fr\/#\/schema\/person\/d8e023d3e9b655b24a1e20aab0dec5ac","name":"dorarauseo","image":{"@type":"ImageObject","inLanguage":"fr-FR","@id":"https:\/\/secure.gravatar.com\/avatar\/88914062d60fda4d73655522543edb68609603692739ecc4ccae497137ad6bdc?s=96&d=mm&r=g","url":"https:\/\/secure.gravatar.com\/avatar\/88914062d60fda4d73655522543edb68609603692739ecc4ccae497137ad6bdc?s=96&d=mm&r=g","contentUrl":"https:\/\/secure.gravatar.com\/avatar\/88914062d60fda4d73655522543edb68609603692739ecc4ccae497137ad6bdc?s=96&d=mm&r=g","caption":"dorarauseo"},"url":"https:\/\/www.sieber.ch\/fr\/blog\/author\/dorarauseo\/"}]}},"_links":{"self":[{"href":"https:\/\/www.sieber.ch\/fr\/wp-json\/wp\/v2\/posts\/8172","targetHints":{"allow":["GET"]}}],"collection":[{"href":"https:\/\/www.sieber.ch\/fr\/wp-json\/wp\/v2\/posts"}],"about":[{"href":"https:\/\/www.sieber.ch\/fr\/wp-json\/wp\/v2\/types\/post"}],"author":[{"embeddable":true,"href":"https:\/\/www.sieber.ch\/fr\/wp-json\/wp\/v2\/users\/7"}],"replies":[{"embeddable":true,"href":"https:\/\/www.sieber.ch\/fr\/wp-json\/wp\/v2\/comments?post=8172"}],"version-history":[{"count":2,"href":"https:\/\/www.sieber.ch\/fr\/wp-json\/wp\/v2\/posts\/8172\/revisions"}],"predecessor-version":[{"id":8175,"href":"https:\/\/www.sieber.ch\/fr\/wp-json\/wp\/v2\/posts\/8172\/revisions\/8175"}],"wp:featuredmedia":[{"embeddable":true,"href":"https:\/\/www.sieber.ch\/fr\/wp-json\/wp\/v2\/media\/7934"}],"wp:attachment":[{"href":"https:\/\/www.sieber.ch\/fr\/wp-json\/wp\/v2\/media?parent=8172"}],"wp:term":[{"taxonomy":"category","embeddable":true,"href":"https:\/\/www.sieber.ch\/fr\/wp-json\/wp\/v2\/categories?post=8172"},{"taxonomy":"post_tag","embeddable":true,"href":"https:\/\/www.sieber.ch\/fr\/wp-json\/wp\/v2\/tags?post=8172"}],"curies":[{"name":"wp","href":"https:\/\/api.w.org\/{rel}","templated":true}]}}