{"id":7991,"date":"2025-08-14T06:15:29","date_gmt":"2025-08-14T05:15:29","guid":{"rendered":"https:\/\/www.sieber.ch\/?p=7991"},"modified":"2025-08-14T08:10:06","modified_gmt":"2025-08-14T07:10:06","slug":"choc-tarifaire-usa-garder-le-cap-en-periode-difficile","status":"publish","type":"post","link":"https:\/\/www.sieber.ch\/fr\/blog\/choc-tarifaire-usa-garder-le-cap-en-periode-difficile\/","title":{"rendered":"Choc tarifaire USA \u2013 Garder le cap en p\u00e9riode difficile"},"content":{"rendered":"<div class=\"n2_clear\"><ss3-force-full-width data-overflow-x=\"body\" data-horizontal-selector=\"body\"><div class=\"n2-section-smartslider fitvidsignore  n2_clear\" data-ssid=\"100\"><div id=\"n2-ss-100-align\" class=\"n2-ss-align\"><div class=\"n2-padding\"><div id=\"n2-ss-100\" data-creator=\"Smart Slider 3\" data-responsive=\"fullwidth\" class=\"n2-ss-slider n2-ow n2-has-hover n2notransition  \">\n        <div class=\"n2-ss-slider-1 n2_ss__touch_element n2-ow\">\n            <div class=\"n2-ss-slider-2 n2-ow\">\n                                                <div class=\"n2-ss-slider-3 n2-ow\">\n\n                    <div class=\"n2-ss-slide-backgrounds n2-ow-all\"><div class=\"n2-ss-slide-background\" data-public-id=\"1\" data-mode=\"fill\"><div class=\"n2-ss-slide-background-image\" data-blur=\"0\" data-opacity=\"100\" data-x=\"38\" data-y=\"77\" data-alt=\"Woman with glasses in front of a group of people\" data-title=\"\" style=\"--ss-o-pos-x:38%;--ss-o-pos-y:77%\"><picture class=\"skip-lazy\" data-skip-lazy=\"1\"><img decoding=\"async\" src=\"\/\/www.sieber.ch\/wp-content\/uploads\/2024\/01\/News-1277948801.webp\" alt=\"Woman with glasses in front of a group of people\" title=\"\" loading=\"lazy\" class=\"skip-lazy\" data-skip-lazy=\"1\"><\/picture><\/div><div data-color=\"RGBA(0,0,0,0.52)\" style=\"background-color: RGBA(0,0,0,0.52);\" class=\"n2-ss-slide-background-color\" data-overlay=\"1\"><\/div><\/div><\/div>                    <div class=\"n2-ss-slider-4 n2-ow\">\n                        <svg xmlns=\"http:\/\/www.w3.org\/2000\/svg\" viewBox=\"0 0 1200 650\" data-related-device=\"desktopPortrait\" class=\"n2-ow n2-ss-preserve-size n2-ss-preserve-size--slider n2-ss-slide-limiter\"><\/svg><div data-first=\"1\" data-slide-duration=\"0\" data-id=\"114\" data-slide-public-id=\"1\" data-title=\"Services banner\" class=\"n2-ss-slide n2-ow  n2-ss-slide-114\"><div role=\"note\" class=\"n2-ss-slide--focus\" tabindex=\"-1\">Services banner<\/div><div class=\"n2-ss-layers-container n2-ss-slide-limiter n2-ow\"><div class=\"n2-ss-layer n2-ow n-uc-2luDAwVGLylp\" data-sstype=\"slide\" data-pm=\"default\"><div class=\"n2-ss-layer n2-ow n-uc-2pUNtEJPFRkA\" data-pm=\"default\" data-sstype=\"content\" data-hasbackground=\"0\"><div class=\"n2-ss-section-main-content n2-ss-layer-with-background n2-ss-layer-content n2-ow n-uc-2pUNtEJPFRkA-inner\"><div class=\"n2-ss-layer n2-ow n-uc-f4gam8jurX0X\" data-pm=\"normal\" data-sstype=\"layer\"><div id=\"n2-ss-100item1\" class=\"n2-font-89c0603c56ffcf23cbe2a31a6751ddf6-hover   n2-ss-item-content n2-ss-text n2-ow\" style=\"display:block;\"><\/div><\/div><\/div><\/div><\/div><\/div><\/div>                    <\/div>\n\n                                    <\/div>\n            <\/div>\n        <\/div>\n        <\/div><ss3-loader><\/ss3-loader><\/div><\/div><div class=\"n2_clear\"><\/div><\/div><\/ss3-force-full-width><\/div>\n\n\n<figure class=\"wp-block-image size-large\"><img loading=\"lazy\" decoding=\"async\" width=\"1024\" height=\"576\" src=\"https:\/\/www.sieber.ch\/wp-content\/uploads\/2025\/08\/7-1024x576.jpg\" alt=\"\" class=\"wp-image-7970\" srcset=\"https:\/\/www.sieber.ch\/wp-content\/uploads\/2025\/08\/7-1024x576.jpg 1024w, https:\/\/www.sieber.ch\/wp-content\/uploads\/2025\/08\/7-300x169.jpg 300w, https:\/\/www.sieber.ch\/wp-content\/uploads\/2025\/08\/7-768x432.jpg 768w, https:\/\/www.sieber.ch\/wp-content\/uploads\/2025\/08\/7-1536x864.jpg 1536w, https:\/\/www.sieber.ch\/wp-content\/uploads\/2025\/08\/7.jpg 1920w\" sizes=\"auto, (max-width: 1024px) 100vw, 1024px\" \/><\/figure>\n\n\n\n<p><\/p>\n\n\n\n<h2 class=\"wp-block-heading\">Choc tarifaire USA \u2013 Garder le cap en p\u00e9riode difficile<\/h2>\n\n\n\n<p>Les nouveaux droits de douane am\u00e9ricains mettent les exportateurs suisses \u00e0 rude \u00e9preuve. En particulier dans les secteurs du luxe et de l\u2019industrie, ils entra\u00eenent une hausse des prix et une charge administrative suppl\u00e9mentaire. Pour de nombreuses entreprises, une chose est claire : sans strat\u00e9gies intelligentes et un partenaire fiable, le risque de baisse des ventes est \u00e9lev\u00e9, notamment dans le segment du luxe, o\u00f9 la demande aux \u00c9tats-Unis est d\u00e9j\u00e0 sous pression.<\/p>\n\n\n\n<p>Les marchandises qui \u00e9taient d\u00e9j\u00e0 en route vers leur destination finale \u2013 par exemple \u00e0 bord d\u2019un navire de fret \u2013 ou stock\u00e9es dans un entrep\u00f4t sous douane avant le 7 ao\u00fbt 2025, peuvent encore b\u00e9n\u00e9ficier de l\u2019ancien taux de douane \u00e0 l\u2019entr\u00e9e aux \u00c9tats-Unis. Pour ces cargaisons, le taux de 10 % reste applicable, mais uniquement si elles sont mises en libre circulation aux \u00c9tats-Unis au plus tard le 5 octobre 2025. Pass\u00e9 cette date, le tarif nettement plus \u00e9lev\u00e9 s\u2019appliquera \u00e9galement \u00e0 ces marchandises.<\/p>\n\n\n\n<p>Parall\u00e8lement, il existe des signes indiquant que les nouvelles dispositions pourraient entra\u00eener des retards dans le d\u00e9douanement. Les premiers rapports font \u00e9tat de ralentissements importants, voire de blocages complets dans le flux de marchandises. Sieber ne peut pas emp\u00eacher ces perturbations, mais met tout en \u0153uvre pour en limiter l\u2019impact sur ses clients. Cela comprend une communication rapide, une coordination \u00e9troite avec les partenaires am\u00e9ricains et une planification proactive, afin que les marchandises arrivent \u00e0 destination m\u00eame dans des conditions difficiles.<\/p>\n\n\n\n<p>C\u2019est pr\u00e9cis\u00e9ment dans ces moments que l\u2019exp\u00e9rience fait la diff\u00e9rence. Sieber propose un accompagnement personnalis\u00e9 et prend en charge votre exp\u00e9dition outre-mer, de la planification jusqu\u2019\u00e0 la livraison r\u00e9ussie.<br>Vous avez des envois vers les \u00c9tats-Unis et besoin d\u2019assistance ? Contactez-nous \u00e0 l\u2019adresse : <a href=\"mailto:sales@sieber.ch\" target=\"_blank\" rel=\"noreferrer noopener\">sales@sieber.ch<\/a>.<\/p>\n\n\n\n<p>M\u00eame en p\u00e9riode difficile, nous restons un partenaire solide et fiable pour nos clients.<\/p>\n\n\n\n<p><\/p>\n","protected":false},"excerpt":{"rendered":"<p>Choc tarifaire USA \u2013 Garder le cap en p\u00e9riode difficile Les nouveaux droits de douane am\u00e9ricains mettent les exportateurs suisses<\/p>\n<p><a class=\"wp-block-button__link\" href=\"https:\/\/www.sieber.ch\/fr\/blog\/choc-tarifaire-usa-garder-le-cap-en-periode-difficile\/\">Read More&#8230;<\/a><\/p>\n","protected":false},"author":36,"featured_media":7972,"comment_status":"closed","ping_status":"closed","sticky":false,"template":"","format":"standard","meta":{"_acf_changed":false,"footnotes":""},"categories":[48],"tags":[],"class_list":["post-7991","post","type-post","status-publish","format-standard","has-post-thumbnail","hentry","category-news-fr"],"acf":[],"yoast_head":"<!-- This site is optimized with the Yoast SEO plugin v27.5 - https:\/\/yoast.com\/product\/yoast-seo-wordpress\/ -->\n<title>Choc tarifaire USA \u2013 Garder le cap en p\u00e9riode difficile - Sieber Logistics AG<\/title>\n<meta name=\"robots\" content=\"index, follow, max-snippet:-1, max-image-preview:large, max-video-preview:-1\" \/>\n<link rel=\"canonical\" href=\"https:\/\/www.sieber.ch\/fr\/blog\/choc-tarifaire-usa-garder-le-cap-en-periode-difficile\/\" \/>\n<meta property=\"og:locale\" content=\"fr_FR\" \/>\n<meta property=\"og:type\" content=\"article\" \/>\n<meta property=\"og:title\" content=\"Choc tarifaire USA \u2013 Garder le cap en p\u00e9riode difficile - Sieber Logistics AG\" \/>\n<meta property=\"og:description\" content=\"Choc tarifaire USA \u2013 Garder le cap en p\u00e9riode difficile Les nouveaux droits de douane am\u00e9ricains mettent les exportateurs suissesRead More...\" \/>\n<meta property=\"og:url\" content=\"https:\/\/www.sieber.ch\/fr\/blog\/choc-tarifaire-usa-garder-le-cap-en-periode-difficile\/\" \/>\n<meta property=\"og:site_name\" content=\"Sieber Logistics AG\" \/>\n<meta property=\"article:publisher\" content=\"https:\/\/www.facebook.com\/sieberlogistics\" \/>\n<meta property=\"article:published_time\" content=\"2025-08-14T05:15:29+00:00\" \/>\n<meta property=\"article:modified_time\" content=\"2025-08-14T07:10:06+00:00\" \/>\n<meta property=\"og:image\" content=\"https:\/\/www.sieber.ch\/wp-content\/uploads\/2025\/08\/7.jpg\" \/>\n\t<meta property=\"og:image:width\" content=\"1920\" \/>\n\t<meta property=\"og:image:height\" content=\"1080\" \/>\n\t<meta property=\"og:image:type\" content=\"image\/jpeg\" \/>\n<meta name=\"author\" content=\"janinehubli\" \/>\n<meta name=\"twitter:card\" content=\"summary_large_image\" \/>\n<meta name=\"twitter:label1\" content=\"\u00c9crit par\" \/>\n\t<meta name=\"twitter:data1\" content=\"janinehubli\" \/>\n\t<meta name=\"twitter:label2\" content=\"Dur\u00e9e de lecture estim\u00e9e\" \/>\n\t<meta name=\"twitter:data2\" content=\"3 minutes\" \/>\n<script type=\"application\/ld+json\" class=\"yoast-schema-graph\">{\"@context\":\"https:\\\/\\\/schema.org\",\"@graph\":[{\"@type\":\"Article\",\"@id\":\"https:\\\/\\\/www.sieber.ch\\\/fr\\\/blog\\\/choc-tarifaire-usa-garder-le-cap-en-periode-difficile\\\/#article\",\"isPartOf\":{\"@id\":\"https:\\\/\\\/www.sieber.ch\\\/fr\\\/blog\\\/choc-tarifaire-usa-garder-le-cap-en-periode-difficile\\\/\"},\"author\":{\"name\":\"janinehubli\",\"@id\":\"https:\\\/\\\/www.sieber.ch\\\/fr\\\/#\\\/schema\\\/person\\\/c1a73504867bcd96783ba88cd20c28de\"},\"headline\":\"Choc tarifaire USA \u2013 Garder le cap en p\u00e9riode difficile\",\"datePublished\":\"2025-08-14T05:15:29+00:00\",\"dateModified\":\"2025-08-14T07:10:06+00:00\",\"mainEntityOfPage\":{\"@id\":\"https:\\\/\\\/www.sieber.ch\\\/fr\\\/blog\\\/choc-tarifaire-usa-garder-le-cap-en-periode-difficile\\\/\"},\"wordCount\":342,\"publisher\":{\"@id\":\"https:\\\/\\\/www.sieber.ch\\\/fr\\\/#organization\"},\"image\":{\"@id\":\"https:\\\/\\\/www.sieber.ch\\\/fr\\\/blog\\\/choc-tarifaire-usa-garder-le-cap-en-periode-difficile\\\/#primaryimage\"},\"thumbnailUrl\":\"https:\\\/\\\/www.sieber.ch\\\/wp-content\\\/uploads\\\/2025\\\/08\\\/7.jpg\",\"articleSection\":[\"News\"],\"inLanguage\":\"fr-FR\"},{\"@type\":\"WebPage\",\"@id\":\"https:\\\/\\\/www.sieber.ch\\\/fr\\\/blog\\\/choc-tarifaire-usa-garder-le-cap-en-periode-difficile\\\/\",\"url\":\"https:\\\/\\\/www.sieber.ch\\\/fr\\\/blog\\\/choc-tarifaire-usa-garder-le-cap-en-periode-difficile\\\/\",\"name\":\"Choc tarifaire USA \u2013 Garder le cap en p\u00e9riode difficile - Sieber Logistics AG\",\"isPartOf\":{\"@id\":\"https:\\\/\\\/www.sieber.ch\\\/fr\\\/#website\"},\"primaryImageOfPage\":{\"@id\":\"https:\\\/\\\/www.sieber.ch\\\/fr\\\/blog\\\/choc-tarifaire-usa-garder-le-cap-en-periode-difficile\\\/#primaryimage\"},\"image\":{\"@id\":\"https:\\\/\\\/www.sieber.ch\\\/fr\\\/blog\\\/choc-tarifaire-usa-garder-le-cap-en-periode-difficile\\\/#primaryimage\"},\"thumbnailUrl\":\"https:\\\/\\\/www.sieber.ch\\\/wp-content\\\/uploads\\\/2025\\\/08\\\/7.jpg\",\"datePublished\":\"2025-08-14T05:15:29+00:00\",\"dateModified\":\"2025-08-14T07:10:06+00:00\",\"breadcrumb\":{\"@id\":\"https:\\\/\\\/www.sieber.ch\\\/fr\\\/blog\\\/choc-tarifaire-usa-garder-le-cap-en-periode-difficile\\\/#breadcrumb\"},\"inLanguage\":\"fr-FR\",\"potentialAction\":[{\"@type\":\"ReadAction\",\"target\":[\"https:\\\/\\\/www.sieber.ch\\\/fr\\\/blog\\\/choc-tarifaire-usa-garder-le-cap-en-periode-difficile\\\/\"]}]},{\"@type\":\"ImageObject\",\"inLanguage\":\"fr-FR\",\"@id\":\"https:\\\/\\\/www.sieber.ch\\\/fr\\\/blog\\\/choc-tarifaire-usa-garder-le-cap-en-periode-difficile\\\/#primaryimage\",\"url\":\"https:\\\/\\\/www.sieber.ch\\\/wp-content\\\/uploads\\\/2025\\\/08\\\/7.jpg\",\"contentUrl\":\"https:\\\/\\\/www.sieber.ch\\\/wp-content\\\/uploads\\\/2025\\\/08\\\/7.jpg\",\"width\":1920,\"height\":1080},{\"@type\":\"BreadcrumbList\",\"@id\":\"https:\\\/\\\/www.sieber.ch\\\/fr\\\/blog\\\/choc-tarifaire-usa-garder-le-cap-en-periode-difficile\\\/#breadcrumb\",\"itemListElement\":[{\"@type\":\"ListItem\",\"position\":1,\"name\":\"Home\",\"item\":\"https:\\\/\\\/www.sieber.ch\\\/fr\\\/\"},{\"@type\":\"ListItem\",\"position\":2,\"name\":\"Choc tarifaire USA \u2013 Garder le cap en p\u00e9riode difficile\"}]},{\"@type\":\"WebSite\",\"@id\":\"https:\\\/\\\/www.sieber.ch\\\/fr\\\/#website\",\"url\":\"https:\\\/\\\/www.sieber.ch\\\/fr\\\/\",\"name\":\"Sieber Transport AG\",\"description\":\"\",\"publisher\":{\"@id\":\"https:\\\/\\\/www.sieber.ch\\\/fr\\\/#organization\"},\"potentialAction\":[{\"@type\":\"SearchAction\",\"target\":{\"@type\":\"EntryPoint\",\"urlTemplate\":\"https:\\\/\\\/www.sieber.ch\\\/fr\\\/?s={search_term_string}\"},\"query-input\":{\"@type\":\"PropertyValueSpecification\",\"valueRequired\":true,\"valueName\":\"search_term_string\"}}],\"inLanguage\":\"fr-FR\"},{\"@type\":\"Organization\",\"@id\":\"https:\\\/\\\/www.sieber.ch\\\/fr\\\/#organization\",\"name\":\"Sieber Transport AG\",\"url\":\"https:\\\/\\\/www.sieber.ch\\\/fr\\\/\",\"logo\":{\"@type\":\"ImageObject\",\"inLanguage\":\"fr-FR\",\"@id\":\"https:\\\/\\\/www.sieber.ch\\\/fr\\\/#\\\/schema\\\/logo\\\/image\\\/\",\"url\":\"https:\\\/\\\/www.sieber.ch\\\/wp-content\\\/uploads\\\/2024\\\/01\\\/logo.png\",\"contentUrl\":\"https:\\\/\\\/www.sieber.ch\\\/wp-content\\\/uploads\\\/2024\\\/01\\\/logo.png\",\"width\":1063,\"height\":358,\"caption\":\"Sieber Transport AG\"},\"image\":{\"@id\":\"https:\\\/\\\/www.sieber.ch\\\/fr\\\/#\\\/schema\\\/logo\\\/image\\\/\"},\"sameAs\":[\"https:\\\/\\\/www.facebook.com\\\/sieberlogistics\",\"https:\\\/\\\/www.linkedin.com\\\/company\\\/sieberlogistics\\\/\"]},{\"@type\":\"Person\",\"@id\":\"https:\\\/\\\/www.sieber.ch\\\/fr\\\/#\\\/schema\\\/person\\\/c1a73504867bcd96783ba88cd20c28de\",\"name\":\"janinehubli\",\"image\":{\"@type\":\"ImageObject\",\"inLanguage\":\"fr-FR\",\"@id\":\"https:\\\/\\\/secure.gravatar.com\\\/avatar\\\/4f9be5f31c9656b59f0ab6db5051c1f33bd39915355871fc4e5d83f48e3284ae?s=96&d=mm&r=g\",\"url\":\"https:\\\/\\\/secure.gravatar.com\\\/avatar\\\/4f9be5f31c9656b59f0ab6db5051c1f33bd39915355871fc4e5d83f48e3284ae?s=96&d=mm&r=g\",\"contentUrl\":\"https:\\\/\\\/secure.gravatar.com\\\/avatar\\\/4f9be5f31c9656b59f0ab6db5051c1f33bd39915355871fc4e5d83f48e3284ae?s=96&d=mm&r=g\",\"caption\":\"janinehubli\"},\"url\":\"https:\\\/\\\/www.sieber.ch\\\/fr\\\/blog\\\/author\\\/janinehubli\\\/\"}]}<\/script>\n<!-- \/ Yoast SEO plugin. -->","yoast_head_json":{"title":"Choc tarifaire USA \u2013 Garder le cap en p\u00e9riode difficile - Sieber Logistics AG","robots":{"index":"index","follow":"follow","max-snippet":"max-snippet:-1","max-image-preview":"max-image-preview:large","max-video-preview":"max-video-preview:-1"},"canonical":"https:\/\/www.sieber.ch\/fr\/blog\/choc-tarifaire-usa-garder-le-cap-en-periode-difficile\/","og_locale":"fr_FR","og_type":"article","og_title":"Choc tarifaire USA \u2013 Garder le cap en p\u00e9riode difficile - Sieber Logistics AG","og_description":"Choc tarifaire USA \u2013 Garder le cap en p\u00e9riode difficile Les nouveaux droits de douane am\u00e9ricains mettent les exportateurs suissesRead More...","og_url":"https:\/\/www.sieber.ch\/fr\/blog\/choc-tarifaire-usa-garder-le-cap-en-periode-difficile\/","og_site_name":"Sieber Logistics AG","article_publisher":"https:\/\/www.facebook.com\/sieberlogistics","article_published_time":"2025-08-14T05:15:29+00:00","article_modified_time":"2025-08-14T07:10:06+00:00","og_image":[{"width":1920,"height":1080,"url":"https:\/\/www.sieber.ch\/wp-content\/uploads\/2025\/08\/7.jpg","type":"image\/jpeg"}],"author":"janinehubli","twitter_card":"summary_large_image","twitter_misc":{"\u00c9crit par":"janinehubli","Dur\u00e9e de lecture estim\u00e9e":"3 minutes"},"schema":{"@context":"https:\/\/schema.org","@graph":[{"@type":"Article","@id":"https:\/\/www.sieber.ch\/fr\/blog\/choc-tarifaire-usa-garder-le-cap-en-periode-difficile\/#article","isPartOf":{"@id":"https:\/\/www.sieber.ch\/fr\/blog\/choc-tarifaire-usa-garder-le-cap-en-periode-difficile\/"},"author":{"name":"janinehubli","@id":"https:\/\/www.sieber.ch\/fr\/#\/schema\/person\/c1a73504867bcd96783ba88cd20c28de"},"headline":"Choc tarifaire USA \u2013 Garder le cap en p\u00e9riode difficile","datePublished":"2025-08-14T05:15:29+00:00","dateModified":"2025-08-14T07:10:06+00:00","mainEntityOfPage":{"@id":"https:\/\/www.sieber.ch\/fr\/blog\/choc-tarifaire-usa-garder-le-cap-en-periode-difficile\/"},"wordCount":342,"publisher":{"@id":"https:\/\/www.sieber.ch\/fr\/#organization"},"image":{"@id":"https:\/\/www.sieber.ch\/fr\/blog\/choc-tarifaire-usa-garder-le-cap-en-periode-difficile\/#primaryimage"},"thumbnailUrl":"https:\/\/www.sieber.ch\/wp-content\/uploads\/2025\/08\/7.jpg","articleSection":["News"],"inLanguage":"fr-FR"},{"@type":"WebPage","@id":"https:\/\/www.sieber.ch\/fr\/blog\/choc-tarifaire-usa-garder-le-cap-en-periode-difficile\/","url":"https:\/\/www.sieber.ch\/fr\/blog\/choc-tarifaire-usa-garder-le-cap-en-periode-difficile\/","name":"Choc tarifaire USA \u2013 Garder le cap en p\u00e9riode difficile - Sieber Logistics AG","isPartOf":{"@id":"https:\/\/www.sieber.ch\/fr\/#website"},"primaryImageOfPage":{"@id":"https:\/\/www.sieber.ch\/fr\/blog\/choc-tarifaire-usa-garder-le-cap-en-periode-difficile\/#primaryimage"},"image":{"@id":"https:\/\/www.sieber.ch\/fr\/blog\/choc-tarifaire-usa-garder-le-cap-en-periode-difficile\/#primaryimage"},"thumbnailUrl":"https:\/\/www.sieber.ch\/wp-content\/uploads\/2025\/08\/7.jpg","datePublished":"2025-08-14T05:15:29+00:00","dateModified":"2025-08-14T07:10:06+00:00","breadcrumb":{"@id":"https:\/\/www.sieber.ch\/fr\/blog\/choc-tarifaire-usa-garder-le-cap-en-periode-difficile\/#breadcrumb"},"inLanguage":"fr-FR","potentialAction":[{"@type":"ReadAction","target":["https:\/\/www.sieber.ch\/fr\/blog\/choc-tarifaire-usa-garder-le-cap-en-periode-difficile\/"]}]},{"@type":"ImageObject","inLanguage":"fr-FR","@id":"https:\/\/www.sieber.ch\/fr\/blog\/choc-tarifaire-usa-garder-le-cap-en-periode-difficile\/#primaryimage","url":"https:\/\/www.sieber.ch\/wp-content\/uploads\/2025\/08\/7.jpg","contentUrl":"https:\/\/www.sieber.ch\/wp-content\/uploads\/2025\/08\/7.jpg","width":1920,"height":1080},{"@type":"BreadcrumbList","@id":"https:\/\/www.sieber.ch\/fr\/blog\/choc-tarifaire-usa-garder-le-cap-en-periode-difficile\/#breadcrumb","itemListElement":[{"@type":"ListItem","position":1,"name":"Home","item":"https:\/\/www.sieber.ch\/fr\/"},{"@type":"ListItem","position":2,"name":"Choc tarifaire USA \u2013 Garder le cap en p\u00e9riode difficile"}]},{"@type":"WebSite","@id":"https:\/\/www.sieber.ch\/fr\/#website","url":"https:\/\/www.sieber.ch\/fr\/","name":"Sieber Transport AG","description":"","publisher":{"@id":"https:\/\/www.sieber.ch\/fr\/#organization"},"potentialAction":[{"@type":"SearchAction","target":{"@type":"EntryPoint","urlTemplate":"https:\/\/www.sieber.ch\/fr\/?s={search_term_string}"},"query-input":{"@type":"PropertyValueSpecification","valueRequired":true,"valueName":"search_term_string"}}],"inLanguage":"fr-FR"},{"@type":"Organization","@id":"https:\/\/www.sieber.ch\/fr\/#organization","name":"Sieber Transport AG","url":"https:\/\/www.sieber.ch\/fr\/","logo":{"@type":"ImageObject","inLanguage":"fr-FR","@id":"https:\/\/www.sieber.ch\/fr\/#\/schema\/logo\/image\/","url":"https:\/\/www.sieber.ch\/wp-content\/uploads\/2024\/01\/logo.png","contentUrl":"https:\/\/www.sieber.ch\/wp-content\/uploads\/2024\/01\/logo.png","width":1063,"height":358,"caption":"Sieber Transport AG"},"image":{"@id":"https:\/\/www.sieber.ch\/fr\/#\/schema\/logo\/image\/"},"sameAs":["https:\/\/www.facebook.com\/sieberlogistics","https:\/\/www.linkedin.com\/company\/sieberlogistics\/"]},{"@type":"Person","@id":"https:\/\/www.sieber.ch\/fr\/#\/schema\/person\/c1a73504867bcd96783ba88cd20c28de","name":"janinehubli","image":{"@type":"ImageObject","inLanguage":"fr-FR","@id":"https:\/\/secure.gravatar.com\/avatar\/4f9be5f31c9656b59f0ab6db5051c1f33bd39915355871fc4e5d83f48e3284ae?s=96&d=mm&r=g","url":"https:\/\/secure.gravatar.com\/avatar\/4f9be5f31c9656b59f0ab6db5051c1f33bd39915355871fc4e5d83f48e3284ae?s=96&d=mm&r=g","contentUrl":"https:\/\/secure.gravatar.com\/avatar\/4f9be5f31c9656b59f0ab6db5051c1f33bd39915355871fc4e5d83f48e3284ae?s=96&d=mm&r=g","caption":"janinehubli"},"url":"https:\/\/www.sieber.ch\/fr\/blog\/author\/janinehubli\/"}]}},"_links":{"self":[{"href":"https:\/\/www.sieber.ch\/fr\/wp-json\/wp\/v2\/posts\/7991","targetHints":{"allow":["GET"]}}],"collection":[{"href":"https:\/\/www.sieber.ch\/fr\/wp-json\/wp\/v2\/posts"}],"about":[{"href":"https:\/\/www.sieber.ch\/fr\/wp-json\/wp\/v2\/types\/post"}],"author":[{"embeddable":true,"href":"https:\/\/www.sieber.ch\/fr\/wp-json\/wp\/v2\/users\/36"}],"replies":[{"embeddable":true,"href":"https:\/\/www.sieber.ch\/fr\/wp-json\/wp\/v2\/comments?post=7991"}],"version-history":[{"count":2,"href":"https:\/\/www.sieber.ch\/fr\/wp-json\/wp\/v2\/posts\/7991\/revisions"}],"predecessor-version":[{"id":7996,"href":"https:\/\/www.sieber.ch\/fr\/wp-json\/wp\/v2\/posts\/7991\/revisions\/7996"}],"wp:featuredmedia":[{"embeddable":true,"href":"https:\/\/www.sieber.ch\/fr\/wp-json\/wp\/v2\/media\/7972"}],"wp:attachment":[{"href":"https:\/\/www.sieber.ch\/fr\/wp-json\/wp\/v2\/media?parent=7991"}],"wp:term":[{"taxonomy":"category","embeddable":true,"href":"https:\/\/www.sieber.ch\/fr\/wp-json\/wp\/v2\/categories?post=7991"},{"taxonomy":"post_tag","embeddable":true,"href":"https:\/\/www.sieber.ch\/fr\/wp-json\/wp\/v2\/tags?post=7991"}],"curies":[{"name":"wp","href":"https:\/\/api.w.org\/{rel}","templated":true}]}}