{"id":7907,"date":"2025-08-07T10:52:25","date_gmt":"2025-08-07T09:52:25","guid":{"rendered":"https:\/\/www.sieber.ch\/?p=7907"},"modified":"2025-08-08T05:49:40","modified_gmt":"2025-08-08T04:49:40","slug":"un-vent-de-fraicheur-apporte-de-nouveaux-talents","status":"publish","type":"post","link":"https:\/\/www.sieber.ch\/fr\/blog\/un-vent-de-fraicheur-apporte-de-nouveaux-talents\/","title":{"rendered":"De nouveaux talents apportent un souffle nouveau"},"content":{"rendered":"<div class=\"n2_clear\"><ss3-force-full-width data-overflow-x=\"body\" data-horizontal-selector=\"body\"><div class=\"n2-section-smartslider fitvidsignore  n2_clear\" data-ssid=\"100\"><div id=\"n2-ss-100-align\" class=\"n2-ss-align\"><div class=\"n2-padding\"><div id=\"n2-ss-100\" data-creator=\"Smart Slider 3\" data-responsive=\"fullwidth\" class=\"n2-ss-slider n2-ow n2-has-hover n2notransition  \">\n        <div class=\"n2-ss-slider-1 n2_ss__touch_element n2-ow\">\n            <div class=\"n2-ss-slider-2 n2-ow\">\n                                                <div class=\"n2-ss-slider-3 n2-ow\">\n\n                    <div class=\"n2-ss-slide-backgrounds n2-ow-all\"><div class=\"n2-ss-slide-background\" data-public-id=\"1\" data-mode=\"fill\"><div class=\"n2-ss-slide-background-image\" data-blur=\"0\" data-opacity=\"100\" data-x=\"38\" data-y=\"77\" data-alt=\"Woman with glasses in front of a group of people\" data-title=\"\" style=\"--ss-o-pos-x:38%;--ss-o-pos-y:77%\"><picture class=\"skip-lazy\" data-skip-lazy=\"1\"><img decoding=\"async\" src=\"\/\/www.sieber.ch\/wp-content\/uploads\/2024\/01\/News-1277948801.webp\" alt=\"Woman with glasses in front of a group of people\" title=\"\" loading=\"lazy\" class=\"skip-lazy\" data-skip-lazy=\"1\"><\/picture><\/div><div data-color=\"RGBA(0,0,0,0.52)\" style=\"background-color: RGBA(0,0,0,0.52);\" class=\"n2-ss-slide-background-color\" data-overlay=\"1\"><\/div><\/div><\/div>                    <div class=\"n2-ss-slider-4 n2-ow\">\n                        <svg xmlns=\"http:\/\/www.w3.org\/2000\/svg\" viewBox=\"0 0 1200 650\" data-related-device=\"desktopPortrait\" class=\"n2-ow n2-ss-preserve-size n2-ss-preserve-size--slider n2-ss-slide-limiter\"><\/svg><div data-first=\"1\" data-slide-duration=\"0\" data-id=\"114\" data-slide-public-id=\"1\" data-title=\"Services banner\" class=\"n2-ss-slide n2-ow  n2-ss-slide-114\"><div role=\"note\" class=\"n2-ss-slide--focus\" tabindex=\"-1\">Services banner<\/div><div class=\"n2-ss-layers-container n2-ss-slide-limiter n2-ow\"><div class=\"n2-ss-layer n2-ow n-uc-2luDAwVGLylp\" data-sstype=\"slide\" data-pm=\"default\"><div class=\"n2-ss-layer n2-ow n-uc-2pUNtEJPFRkA\" data-pm=\"default\" data-sstype=\"content\" data-hasbackground=\"0\"><div class=\"n2-ss-section-main-content n2-ss-layer-with-background n2-ss-layer-content n2-ow n-uc-2pUNtEJPFRkA-inner\"><div class=\"n2-ss-layer n2-ow n-uc-f4gam8jurX0X\" data-pm=\"normal\" data-sstype=\"layer\"><div id=\"n2-ss-100item1\" class=\"n2-font-89c0603c56ffcf23cbe2a31a6751ddf6-hover   n2-ss-item-content n2-ss-text n2-ow\" style=\"display:block;\"><\/div><\/div><\/div><\/div><\/div><\/div><\/div>                    <\/div>\n\n                                    <\/div>\n            <\/div>\n        <\/div>\n        <\/div><ss3-loader><\/ss3-loader><\/div><\/div><div class=\"n2_clear\"><\/div><\/div><\/ss3-force-full-width><\/div>\n\n\n<figure class=\"wp-block-image size-large\"><img decoding=\"async\" src=\"https:\/\/www.sieber.ch\/wp-content\/uploads\/2025\/08\/Abschluss-Lernende-2025-1-1024x576.jpg\" alt=\"\" class=\"wp-image-7892\" loading=\"lazy\" \/><\/figure>\n\n\n\n<p>de g. \u00e0 dr. : Abdrisaq, Lia, Asya, Nathalia<\/p>\n\n\n\n<h2 class=\"wp-block-heading\">De nouveaux talents apportent un souffle nouveau<\/h2>\n\n\n\n<p>Le d\u00e9but de la vie professionnelle est une \u00e9tape importante \u2013 tant pour les jeunes que pour nous en tant qu\u2019entreprise formatrice. Cette semaine, nous avons eu le plaisir d\u2019accueillir quatre nouveaux apprentis qui entament leur avenir professionnel avec curiosit\u00e9, \u00e9nergie et motivation.<\/p>\n\n\n\n<p>Lia et Asya ont commenc\u00e9 leur apprentissage d\u2019employ\u00e9e de commerce CFC chez Sieber Logistics. Chez Raben Sieber, Nathalia rejoint l\u2019\u00e9quipe en tant que future sp\u00e9cialiste du transport routier CFC et Abdrisaq en tant que praticien du transport routier AFP.<\/p>\n\n\n\n<p>Nous sommes ravis d\u2019accompagner ces jeunes sur leur parcours. En tant qu\u2019entreprise formatrice engag\u00e9e, nous attachons une grande importance \u00e0 offrir \u00e0 nos apprentis une formation pratique, vari\u00e9e et orient\u00e9e vers l\u2019avenir.<\/p>\n\n\n\n<p>Nous souhaitons la bienvenue \u00e0 ces nouveaux talents et leur adressons tous nos v\u0153ux de r\u00e9ussite, de belles d\u00e9couvertes et beaucoup de plaisir dans leur vie professionnelle.<\/p>\n\n\n\n<p><\/p>\n","protected":false},"excerpt":{"rendered":"<p>de g. \u00e0 dr. : Abdrisaq, Lia, Asya, Nathalia De nouveaux talents apportent un souffle nouveau Le d\u00e9but de la<\/p>\n<p><a class=\"wp-block-button__link\" href=\"https:\/\/www.sieber.ch\/fr\/blog\/un-vent-de-fraicheur-apporte-de-nouveaux-talents\/\">Read More&#8230;<\/a><\/p>\n","protected":false},"author":36,"featured_media":7890,"comment_status":"closed","ping_status":"closed","sticky":false,"template":"","format":"standard","meta":{"_acf_changed":false,"footnotes":""},"categories":[48],"tags":[],"class_list":["post-7907","post","type-post","status-publish","format-standard","has-post-thumbnail","hentry","category-news-fr"],"acf":[],"yoast_head":"<!-- This site is optimized with the Yoast SEO plugin v27.5 - https:\/\/yoast.com\/product\/yoast-seo-wordpress\/ -->\n<title>De nouveaux talents apportent un souffle nouveau - Sieber Logistics AG<\/title>\n<meta name=\"robots\" content=\"index, follow, max-snippet:-1, max-image-preview:large, max-video-preview:-1\" \/>\n<link rel=\"canonical\" href=\"https:\/\/www.sieber.ch\/fr\/blog\/un-vent-de-fraicheur-apporte-de-nouveaux-talents\/\" \/>\n<meta property=\"og:locale\" content=\"fr_FR\" \/>\n<meta property=\"og:type\" content=\"article\" \/>\n<meta property=\"og:title\" content=\"De nouveaux talents apportent un souffle nouveau - Sieber Logistics AG\" \/>\n<meta property=\"og:description\" content=\"de g. \u00e0 dr. : Abdrisaq, Lia, Asya, Nathalia De nouveaux talents apportent un souffle nouveau Le d\u00e9but de laRead More...\" \/>\n<meta property=\"og:url\" content=\"https:\/\/www.sieber.ch\/fr\/blog\/un-vent-de-fraicheur-apporte-de-nouveaux-talents\/\" \/>\n<meta property=\"og:site_name\" content=\"Sieber Logistics AG\" \/>\n<meta property=\"article:publisher\" content=\"https:\/\/www.facebook.com\/sieberlogistics\" \/>\n<meta property=\"article:published_time\" content=\"2025-08-07T09:52:25+00:00\" \/>\n<meta property=\"article:modified_time\" content=\"2025-08-08T04:49:40+00:00\" \/>\n<meta property=\"og:image\" content=\"https:\/\/www.sieber.ch\/wp-content\/uploads\/2025\/08\/Abschluss-Lernende-2025.jpg\" \/>\n\t<meta property=\"og:image:width\" content=\"1920\" \/>\n\t<meta property=\"og:image:height\" content=\"1080\" \/>\n\t<meta property=\"og:image:type\" content=\"image\/jpeg\" \/>\n<meta name=\"author\" content=\"janinehubli\" \/>\n<meta name=\"twitter:card\" content=\"summary_large_image\" \/>\n<meta name=\"twitter:label1\" content=\"\u00c9crit par\" \/>\n\t<meta name=\"twitter:data1\" content=\"janinehubli\" \/>\n\t<meta name=\"twitter:label2\" content=\"Dur\u00e9e de lecture estim\u00e9e\" \/>\n\t<meta name=\"twitter:data2\" content=\"2 minutes\" \/>\n<script type=\"application\/ld+json\" class=\"yoast-schema-graph\">{\"@context\":\"https:\\\/\\\/schema.org\",\"@graph\":[{\"@type\":\"Article\",\"@id\":\"https:\\\/\\\/www.sieber.ch\\\/fr\\\/blog\\\/un-vent-de-fraicheur-apporte-de-nouveaux-talents\\\/#article\",\"isPartOf\":{\"@id\":\"https:\\\/\\\/www.sieber.ch\\\/fr\\\/blog\\\/un-vent-de-fraicheur-apporte-de-nouveaux-talents\\\/\"},\"author\":{\"name\":\"janinehubli\",\"@id\":\"https:\\\/\\\/www.sieber.ch\\\/fr\\\/#\\\/schema\\\/person\\\/c1a73504867bcd96783ba88cd20c28de\"},\"headline\":\"De nouveaux talents apportent un souffle nouveau\",\"datePublished\":\"2025-08-07T09:52:25+00:00\",\"dateModified\":\"2025-08-08T04:49:40+00:00\",\"mainEntityOfPage\":{\"@id\":\"https:\\\/\\\/www.sieber.ch\\\/fr\\\/blog\\\/un-vent-de-fraicheur-apporte-de-nouveaux-talents\\\/\"},\"wordCount\":176,\"publisher\":{\"@id\":\"https:\\\/\\\/www.sieber.ch\\\/fr\\\/#organization\"},\"image\":{\"@id\":\"https:\\\/\\\/www.sieber.ch\\\/fr\\\/blog\\\/un-vent-de-fraicheur-apporte-de-nouveaux-talents\\\/#primaryimage\"},\"thumbnailUrl\":\"https:\\\/\\\/www.sieber.ch\\\/wp-content\\\/uploads\\\/2025\\\/08\\\/Abschluss-Lernende-2025.jpg\",\"articleSection\":[\"News\"],\"inLanguage\":\"fr-FR\"},{\"@type\":\"WebPage\",\"@id\":\"https:\\\/\\\/www.sieber.ch\\\/fr\\\/blog\\\/un-vent-de-fraicheur-apporte-de-nouveaux-talents\\\/\",\"url\":\"https:\\\/\\\/www.sieber.ch\\\/fr\\\/blog\\\/un-vent-de-fraicheur-apporte-de-nouveaux-talents\\\/\",\"name\":\"De nouveaux talents apportent un souffle nouveau - Sieber Logistics AG\",\"isPartOf\":{\"@id\":\"https:\\\/\\\/www.sieber.ch\\\/fr\\\/#website\"},\"primaryImageOfPage\":{\"@id\":\"https:\\\/\\\/www.sieber.ch\\\/fr\\\/blog\\\/un-vent-de-fraicheur-apporte-de-nouveaux-talents\\\/#primaryimage\"},\"image\":{\"@id\":\"https:\\\/\\\/www.sieber.ch\\\/fr\\\/blog\\\/un-vent-de-fraicheur-apporte-de-nouveaux-talents\\\/#primaryimage\"},\"thumbnailUrl\":\"https:\\\/\\\/www.sieber.ch\\\/wp-content\\\/uploads\\\/2025\\\/08\\\/Abschluss-Lernende-2025.jpg\",\"datePublished\":\"2025-08-07T09:52:25+00:00\",\"dateModified\":\"2025-08-08T04:49:40+00:00\",\"breadcrumb\":{\"@id\":\"https:\\\/\\\/www.sieber.ch\\\/fr\\\/blog\\\/un-vent-de-fraicheur-apporte-de-nouveaux-talents\\\/#breadcrumb\"},\"inLanguage\":\"fr-FR\",\"potentialAction\":[{\"@type\":\"ReadAction\",\"target\":[\"https:\\\/\\\/www.sieber.ch\\\/fr\\\/blog\\\/un-vent-de-fraicheur-apporte-de-nouveaux-talents\\\/\"]}]},{\"@type\":\"ImageObject\",\"inLanguage\":\"fr-FR\",\"@id\":\"https:\\\/\\\/www.sieber.ch\\\/fr\\\/blog\\\/un-vent-de-fraicheur-apporte-de-nouveaux-talents\\\/#primaryimage\",\"url\":\"https:\\\/\\\/www.sieber.ch\\\/wp-content\\\/uploads\\\/2025\\\/08\\\/Abschluss-Lernende-2025.jpg\",\"contentUrl\":\"https:\\\/\\\/www.sieber.ch\\\/wp-content\\\/uploads\\\/2025\\\/08\\\/Abschluss-Lernende-2025.jpg\",\"width\":1920,\"height\":1080},{\"@type\":\"BreadcrumbList\",\"@id\":\"https:\\\/\\\/www.sieber.ch\\\/fr\\\/blog\\\/un-vent-de-fraicheur-apporte-de-nouveaux-talents\\\/#breadcrumb\",\"itemListElement\":[{\"@type\":\"ListItem\",\"position\":1,\"name\":\"Home\",\"item\":\"https:\\\/\\\/www.sieber.ch\\\/fr\\\/\"},{\"@type\":\"ListItem\",\"position\":2,\"name\":\"De nouveaux talents apportent un souffle nouveau\"}]},{\"@type\":\"WebSite\",\"@id\":\"https:\\\/\\\/www.sieber.ch\\\/fr\\\/#website\",\"url\":\"https:\\\/\\\/www.sieber.ch\\\/fr\\\/\",\"name\":\"Sieber Transport AG\",\"description\":\"\",\"publisher\":{\"@id\":\"https:\\\/\\\/www.sieber.ch\\\/fr\\\/#organization\"},\"potentialAction\":[{\"@type\":\"SearchAction\",\"target\":{\"@type\":\"EntryPoint\",\"urlTemplate\":\"https:\\\/\\\/www.sieber.ch\\\/fr\\\/?s={search_term_string}\"},\"query-input\":{\"@type\":\"PropertyValueSpecification\",\"valueRequired\":true,\"valueName\":\"search_term_string\"}}],\"inLanguage\":\"fr-FR\"},{\"@type\":\"Organization\",\"@id\":\"https:\\\/\\\/www.sieber.ch\\\/fr\\\/#organization\",\"name\":\"Sieber Transport AG\",\"url\":\"https:\\\/\\\/www.sieber.ch\\\/fr\\\/\",\"logo\":{\"@type\":\"ImageObject\",\"inLanguage\":\"fr-FR\",\"@id\":\"https:\\\/\\\/www.sieber.ch\\\/fr\\\/#\\\/schema\\\/logo\\\/image\\\/\",\"url\":\"https:\\\/\\\/www.sieber.ch\\\/wp-content\\\/uploads\\\/2024\\\/01\\\/logo.png\",\"contentUrl\":\"https:\\\/\\\/www.sieber.ch\\\/wp-content\\\/uploads\\\/2024\\\/01\\\/logo.png\",\"width\":1063,\"height\":358,\"caption\":\"Sieber Transport AG\"},\"image\":{\"@id\":\"https:\\\/\\\/www.sieber.ch\\\/fr\\\/#\\\/schema\\\/logo\\\/image\\\/\"},\"sameAs\":[\"https:\\\/\\\/www.facebook.com\\\/sieberlogistics\",\"https:\\\/\\\/www.linkedin.com\\\/company\\\/sieberlogistics\\\/\"]},{\"@type\":\"Person\",\"@id\":\"https:\\\/\\\/www.sieber.ch\\\/fr\\\/#\\\/schema\\\/person\\\/c1a73504867bcd96783ba88cd20c28de\",\"name\":\"janinehubli\",\"image\":{\"@type\":\"ImageObject\",\"inLanguage\":\"fr-FR\",\"@id\":\"https:\\\/\\\/secure.gravatar.com\\\/avatar\\\/4f9be5f31c9656b59f0ab6db5051c1f33bd39915355871fc4e5d83f48e3284ae?s=96&d=mm&r=g\",\"url\":\"https:\\\/\\\/secure.gravatar.com\\\/avatar\\\/4f9be5f31c9656b59f0ab6db5051c1f33bd39915355871fc4e5d83f48e3284ae?s=96&d=mm&r=g\",\"contentUrl\":\"https:\\\/\\\/secure.gravatar.com\\\/avatar\\\/4f9be5f31c9656b59f0ab6db5051c1f33bd39915355871fc4e5d83f48e3284ae?s=96&d=mm&r=g\",\"caption\":\"janinehubli\"},\"url\":\"https:\\\/\\\/www.sieber.ch\\\/fr\\\/blog\\\/author\\\/janinehubli\\\/\"}]}<\/script>\n<!-- \/ Yoast SEO plugin. -->","yoast_head_json":{"title":"De nouveaux talents apportent un souffle nouveau - Sieber Logistics AG","robots":{"index":"index","follow":"follow","max-snippet":"max-snippet:-1","max-image-preview":"max-image-preview:large","max-video-preview":"max-video-preview:-1"},"canonical":"https:\/\/www.sieber.ch\/fr\/blog\/un-vent-de-fraicheur-apporte-de-nouveaux-talents\/","og_locale":"fr_FR","og_type":"article","og_title":"De nouveaux talents apportent un souffle nouveau - Sieber Logistics AG","og_description":"de g. \u00e0 dr. : Abdrisaq, Lia, Asya, Nathalia De nouveaux talents apportent un souffle nouveau Le d\u00e9but de laRead More...","og_url":"https:\/\/www.sieber.ch\/fr\/blog\/un-vent-de-fraicheur-apporte-de-nouveaux-talents\/","og_site_name":"Sieber Logistics AG","article_publisher":"https:\/\/www.facebook.com\/sieberlogistics","article_published_time":"2025-08-07T09:52:25+00:00","article_modified_time":"2025-08-08T04:49:40+00:00","og_image":[{"width":1920,"height":1080,"url":"https:\/\/www.sieber.ch\/wp-content\/uploads\/2025\/08\/Abschluss-Lernende-2025.jpg","type":"image\/jpeg"}],"author":"janinehubli","twitter_card":"summary_large_image","twitter_misc":{"\u00c9crit par":"janinehubli","Dur\u00e9e de lecture estim\u00e9e":"2 minutes"},"schema":{"@context":"https:\/\/schema.org","@graph":[{"@type":"Article","@id":"https:\/\/www.sieber.ch\/fr\/blog\/un-vent-de-fraicheur-apporte-de-nouveaux-talents\/#article","isPartOf":{"@id":"https:\/\/www.sieber.ch\/fr\/blog\/un-vent-de-fraicheur-apporte-de-nouveaux-talents\/"},"author":{"name":"janinehubli","@id":"https:\/\/www.sieber.ch\/fr\/#\/schema\/person\/c1a73504867bcd96783ba88cd20c28de"},"headline":"De nouveaux talents apportent un souffle nouveau","datePublished":"2025-08-07T09:52:25+00:00","dateModified":"2025-08-08T04:49:40+00:00","mainEntityOfPage":{"@id":"https:\/\/www.sieber.ch\/fr\/blog\/un-vent-de-fraicheur-apporte-de-nouveaux-talents\/"},"wordCount":176,"publisher":{"@id":"https:\/\/www.sieber.ch\/fr\/#organization"},"image":{"@id":"https:\/\/www.sieber.ch\/fr\/blog\/un-vent-de-fraicheur-apporte-de-nouveaux-talents\/#primaryimage"},"thumbnailUrl":"https:\/\/www.sieber.ch\/wp-content\/uploads\/2025\/08\/Abschluss-Lernende-2025.jpg","articleSection":["News"],"inLanguage":"fr-FR"},{"@type":"WebPage","@id":"https:\/\/www.sieber.ch\/fr\/blog\/un-vent-de-fraicheur-apporte-de-nouveaux-talents\/","url":"https:\/\/www.sieber.ch\/fr\/blog\/un-vent-de-fraicheur-apporte-de-nouveaux-talents\/","name":"De nouveaux talents apportent un souffle nouveau - Sieber Logistics AG","isPartOf":{"@id":"https:\/\/www.sieber.ch\/fr\/#website"},"primaryImageOfPage":{"@id":"https:\/\/www.sieber.ch\/fr\/blog\/un-vent-de-fraicheur-apporte-de-nouveaux-talents\/#primaryimage"},"image":{"@id":"https:\/\/www.sieber.ch\/fr\/blog\/un-vent-de-fraicheur-apporte-de-nouveaux-talents\/#primaryimage"},"thumbnailUrl":"https:\/\/www.sieber.ch\/wp-content\/uploads\/2025\/08\/Abschluss-Lernende-2025.jpg","datePublished":"2025-08-07T09:52:25+00:00","dateModified":"2025-08-08T04:49:40+00:00","breadcrumb":{"@id":"https:\/\/www.sieber.ch\/fr\/blog\/un-vent-de-fraicheur-apporte-de-nouveaux-talents\/#breadcrumb"},"inLanguage":"fr-FR","potentialAction":[{"@type":"ReadAction","target":["https:\/\/www.sieber.ch\/fr\/blog\/un-vent-de-fraicheur-apporte-de-nouveaux-talents\/"]}]},{"@type":"ImageObject","inLanguage":"fr-FR","@id":"https:\/\/www.sieber.ch\/fr\/blog\/un-vent-de-fraicheur-apporte-de-nouveaux-talents\/#primaryimage","url":"https:\/\/www.sieber.ch\/wp-content\/uploads\/2025\/08\/Abschluss-Lernende-2025.jpg","contentUrl":"https:\/\/www.sieber.ch\/wp-content\/uploads\/2025\/08\/Abschluss-Lernende-2025.jpg","width":1920,"height":1080},{"@type":"BreadcrumbList","@id":"https:\/\/www.sieber.ch\/fr\/blog\/un-vent-de-fraicheur-apporte-de-nouveaux-talents\/#breadcrumb","itemListElement":[{"@type":"ListItem","position":1,"name":"Home","item":"https:\/\/www.sieber.ch\/fr\/"},{"@type":"ListItem","position":2,"name":"De nouveaux talents apportent un souffle nouveau"}]},{"@type":"WebSite","@id":"https:\/\/www.sieber.ch\/fr\/#website","url":"https:\/\/www.sieber.ch\/fr\/","name":"Sieber Transport AG","description":"","publisher":{"@id":"https:\/\/www.sieber.ch\/fr\/#organization"},"potentialAction":[{"@type":"SearchAction","target":{"@type":"EntryPoint","urlTemplate":"https:\/\/www.sieber.ch\/fr\/?s={search_term_string}"},"query-input":{"@type":"PropertyValueSpecification","valueRequired":true,"valueName":"search_term_string"}}],"inLanguage":"fr-FR"},{"@type":"Organization","@id":"https:\/\/www.sieber.ch\/fr\/#organization","name":"Sieber Transport AG","url":"https:\/\/www.sieber.ch\/fr\/","logo":{"@type":"ImageObject","inLanguage":"fr-FR","@id":"https:\/\/www.sieber.ch\/fr\/#\/schema\/logo\/image\/","url":"https:\/\/www.sieber.ch\/wp-content\/uploads\/2024\/01\/logo.png","contentUrl":"https:\/\/www.sieber.ch\/wp-content\/uploads\/2024\/01\/logo.png","width":1063,"height":358,"caption":"Sieber Transport AG"},"image":{"@id":"https:\/\/www.sieber.ch\/fr\/#\/schema\/logo\/image\/"},"sameAs":["https:\/\/www.facebook.com\/sieberlogistics","https:\/\/www.linkedin.com\/company\/sieberlogistics\/"]},{"@type":"Person","@id":"https:\/\/www.sieber.ch\/fr\/#\/schema\/person\/c1a73504867bcd96783ba88cd20c28de","name":"janinehubli","image":{"@type":"ImageObject","inLanguage":"fr-FR","@id":"https:\/\/secure.gravatar.com\/avatar\/4f9be5f31c9656b59f0ab6db5051c1f33bd39915355871fc4e5d83f48e3284ae?s=96&d=mm&r=g","url":"https:\/\/secure.gravatar.com\/avatar\/4f9be5f31c9656b59f0ab6db5051c1f33bd39915355871fc4e5d83f48e3284ae?s=96&d=mm&r=g","contentUrl":"https:\/\/secure.gravatar.com\/avatar\/4f9be5f31c9656b59f0ab6db5051c1f33bd39915355871fc4e5d83f48e3284ae?s=96&d=mm&r=g","caption":"janinehubli"},"url":"https:\/\/www.sieber.ch\/fr\/blog\/author\/janinehubli\/"}]}},"_links":{"self":[{"href":"https:\/\/www.sieber.ch\/fr\/wp-json\/wp\/v2\/posts\/7907","targetHints":{"allow":["GET"]}}],"collection":[{"href":"https:\/\/www.sieber.ch\/fr\/wp-json\/wp\/v2\/posts"}],"about":[{"href":"https:\/\/www.sieber.ch\/fr\/wp-json\/wp\/v2\/types\/post"}],"author":[{"embeddable":true,"href":"https:\/\/www.sieber.ch\/fr\/wp-json\/wp\/v2\/users\/36"}],"replies":[{"embeddable":true,"href":"https:\/\/www.sieber.ch\/fr\/wp-json\/wp\/v2\/comments?post=7907"}],"version-history":[{"count":2,"href":"https:\/\/www.sieber.ch\/fr\/wp-json\/wp\/v2\/posts\/7907\/revisions"}],"predecessor-version":[{"id":7914,"href":"https:\/\/www.sieber.ch\/fr\/wp-json\/wp\/v2\/posts\/7907\/revisions\/7914"}],"wp:featuredmedia":[{"embeddable":true,"href":"https:\/\/www.sieber.ch\/fr\/wp-json\/wp\/v2\/media\/7890"}],"wp:attachment":[{"href":"https:\/\/www.sieber.ch\/fr\/wp-json\/wp\/v2\/media?parent=7907"}],"wp:term":[{"taxonomy":"category","embeddable":true,"href":"https:\/\/www.sieber.ch\/fr\/wp-json\/wp\/v2\/categories?post=7907"},{"taxonomy":"post_tag","embeddable":true,"href":"https:\/\/www.sieber.ch\/fr\/wp-json\/wp\/v2\/tags?post=7907"}],"curies":[{"name":"wp","href":"https:\/\/api.w.org\/{rel}","templated":true}]}}