{"id":7585,"date":"2025-04-23T13:34:23","date_gmt":"2025-04-23T12:34:23","guid":{"rendered":"https:\/\/www.sieber.ch\/?p=7585"},"modified":"2025-04-29T14:43:24","modified_gmt":"2025-04-29T13:43:24","slug":"la-logistique-internationale-en-point-de-mire-entretien-avec-un-expert","status":"publish","type":"post","link":"https:\/\/www.sieber.ch\/fr\/blog\/la-logistique-internationale-en-point-de-mire-entretien-avec-un-expert\/","title":{"rendered":"La logistique internationale en point de mire \u2013 entretien avec un expert"},"content":{"rendered":"<div class=\"n2_clear\"><ss3-force-full-width data-overflow-x=\"body\" data-horizontal-selector=\"body\"><div class=\"n2-section-smartslider fitvidsignore  n2_clear\" data-ssid=\"105\"><div id=\"n2-ss-105-align\" class=\"n2-ss-align\"><div class=\"n2-padding\"><div id=\"n2-ss-105\" data-creator=\"Smart Slider 3\" data-responsive=\"fullwidth\" class=\"n2-ss-slider n2-ow n2-has-hover n2notransition  \">\n        <div class=\"n2-ss-slider-1 n2_ss__touch_element n2-ow\">\n            <div class=\"n2-ss-slider-2 n2-ow\">\n                                                <div class=\"n2-ss-slider-3 n2-ow\">\n\n                    <div class=\"n2-ss-slide-backgrounds n2-ow-all\"><div class=\"n2-ss-slide-background\" data-public-id=\"1\" data-mode=\"fill\"><div class=\"n2-ss-slide-background-image\" data-blur=\"0\" data-opacity=\"100\" data-x=\"68\" data-y=\"42\" data-alt=\"Woman with glasses in front of a group of people\" data-title=\"\" style=\"--ss-o-pos-x:68%;--ss-o-pos-y:42%\"><picture class=\"skip-lazy\" data-skip-lazy=\"1\"><img decoding=\"async\" src=\"\/\/www.sieber.ch\/wp-content\/uploads\/2025\/04\/iStock-1212987692-scaled.webp\" alt=\"Woman with glasses in front of a group of people\" title=\"\" loading=\"lazy\" class=\"skip-lazy\" data-skip-lazy=\"1\"><\/picture><\/div><div data-color=\"RGBA(0,0,0,0.23)\" style=\"background-color: RGBA(0,0,0,0.23);\" class=\"n2-ss-slide-background-color\" data-overlay=\"1\"><\/div><\/div><\/div>                    <div class=\"n2-ss-slider-4 n2-ow\">\n                        <svg xmlns=\"http:\/\/www.w3.org\/2000\/svg\" viewBox=\"0 0 1200 650\" data-related-device=\"desktopPortrait\" class=\"n2-ow n2-ss-preserve-size n2-ss-preserve-size--slider n2-ss-slide-limiter\"><\/svg><div data-first=\"1\" data-slide-duration=\"0\" data-id=\"128\" data-slide-public-id=\"1\" data-title=\"Services banner\" class=\"n2-ss-slide n2-ow  n2-ss-slide-128\"><div role=\"note\" class=\"n2-ss-slide--focus\" tabindex=\"-1\">Services banner<\/div><div class=\"n2-ss-layers-container n2-ss-slide-limiter n2-ow\"><div class=\"n2-ss-layer n2-ow n-uc-0QBRhNXpYYo1\" data-sstype=\"slide\" data-pm=\"default\"><div class=\"n2-ss-layer n2-ow n-uc-jK4Qls5eLs2O\" data-pm=\"default\" data-sstype=\"content\" data-hasbackground=\"0\"><div class=\"n2-ss-section-main-content n2-ss-layer-with-background n2-ss-layer-content n2-ow n-uc-jK4Qls5eLs2O-inner\"><div class=\"n2-ss-layer n2-ow n-uc-16020c89f10fc\" data-pm=\"normal\" data-sstype=\"layer\"><div id=\"n2-ss-105item1\" class=\"n2-font-89c0603c56ffcf23cbe2a31a6751ddf6-hover   n2-ss-item-content n2-ss-text n2-ow\" style=\"display:block;\">Internationale Logistik<\/div><\/div><div class=\"n2-ss-layer n2-ow n-uc-1fb58216f2057\" data-pm=\"normal\" data-sstype=\"layer\"><div class=\"n2-ss-item-content n2-ss-text n2-ow-all\"><div class=\"\"><p class=\"n2-font-fe5be48eb591f4f3374a2a479eed6dd8-paragraph  n2-style-39612b538396e2fceb18e53ec82d9001-heading  \">Florian Schwizer erkl\u00e4rt, worauf es wirklich ankommt.<\/p>\n<\/div><\/div><\/div><\/div><\/div><\/div><\/div><\/div>                    <\/div>\n\n                                    <\/div>\n            <\/div>\n        <\/div>\n        <\/div><ss3-loader><\/ss3-loader><\/div><\/div><div class=\"n2_clear\"><\/div><\/div><\/ss3-force-full-width><\/div>\n\n\n<div class=\"wp-block-columns fullWidth bgGrey justify-content-center is-layout-flex wp-container-core-columns-is-layout-9d6595d7 wp-block-columns-is-layout-flex\">\n<div class=\"wp-block-column container is-layout-flow wp-block-column-is-layout-flow\">\n<div style=\"height:32px\" aria-hidden=\"true\" class=\"wp-block-spacer\"><\/div>\n\n\n\n<div class=\"wp-block-columns is-layout-flex wp-container-core-columns-is-layout-9d6595d7 wp-block-columns-is-layout-flex\">\n<div class=\"wp-block-column is-vertically-aligned-center is-layout-flow wp-block-column-is-layout-flow\">\n<h2 class=\"wp-block-heading has-large-font-size\">La logistique internationale ne se r\u00e9sume pas simplement au transport d\u2019un point A \u00e0 un point B.<\/h2>\n\n\n\n<p class=\"has-large-font-size\">Les envois outre-mer, en particulier, sont sem\u00e9s d\u2019emb\u00fbches \u2013 des solutions de transport durables aux r\u00e9glementations douani\u00e8res complexes, sans oublier les obligations documentaires.<\/p>\n\n\n\n<p>Dans une interview avec un expert chevronn\u00e9 du groupe Sieber, il devient clair quels sont les v\u00e9ritables enjeux des exp\u00e9ditions internationales \u2013 et pourquoi l\u2019exp\u00e9rience, le savoir-faire et la vision d\u2019ensemble sont des facteurs d\u00e9cisifs.<\/p>\n<\/div>\n<\/div>\n\n\n\n<div style=\"height:32px\" aria-hidden=\"true\" class=\"wp-block-spacer\"><\/div>\n<\/div>\n<\/div>\n\n\n\n<div class=\"wp-block-columns fullWidth bgWhite justify-content-center is-layout-flex wp-container-core-columns-is-layout-9d6595d7 wp-block-columns-is-layout-flex\">\n<div class=\"wp-block-column container is-layout-flow wp-block-column-is-layout-flow\">\n<div style=\"height:100px\" aria-hidden=\"true\" class=\"wp-block-spacer\"><\/div>\n\n\n\n<div class=\"wp-block-columns is-layout-flex wp-container-core-columns-is-layout-9d6595d7 wp-block-columns-is-layout-flex\">\n<div class=\"wp-block-column is-layout-flow wp-block-column-is-layout-flow\">\n<p><em><em><strong>Quels sont les principaux d\u00e9fis li\u00e9s aux envois internationaux outre-mer, que de nombreuses entreprises sous-estiment ?<\/strong><\/em><\/em><\/p>\n\n\n\n<p>Les envois internationaux outre-mer sont une entreprise complexe dans laquelle de nombreux facteurs entrent en jeu. L&rsquo;un des plus grands d\u00e9fis r\u00e9side dans les diff\u00e9rentes r\u00e9glementations, qui varient fortement d&rsquo;un pays \u00e0 l&rsquo;autre. De nombreuses entreprises sous-estiment l&rsquo;importance d&rsquo;un traitement pr\u00e9cis des commandes, d&rsquo;un d\u00e9douanement correct et d&rsquo;une documentation abondante. De plus, des \u00e9v\u00e9nements impr\u00e9vus tels que des catastrophes naturelles ou des tensions g\u00e9opolitiques peuvent avoir une influence consid\u00e9rable sur le transport. Le choix du bon moyen de transport et le calcul r\u00e9aliste des co\u00fbts et des d\u00e9lais de livraison sont \u00e9galement essentiels pour \u00e9viter les mauvaises surprises.<\/p>\n<\/div>\n<\/div>\n<\/div>\n<\/div>\n\n\n\n<div class=\"wp-block-columns fullWidth bgWhite justify-content-center is-layout-flex wp-container-core-columns-is-layout-9d6595d7 wp-block-columns-is-layout-flex\">\n<div class=\"wp-block-column container is-layout-flow wp-block-column-is-layout-flow\">\n<div class=\"wp-block-columns is-layout-flex wp-container-core-columns-is-layout-9d6595d7 wp-block-columns-is-layout-flex\">\n<div class=\"wp-block-column is-layout-flow wp-block-column-is-layout-flow\">\n<p><em><strong>Pourquoi les incoterms sont-ils si importants et \u00e0 quoi les entreprises doivent-elles \u00eatre particuli\u00e8rement attentives ?<\/strong><\/em><\/p>\n\n\n\n<p>Les <a href=\"https:\/\/www.sieber.ch\/wp-content\/uploads\/2025\/04\/INCOTERMS-2020_en.pdf\">Incoterms (International Commercial Terms)<\/a> d\u00e9finissent la responsabilit\u00e9 et la r\u00e9partition des co\u00fbts entre l&rsquo;acheteur et le vendeur lors de livraisons internationales. Ils d\u00e9terminent qui prend en charge les frais de transport, qui couvre les assurances et qui assume les risques en cas d&rsquo;incident pendant le transport.<br>Les entreprises doivent s&rsquo;assurer qu&rsquo;elles choisissent les bons incoterms, adapt\u00e9s \u00e0 leur transaction sp\u00e9cifique, afin d&rsquo;\u00e9viter tout conflit ult\u00e9rieur. Il est \u00e9galement important que toutes les parties comprennent l&rsquo;impact des incoterms sur le processus de livraison, notamment en ce qui concerne la passation des commandes de transport, la responsabilit\u00e9, l&rsquo;assurance et les droits de douane.<\/p>\n\n\n\n<blockquote class=\"wp-block-quote is-layout-flow wp-block-quote-is-layout-flow\">\n<p class=\"has-text-color has-link-color wp-elements-3a5c6b264d29d852661aec433d41d8d8\" style=\"color:#0068a0\"><em>\u00ab<em>Comprendre les Incoterms, c&rsquo;est l&rsquo;ABC de la logistique internationale &#8211; sans eux, rien ne se passe sans accroc<\/em><\/em>.<em>\u00bb<\/em><\/p>\n<\/blockquote>\n\n\n\n<p>Notre expertise nous permet de conseiller les entreprises de mani\u00e8re comp\u00e9tente dans ce domaine et de garantir que tous les facteurs pertinents sont pris en compte &#8211; un savoir essentiel pour une gestion professionnelle des exp\u00e9ditions.<\/p>\n<\/div>\n<\/div>\n<\/div>\n<\/div>\n\n\n\n<div class=\"wp-block-columns fullWidth bgGrey justify-content-center is-layout-flex wp-container-core-columns-is-layout-9d6595d7 wp-block-columns-is-layout-flex\">\n<div class=\"wp-block-column container is-layout-flow wp-block-column-is-layout-flow\">\n<div style=\"height:80px\" aria-hidden=\"true\" class=\"wp-block-spacer\"><\/div>\n\n\n\n<div class=\"wp-block-columns is-layout-flex wp-container-core-columns-is-layout-9d6595d7 wp-block-columns-is-layout-flex\">\n<div class=\"wp-block-column is-vertically-aligned-center is-layout-flow wp-block-column-is-layout-flow\">\n<p><em><em><em><em><strong>Quelles sont les erreurs typiques commises par les entreprises lors d&rsquo;envois internationaux et comment les \u00e9viter ?<\/strong><\/em><\/em><\/em><\/em><\/p>\n\n\n\n<p>Une erreur classique est une documentation incorrecte ou incompl\u00e8te et des donn\u00e9es erron\u00e9es. <\/p>\n\n\n\n<p>Cela peut entra\u00eener des retards \u00e0 la douane et des co\u00fbts suppl\u00e9mentaires inattendus. Les entreprises devraient veiller \u00e0 ce que tous les documents n\u00e9cessaires &#8211; des factures commerciales aux certificats d&rsquo;origine &#8211; soient correctement disponibles. Une connaissance insuffisante des r\u00e8gles d&rsquo;importation\/exportation et un manque de surveillance de la cha\u00eene d&rsquo;approvisionnement peuvent \u00e9galement entra\u00eener des probl\u00e8mes. Il est en outre particuli\u00e8rement important d&rsquo;indiquer correctement les poids et les masses, car des valeurs erron\u00e9es peuvent entra\u00eener le blocage des envois ou, dans le pire des cas, les emp\u00eacher d&rsquo;\u00eatre transport\u00e9s.<\/p>\n\n\n\n<blockquote class=\"wp-block-quote is-layout-flow wp-block-quote-is-layout-flow\">\n<p class=\"has-text-color has-link-color wp-elements-a88baaeccc6b5a602ae627547bfc0bd9\" style=\"color:#0068a0\"><em><em>\u00ab<\/em>Des indications de poids ou de dimensions erron\u00e9es peuvent entra\u00eener le blocage de toute une livraison &#8211; des donn\u00e9es pr\u00e9cises sont essentielles<em><em>.\u00bb<\/em><\/em><\/em><\/p>\n<\/blockquote>\n<\/div>\n\n\n\n<div class=\"wp-block-column is-vertically-aligned-center container is-layout-flow wp-block-column-is-layout-flow\">\n<figure class=\"wp-block-image size-full\"><img loading=\"lazy\" decoding=\"async\" width=\"2560\" height=\"1707\" src=\"https:\/\/www.sieber.ch\/wp-content\/uploads\/2025\/03\/iStock-1178130491-scaled.webp\" alt=\"\" class=\"wp-image-7565\" style=\"aspect-ratio:3\/2;object-fit:cover\" srcset=\"https:\/\/www.sieber.ch\/wp-content\/uploads\/2025\/03\/iStock-1178130491-scaled.webp 2560w, https:\/\/www.sieber.ch\/wp-content\/uploads\/2025\/03\/iStock-1178130491-300x200.webp 300w, https:\/\/www.sieber.ch\/wp-content\/uploads\/2025\/03\/iStock-1178130491-1024x683.webp 1024w, https:\/\/www.sieber.ch\/wp-content\/uploads\/2025\/03\/iStock-1178130491-768x512.webp 768w, https:\/\/www.sieber.ch\/wp-content\/uploads\/2025\/03\/iStock-1178130491-1536x1024.webp 1536w, https:\/\/www.sieber.ch\/wp-content\/uploads\/2025\/03\/iStock-1178130491-2048x1365.webp 2048w\" sizes=\"auto, (max-width: 2560px) 100vw, 2560px\" \/><\/figure>\n<\/div>\n<\/div>\n<\/div>\n<\/div>\n\n\n\n<div style=\"height:80px\" aria-hidden=\"true\" class=\"wp-block-spacer\"><\/div>\n\n\n\n<div class=\"wp-block-columns fullWidth bgWhite justify-content-center is-layout-flex wp-container-core-columns-is-layout-9d6595d7 wp-block-columns-is-layout-flex\">\n<div class=\"wp-block-column container is-layout-flow wp-block-column-is-layout-flow\">\n<div class=\"wp-block-columns is-layout-flex wp-container-core-columns-is-layout-9d6595d7 wp-block-columns-is-layout-flex\">\n<div class=\"wp-block-column is-layout-flow wp-block-column-is-layout-flow\">\n<p><em><em><em><em><em><strong>Quel est le r\u00f4le de l&#8217;empreinte CO\u2082 dans les transports outre-mer et existe-t-il des alternatives durables ?<\/strong><\/em><\/em><\/em><\/em><\/em><\/p>\n\n\n\n<p>L&#8217;empreinte carbone (CO\u2082) est un facteur de plus en plus important dans le transport international. Le fret a\u00e9rien en particulier g\u00e9n\u00e8re des \u00e9missions \u00e9lev\u00e9es, raison pour laquelle de nombreuses entreprises misent de plus en plus sur des alternatives moins polluantes comme le fret maritime ou le transport ferroviaire. En outre, les programmes de compensation du CO\u2082 et les solutions logistiques vertes se multiplient afin de continuer \u00e0 faire progresser le transport respectueux du climat . Les entreprises qui donnent la priorit\u00e9 aux options de transport durable ne contribuent pas seulement activement \u00e0 la protection de l&rsquo;environnement, mais peuvent \u00e9galement en faire un USP important dans leur secteur d&rsquo;activit\u00e9.<\/p>\n<\/div>\n<\/div>\n<\/div>\n<\/div>\n\n\n\n<div class=\"wp-block-columns fullWidth bgWhite justify-content-center is-layout-flex wp-container-core-columns-is-layout-9d6595d7 wp-block-columns-is-layout-flex\">\n<div class=\"wp-block-column container is-layout-flow wp-block-column-is-layout-flow\">\n<div class=\"wp-block-columns is-layout-flex wp-container-core-columns-is-layout-9d6595d7 wp-block-columns-is-layout-flex\">\n<div class=\"wp-block-column is-layout-flow wp-block-column-is-layout-flow\">\n<p><em><em><em><strong>Pourquoi le choix du bon partenaire logistique est-il d\u00e9cisif pour r\u00e9ussir ses envois outre-mer ?<\/strong><\/em><\/em><\/em><\/p>\n\n\n\n<p>Le choix du bon partenaire logistique est crucial pour la r\u00e9ussite des envois internationaux. Un partenaire exp\u00e9riment\u00e9 ne conna\u00eet pas seulement les meilleurs itin\u00e9raires de transport, il s&rsquo;assure \u00e9galement que toutes les r\u00e9glementations internationales sont respect\u00e9es. Il minimise les risques tels que les retards, les dommages ou les probl\u00e8mes de d\u00e9douanement et offre des solutions rapides en cas d&rsquo;impr\u00e9vus.<\/p>\n\n\n\n<blockquote class=\"wp-block-quote is-layout-flow wp-block-quote-is-layout-flow\">\n<p class=\"has-text-color has-link-color wp-elements-ef6e3693ed59d993d10f9318f1f91ee7\" style=\"color:#0068a0\"><em>\u00ab<em>Il doit y avoir un rapport sain entre le prix et la prestation &#8211; ne regarder que le prix peut co\u00fbter cher<\/em>.\u00bb<\/em><\/p>\n<\/blockquote>\n\n\n\n<p>Un partenariat de confiance \u00e0 long terme avec un prestataire logistique comp\u00e9tent peut non seulement am\u00e9liorer l&rsquo;efficacit\u00e9, mais aussi r\u00e9duire les co\u00fbts.<\/p>\n\n\n\n<p>Gr\u00e2ce \u00e0 notre longue exp\u00e9rience et \u00e0 nos connaissances approfondies, nous aidons les entreprises \u00e0 organiser de mani\u00e8re optimale leurs processus logistiques internationaux et \u00e0 garantir des d\u00e9roulements sans faille. Car le bon choix du partenaire logistique fait toute la diff\u00e9rence !<\/p>\n<\/div>\n<\/div>\n<\/div>\n<\/div>\n\n\n\n<div class=\"wp-block-columns fullWidth bgGrey justify-content-center is-layout-flex wp-container-core-columns-is-layout-9d6595d7 wp-block-columns-is-layout-flex\">\n<div class=\"wp-block-column container is-layout-flow wp-block-column-is-layout-flow\">\n<div class=\"wp-block-columns is-layout-flex wp-container-core-columns-is-layout-9d6595d7 wp-block-columns-is-layout-flex\">\n<div class=\"wp-block-column is-layout-flow wp-block-column-is-layout-flow\">\n<figure class=\"wp-block-image intro fullWidth bgGrey justify-content-center\"><img loading=\"lazy\" decoding=\"async\" width=\"1024\" height=\"576\" src=\"https:\/\/www.sieber.ch\/wp-content\/uploads\/2025\/03\/Florian-Schwizer_final-1-1024x576.jpg\" alt=\"\" class=\"wp-image-7441\" style=\"aspect-ratio:16\/9;object-fit:cover\" srcset=\"https:\/\/www.sieber.ch\/wp-content\/uploads\/2025\/03\/Florian-Schwizer_final-1-1024x576.jpg 1024w, https:\/\/www.sieber.ch\/wp-content\/uploads\/2025\/03\/Florian-Schwizer_final-1-300x169.jpg 300w, https:\/\/www.sieber.ch\/wp-content\/uploads\/2025\/03\/Florian-Schwizer_final-1-768x432.jpg 768w, https:\/\/www.sieber.ch\/wp-content\/uploads\/2025\/03\/Florian-Schwizer_final-1-1536x864.jpg 1536w, https:\/\/www.sieber.ch\/wp-content\/uploads\/2025\/03\/Florian-Schwizer_final-1.jpg 1920w\" sizes=\"auto, (max-width: 1024px) 100vw, 1024px\" \/><\/figure>\n<\/div>\n\n\n\n<div class=\"wp-block-column is-layout-flow wp-block-column-is-layout-flow\">\n<div style=\"height:152px\" aria-hidden=\"true\" class=\"wp-block-spacer\"><\/div>\n\n\n\n<p><strong>Florian Schwizer<\/strong> est un professionnel exp\u00e9riment\u00e9 dans le domaine de la logistique internationale, avec 30 ans d&rsquo;exp\u00e9rience dans la branche. En tant que Head of Air- &amp; Seafreight au sein du groupe Sieber, il est responsable des activit\u00e9s de fret a\u00e9rien et maritime dans le monde entier et veille au bon d\u00e9roulement des cha\u00eenes d&rsquo;approvisionnement mondiales.<\/p>\n<\/div>\n<\/div>\n<\/div>\n<\/div>\n","protected":false},"excerpt":{"rendered":"<p>La logistique internationale ne se r\u00e9sume pas simplement au transport d\u2019un point A \u00e0 un point B. Les envois outre-mer,<\/p>\n<p><a class=\"wp-block-button__link\" href=\"https:\/\/www.sieber.ch\/fr\/blog\/la-logistique-internationale-en-point-de-mire-entretien-avec-un-expert\/\">Read More&#8230;<\/a><\/p>\n","protected":false},"author":7,"featured_media":7572,"comment_status":"closed","ping_status":"closed","sticky":false,"template":"","format":"standard","meta":{"_acf_changed":false,"footnotes":""},"categories":[108,48],"tags":[],"class_list":["post-7585","post","type-post","status-publish","format-standard","has-post-thumbnail","hentry","category-expert-articles-fr","category-news-fr"],"acf":[],"yoast_head":"<!-- This site is optimized with the Yoast SEO plugin v27.5 - https:\/\/yoast.com\/product\/yoast-seo-wordpress\/ -->\n<title>La logistique internationale en point de mire \u2013 entretien avec un expert - Sieber Logistics AG<\/title>\n<meta name=\"robots\" content=\"index, follow, max-snippet:-1, max-image-preview:large, max-video-preview:-1\" \/>\n<link rel=\"canonical\" href=\"https:\/\/www.sieber.ch\/fr\/blog\/la-logistique-internationale-en-point-de-mire-entretien-avec-un-expert\/\" \/>\n<meta property=\"og:locale\" content=\"fr_FR\" \/>\n<meta property=\"og:type\" content=\"article\" \/>\n<meta property=\"og:title\" content=\"La logistique internationale en point de mire \u2013 entretien avec un expert - Sieber Logistics AG\" \/>\n<meta property=\"og:description\" content=\"La logistique internationale ne se r\u00e9sume pas simplement au transport d\u2019un point A \u00e0 un point B. Les envois outre-mer,Read More...\" \/>\n<meta property=\"og:url\" content=\"https:\/\/www.sieber.ch\/fr\/blog\/la-logistique-internationale-en-point-de-mire-entretien-avec-un-expert\/\" \/>\n<meta property=\"og:site_name\" content=\"Sieber Logistics AG\" \/>\n<meta property=\"article:publisher\" content=\"https:\/\/www.facebook.com\/sieberlogistics\" \/>\n<meta property=\"article:published_time\" content=\"2025-04-23T12:34:23+00:00\" \/>\n<meta property=\"article:modified_time\" content=\"2025-04-29T13:43:24+00:00\" \/>\n<meta property=\"og:image\" content=\"https:\/\/www.sieber.ch\/wp-content\/uploads\/2025\/04\/iStock-1212987692-scaled.webp\" \/>\n\t<meta property=\"og:image:width\" content=\"2560\" \/>\n\t<meta property=\"og:image:height\" content=\"1377\" \/>\n\t<meta property=\"og:image:type\" content=\"image\/webp\" \/>\n<meta name=\"author\" content=\"dorarauseo\" \/>\n<meta name=\"twitter:card\" content=\"summary_large_image\" \/>\n<meta name=\"twitter:label1\" content=\"\u00c9crit par\" \/>\n\t<meta name=\"twitter:data1\" content=\"dorarauseo\" \/>\n\t<meta name=\"twitter:label2\" content=\"Dur\u00e9e de lecture estim\u00e9e\" \/>\n\t<meta name=\"twitter:data2\" content=\"5 minutes\" \/>\n<script type=\"application\/ld+json\" class=\"yoast-schema-graph\">{\"@context\":\"https:\\\/\\\/schema.org\",\"@graph\":[{\"@type\":\"Article\",\"@id\":\"https:\\\/\\\/www.sieber.ch\\\/fr\\\/blog\\\/la-logistique-internationale-en-point-de-mire-entretien-avec-un-expert\\\/#article\",\"isPartOf\":{\"@id\":\"https:\\\/\\\/www.sieber.ch\\\/fr\\\/blog\\\/la-logistique-internationale-en-point-de-mire-entretien-avec-un-expert\\\/\"},\"author\":{\"name\":\"dorarauseo\",\"@id\":\"https:\\\/\\\/www.sieber.ch\\\/fr\\\/#\\\/schema\\\/person\\\/d8e023d3e9b655b24a1e20aab0dec5ac\"},\"headline\":\"La logistique internationale en point de mire \u2013 entretien avec un expert\",\"datePublished\":\"2025-04-23T12:34:23+00:00\",\"dateModified\":\"2025-04-29T13:43:24+00:00\",\"mainEntityOfPage\":{\"@id\":\"https:\\\/\\\/www.sieber.ch\\\/fr\\\/blog\\\/la-logistique-internationale-en-point-de-mire-entretien-avec-un-expert\\\/\"},\"wordCount\":955,\"publisher\":{\"@id\":\"https:\\\/\\\/www.sieber.ch\\\/fr\\\/#organization\"},\"image\":{\"@id\":\"https:\\\/\\\/www.sieber.ch\\\/fr\\\/blog\\\/la-logistique-internationale-en-point-de-mire-entretien-avec-un-expert\\\/#primaryimage\"},\"thumbnailUrl\":\"https:\\\/\\\/www.sieber.ch\\\/wp-content\\\/uploads\\\/2025\\\/04\\\/iStock-1212987692-scaled.webp\",\"articleSection\":[\"Expert articles\",\"News\"],\"inLanguage\":\"fr-FR\"},{\"@type\":\"WebPage\",\"@id\":\"https:\\\/\\\/www.sieber.ch\\\/fr\\\/blog\\\/la-logistique-internationale-en-point-de-mire-entretien-avec-un-expert\\\/\",\"url\":\"https:\\\/\\\/www.sieber.ch\\\/fr\\\/blog\\\/la-logistique-internationale-en-point-de-mire-entretien-avec-un-expert\\\/\",\"name\":\"La logistique internationale en point de mire \u2013 entretien avec un expert - Sieber Logistics AG\",\"isPartOf\":{\"@id\":\"https:\\\/\\\/www.sieber.ch\\\/fr\\\/#website\"},\"primaryImageOfPage\":{\"@id\":\"https:\\\/\\\/www.sieber.ch\\\/fr\\\/blog\\\/la-logistique-internationale-en-point-de-mire-entretien-avec-un-expert\\\/#primaryimage\"},\"image\":{\"@id\":\"https:\\\/\\\/www.sieber.ch\\\/fr\\\/blog\\\/la-logistique-internationale-en-point-de-mire-entretien-avec-un-expert\\\/#primaryimage\"},\"thumbnailUrl\":\"https:\\\/\\\/www.sieber.ch\\\/wp-content\\\/uploads\\\/2025\\\/04\\\/iStock-1212987692-scaled.webp\",\"datePublished\":\"2025-04-23T12:34:23+00:00\",\"dateModified\":\"2025-04-29T13:43:24+00:00\",\"breadcrumb\":{\"@id\":\"https:\\\/\\\/www.sieber.ch\\\/fr\\\/blog\\\/la-logistique-internationale-en-point-de-mire-entretien-avec-un-expert\\\/#breadcrumb\"},\"inLanguage\":\"fr-FR\",\"potentialAction\":[{\"@type\":\"ReadAction\",\"target\":[\"https:\\\/\\\/www.sieber.ch\\\/fr\\\/blog\\\/la-logistique-internationale-en-point-de-mire-entretien-avec-un-expert\\\/\"]}]},{\"@type\":\"ImageObject\",\"inLanguage\":\"fr-FR\",\"@id\":\"https:\\\/\\\/www.sieber.ch\\\/fr\\\/blog\\\/la-logistique-internationale-en-point-de-mire-entretien-avec-un-expert\\\/#primaryimage\",\"url\":\"https:\\\/\\\/www.sieber.ch\\\/wp-content\\\/uploads\\\/2025\\\/04\\\/iStock-1212987692-scaled.webp\",\"contentUrl\":\"https:\\\/\\\/www.sieber.ch\\\/wp-content\\\/uploads\\\/2025\\\/04\\\/iStock-1212987692-scaled.webp\",\"width\":2560,\"height\":1377},{\"@type\":\"BreadcrumbList\",\"@id\":\"https:\\\/\\\/www.sieber.ch\\\/fr\\\/blog\\\/la-logistique-internationale-en-point-de-mire-entretien-avec-un-expert\\\/#breadcrumb\",\"itemListElement\":[{\"@type\":\"ListItem\",\"position\":1,\"name\":\"Home\",\"item\":\"https:\\\/\\\/www.sieber.ch\\\/fr\\\/\"},{\"@type\":\"ListItem\",\"position\":2,\"name\":\"La logistique internationale en point de mire \u2013 entretien avec un expert\"}]},{\"@type\":\"WebSite\",\"@id\":\"https:\\\/\\\/www.sieber.ch\\\/fr\\\/#website\",\"url\":\"https:\\\/\\\/www.sieber.ch\\\/fr\\\/\",\"name\":\"Sieber Transport AG\",\"description\":\"\",\"publisher\":{\"@id\":\"https:\\\/\\\/www.sieber.ch\\\/fr\\\/#organization\"},\"potentialAction\":[{\"@type\":\"SearchAction\",\"target\":{\"@type\":\"EntryPoint\",\"urlTemplate\":\"https:\\\/\\\/www.sieber.ch\\\/fr\\\/?s={search_term_string}\"},\"query-input\":{\"@type\":\"PropertyValueSpecification\",\"valueRequired\":true,\"valueName\":\"search_term_string\"}}],\"inLanguage\":\"fr-FR\"},{\"@type\":\"Organization\",\"@id\":\"https:\\\/\\\/www.sieber.ch\\\/fr\\\/#organization\",\"name\":\"Sieber Transport AG\",\"url\":\"https:\\\/\\\/www.sieber.ch\\\/fr\\\/\",\"logo\":{\"@type\":\"ImageObject\",\"inLanguage\":\"fr-FR\",\"@id\":\"https:\\\/\\\/www.sieber.ch\\\/fr\\\/#\\\/schema\\\/logo\\\/image\\\/\",\"url\":\"https:\\\/\\\/www.sieber.ch\\\/wp-content\\\/uploads\\\/2024\\\/01\\\/logo.png\",\"contentUrl\":\"https:\\\/\\\/www.sieber.ch\\\/wp-content\\\/uploads\\\/2024\\\/01\\\/logo.png\",\"width\":1063,\"height\":358,\"caption\":\"Sieber Transport AG\"},\"image\":{\"@id\":\"https:\\\/\\\/www.sieber.ch\\\/fr\\\/#\\\/schema\\\/logo\\\/image\\\/\"},\"sameAs\":[\"https:\\\/\\\/www.facebook.com\\\/sieberlogistics\",\"https:\\\/\\\/www.linkedin.com\\\/company\\\/sieberlogistics\\\/\"]},{\"@type\":\"Person\",\"@id\":\"https:\\\/\\\/www.sieber.ch\\\/fr\\\/#\\\/schema\\\/person\\\/d8e023d3e9b655b24a1e20aab0dec5ac\",\"name\":\"dorarauseo\",\"image\":{\"@type\":\"ImageObject\",\"inLanguage\":\"fr-FR\",\"@id\":\"https:\\\/\\\/secure.gravatar.com\\\/avatar\\\/88914062d60fda4d73655522543edb68609603692739ecc4ccae497137ad6bdc?s=96&d=mm&r=g\",\"url\":\"https:\\\/\\\/secure.gravatar.com\\\/avatar\\\/88914062d60fda4d73655522543edb68609603692739ecc4ccae497137ad6bdc?s=96&d=mm&r=g\",\"contentUrl\":\"https:\\\/\\\/secure.gravatar.com\\\/avatar\\\/88914062d60fda4d73655522543edb68609603692739ecc4ccae497137ad6bdc?s=96&d=mm&r=g\",\"caption\":\"dorarauseo\"},\"url\":\"https:\\\/\\\/www.sieber.ch\\\/fr\\\/blog\\\/author\\\/dorarauseo\\\/\"}]}<\/script>\n<!-- \/ Yoast SEO plugin. -->","yoast_head_json":{"title":"La logistique internationale en point de mire \u2013 entretien avec un expert - Sieber Logistics AG","robots":{"index":"index","follow":"follow","max-snippet":"max-snippet:-1","max-image-preview":"max-image-preview:large","max-video-preview":"max-video-preview:-1"},"canonical":"https:\/\/www.sieber.ch\/fr\/blog\/la-logistique-internationale-en-point-de-mire-entretien-avec-un-expert\/","og_locale":"fr_FR","og_type":"article","og_title":"La logistique internationale en point de mire \u2013 entretien avec un expert - Sieber Logistics AG","og_description":"La logistique internationale ne se r\u00e9sume pas simplement au transport d\u2019un point A \u00e0 un point B. Les envois outre-mer,Read More...","og_url":"https:\/\/www.sieber.ch\/fr\/blog\/la-logistique-internationale-en-point-de-mire-entretien-avec-un-expert\/","og_site_name":"Sieber Logistics AG","article_publisher":"https:\/\/www.facebook.com\/sieberlogistics","article_published_time":"2025-04-23T12:34:23+00:00","article_modified_time":"2025-04-29T13:43:24+00:00","og_image":[{"width":2560,"height":1377,"url":"https:\/\/www.sieber.ch\/wp-content\/uploads\/2025\/04\/iStock-1212987692-scaled.webp","type":"image\/webp"}],"author":"dorarauseo","twitter_card":"summary_large_image","twitter_misc":{"\u00c9crit par":"dorarauseo","Dur\u00e9e de lecture estim\u00e9e":"5 minutes"},"schema":{"@context":"https:\/\/schema.org","@graph":[{"@type":"Article","@id":"https:\/\/www.sieber.ch\/fr\/blog\/la-logistique-internationale-en-point-de-mire-entretien-avec-un-expert\/#article","isPartOf":{"@id":"https:\/\/www.sieber.ch\/fr\/blog\/la-logistique-internationale-en-point-de-mire-entretien-avec-un-expert\/"},"author":{"name":"dorarauseo","@id":"https:\/\/www.sieber.ch\/fr\/#\/schema\/person\/d8e023d3e9b655b24a1e20aab0dec5ac"},"headline":"La logistique internationale en point de mire \u2013 entretien avec un expert","datePublished":"2025-04-23T12:34:23+00:00","dateModified":"2025-04-29T13:43:24+00:00","mainEntityOfPage":{"@id":"https:\/\/www.sieber.ch\/fr\/blog\/la-logistique-internationale-en-point-de-mire-entretien-avec-un-expert\/"},"wordCount":955,"publisher":{"@id":"https:\/\/www.sieber.ch\/fr\/#organization"},"image":{"@id":"https:\/\/www.sieber.ch\/fr\/blog\/la-logistique-internationale-en-point-de-mire-entretien-avec-un-expert\/#primaryimage"},"thumbnailUrl":"https:\/\/www.sieber.ch\/wp-content\/uploads\/2025\/04\/iStock-1212987692-scaled.webp","articleSection":["Expert articles","News"],"inLanguage":"fr-FR"},{"@type":"WebPage","@id":"https:\/\/www.sieber.ch\/fr\/blog\/la-logistique-internationale-en-point-de-mire-entretien-avec-un-expert\/","url":"https:\/\/www.sieber.ch\/fr\/blog\/la-logistique-internationale-en-point-de-mire-entretien-avec-un-expert\/","name":"La logistique internationale en point de mire \u2013 entretien avec un expert - Sieber Logistics AG","isPartOf":{"@id":"https:\/\/www.sieber.ch\/fr\/#website"},"primaryImageOfPage":{"@id":"https:\/\/www.sieber.ch\/fr\/blog\/la-logistique-internationale-en-point-de-mire-entretien-avec-un-expert\/#primaryimage"},"image":{"@id":"https:\/\/www.sieber.ch\/fr\/blog\/la-logistique-internationale-en-point-de-mire-entretien-avec-un-expert\/#primaryimage"},"thumbnailUrl":"https:\/\/www.sieber.ch\/wp-content\/uploads\/2025\/04\/iStock-1212987692-scaled.webp","datePublished":"2025-04-23T12:34:23+00:00","dateModified":"2025-04-29T13:43:24+00:00","breadcrumb":{"@id":"https:\/\/www.sieber.ch\/fr\/blog\/la-logistique-internationale-en-point-de-mire-entretien-avec-un-expert\/#breadcrumb"},"inLanguage":"fr-FR","potentialAction":[{"@type":"ReadAction","target":["https:\/\/www.sieber.ch\/fr\/blog\/la-logistique-internationale-en-point-de-mire-entretien-avec-un-expert\/"]}]},{"@type":"ImageObject","inLanguage":"fr-FR","@id":"https:\/\/www.sieber.ch\/fr\/blog\/la-logistique-internationale-en-point-de-mire-entretien-avec-un-expert\/#primaryimage","url":"https:\/\/www.sieber.ch\/wp-content\/uploads\/2025\/04\/iStock-1212987692-scaled.webp","contentUrl":"https:\/\/www.sieber.ch\/wp-content\/uploads\/2025\/04\/iStock-1212987692-scaled.webp","width":2560,"height":1377},{"@type":"BreadcrumbList","@id":"https:\/\/www.sieber.ch\/fr\/blog\/la-logistique-internationale-en-point-de-mire-entretien-avec-un-expert\/#breadcrumb","itemListElement":[{"@type":"ListItem","position":1,"name":"Home","item":"https:\/\/www.sieber.ch\/fr\/"},{"@type":"ListItem","position":2,"name":"La logistique internationale en point de mire \u2013 entretien avec un expert"}]},{"@type":"WebSite","@id":"https:\/\/www.sieber.ch\/fr\/#website","url":"https:\/\/www.sieber.ch\/fr\/","name":"Sieber Transport AG","description":"","publisher":{"@id":"https:\/\/www.sieber.ch\/fr\/#organization"},"potentialAction":[{"@type":"SearchAction","target":{"@type":"EntryPoint","urlTemplate":"https:\/\/www.sieber.ch\/fr\/?s={search_term_string}"},"query-input":{"@type":"PropertyValueSpecification","valueRequired":true,"valueName":"search_term_string"}}],"inLanguage":"fr-FR"},{"@type":"Organization","@id":"https:\/\/www.sieber.ch\/fr\/#organization","name":"Sieber Transport AG","url":"https:\/\/www.sieber.ch\/fr\/","logo":{"@type":"ImageObject","inLanguage":"fr-FR","@id":"https:\/\/www.sieber.ch\/fr\/#\/schema\/logo\/image\/","url":"https:\/\/www.sieber.ch\/wp-content\/uploads\/2024\/01\/logo.png","contentUrl":"https:\/\/www.sieber.ch\/wp-content\/uploads\/2024\/01\/logo.png","width":1063,"height":358,"caption":"Sieber Transport AG"},"image":{"@id":"https:\/\/www.sieber.ch\/fr\/#\/schema\/logo\/image\/"},"sameAs":["https:\/\/www.facebook.com\/sieberlogistics","https:\/\/www.linkedin.com\/company\/sieberlogistics\/"]},{"@type":"Person","@id":"https:\/\/www.sieber.ch\/fr\/#\/schema\/person\/d8e023d3e9b655b24a1e20aab0dec5ac","name":"dorarauseo","image":{"@type":"ImageObject","inLanguage":"fr-FR","@id":"https:\/\/secure.gravatar.com\/avatar\/88914062d60fda4d73655522543edb68609603692739ecc4ccae497137ad6bdc?s=96&d=mm&r=g","url":"https:\/\/secure.gravatar.com\/avatar\/88914062d60fda4d73655522543edb68609603692739ecc4ccae497137ad6bdc?s=96&d=mm&r=g","contentUrl":"https:\/\/secure.gravatar.com\/avatar\/88914062d60fda4d73655522543edb68609603692739ecc4ccae497137ad6bdc?s=96&d=mm&r=g","caption":"dorarauseo"},"url":"https:\/\/www.sieber.ch\/fr\/blog\/author\/dorarauseo\/"}]}},"_links":{"self":[{"href":"https:\/\/www.sieber.ch\/fr\/wp-json\/wp\/v2\/posts\/7585","targetHints":{"allow":["GET"]}}],"collection":[{"href":"https:\/\/www.sieber.ch\/fr\/wp-json\/wp\/v2\/posts"}],"about":[{"href":"https:\/\/www.sieber.ch\/fr\/wp-json\/wp\/v2\/types\/post"}],"author":[{"embeddable":true,"href":"https:\/\/www.sieber.ch\/fr\/wp-json\/wp\/v2\/users\/7"}],"replies":[{"embeddable":true,"href":"https:\/\/www.sieber.ch\/fr\/wp-json\/wp\/v2\/comments?post=7585"}],"version-history":[{"count":6,"href":"https:\/\/www.sieber.ch\/fr\/wp-json\/wp\/v2\/posts\/7585\/revisions"}],"predecessor-version":[{"id":7615,"href":"https:\/\/www.sieber.ch\/fr\/wp-json\/wp\/v2\/posts\/7585\/revisions\/7615"}],"wp:featuredmedia":[{"embeddable":true,"href":"https:\/\/www.sieber.ch\/fr\/wp-json\/wp\/v2\/media\/7572"}],"wp:attachment":[{"href":"https:\/\/www.sieber.ch\/fr\/wp-json\/wp\/v2\/media?parent=7585"}],"wp:term":[{"taxonomy":"category","embeddable":true,"href":"https:\/\/www.sieber.ch\/fr\/wp-json\/wp\/v2\/categories?post=7585"},{"taxonomy":"post_tag","embeddable":true,"href":"https:\/\/www.sieber.ch\/fr\/wp-json\/wp\/v2\/tags?post=7585"}],"curies":[{"name":"wp","href":"https:\/\/api.w.org\/{rel}","templated":true}]}}