{"id":7482,"date":"2025-04-01T07:34:56","date_gmt":"2025-04-01T06:34:56","guid":{"rendered":"https:\/\/www.sieber.ch\/?p=7482"},"modified":"2025-04-01T08:10:07","modified_gmt":"2025-04-01T07:10:07","slug":"reorientation-chez-sieber-des-solutions-claires-des-perspectives-fortes","status":"publish","type":"post","link":"https:\/\/www.sieber.ch\/fr\/blog\/reorientation-chez-sieber-des-solutions-claires-des-perspectives-fortes\/","title":{"rendered":"R\u00e9orientation chez Sieber &#8211; des solutions claires, des perspectives fortes"},"content":{"rendered":"<div class=\"n2_clear\"><ss3-force-full-width data-overflow-x=\"body\" data-horizontal-selector=\"body\"><div class=\"n2-section-smartslider fitvidsignore  n2_clear\" data-ssid=\"106\"><div id=\"n2-ss-106-align\" class=\"n2-ss-align\"><div class=\"n2-padding\"><div id=\"n2-ss-106\" data-creator=\"Smart Slider 3\" data-responsive=\"fullwidth\" class=\"n2-ss-slider n2-ow n2-has-hover n2notransition  \">\n        <div class=\"n2-ss-slider-1 n2_ss__touch_element n2-ow\">\n            <div class=\"n2-ss-slider-2 n2-ow\">\n                                                <div class=\"n2-ss-slider-3 n2-ow\">\n\n                    <div class=\"n2-ss-slide-backgrounds n2-ow-all\"><div class=\"n2-ss-slide-background\" data-public-id=\"1\" data-mode=\"fill\"><div class=\"n2-ss-slide-background-image\" data-blur=\"0\" data-opacity=\"100\" data-x=\"38\" data-y=\"77\" data-alt=\"Woman with glasses in front of a group of people\" data-title=\"\" style=\"--ss-o-pos-x:38%;--ss-o-pos-y:77%\"><picture class=\"skip-lazy\" data-skip-lazy=\"1\"><img decoding=\"async\" src=\"\/\/www.sieber.ch\/wp-content\/uploads\/2024\/12\/Kopie-von-Neue-TMS-BIlder-1920-x-1080-px-1.png\" alt=\"Woman with glasses in front of a group of people\" title=\"\" loading=\"lazy\" class=\"skip-lazy\" data-skip-lazy=\"1\"><\/picture><\/div><div data-color=\"RGBA(0,0,0,0.38)\" style=\"background-color: RGBA(0,0,0,0.38);\" class=\"n2-ss-slide-background-color\" data-overlay=\"1\"><\/div><\/div><\/div>                    <div class=\"n2-ss-slider-4 n2-ow\">\n                        <svg xmlns=\"http:\/\/www.w3.org\/2000\/svg\" viewBox=\"0 0 1200 650\" data-related-device=\"desktopPortrait\" class=\"n2-ow n2-ss-preserve-size n2-ss-preserve-size--slider n2-ss-slide-limiter\"><\/svg><div data-first=\"1\" data-slide-duration=\"0\" data-id=\"129\" data-slide-public-id=\"1\" data-title=\"Services banner\" class=\"n2-ss-slide n2-ow  n2-ss-slide-129\"><div role=\"note\" class=\"n2-ss-slide--focus\" tabindex=\"-1\">Services banner<\/div><div class=\"n2-ss-layers-container n2-ss-slide-limiter n2-ow\"><div class=\"n2-ss-layer n2-ow n-uc-kzDCH8NrxdEK\" data-sstype=\"slide\" data-pm=\"default\"><div class=\"n2-ss-layer n2-ow n-uc-5MzceQpLkOqW\" data-pm=\"default\" data-sstype=\"content\" data-hasbackground=\"0\"><div class=\"n2-ss-section-main-content n2-ss-layer-with-background n2-ss-layer-content n2-ow n-uc-5MzceQpLkOqW-inner\"><div class=\"n2-ss-layer n2-ow n-uc-vCr9LNYC9eY7\" data-pm=\"normal\" data-sstype=\"layer\"><div id=\"n2-ss-106item1\" class=\"n2-font-89c0603c56ffcf23cbe2a31a6751ddf6-hover   n2-ss-item-content n2-ss-text n2-ow\" style=\"display:block;\"><\/div><\/div><\/div><\/div><\/div><\/div><\/div>                    <\/div>\n\n                                    <\/div>\n            <\/div>\n        <\/div>\n        <\/div><ss3-loader><\/ss3-loader><\/div><\/div><div class=\"n2_clear\"><\/div><\/div><\/ss3-force-full-width><\/div>\n\n\n<figure class=\"wp-block-image size-large\"><img loading=\"lazy\" decoding=\"async\" width=\"1024\" height=\"683\" src=\"https:\/\/www.sieber.ch\/wp-content\/uploads\/2023\/11\/SIEBER_PRATTELN_171023_0718_INTERNET-1024x683.webp\" alt=\"\" class=\"wp-image-1639\" srcset=\"https:\/\/www.sieber.ch\/wp-content\/uploads\/2023\/11\/SIEBER_PRATTELN_171023_0718_INTERNET-1024x683.webp 1024w, https:\/\/www.sieber.ch\/wp-content\/uploads\/2023\/11\/SIEBER_PRATTELN_171023_0718_INTERNET-300x200.webp 300w, https:\/\/www.sieber.ch\/wp-content\/uploads\/2023\/11\/SIEBER_PRATTELN_171023_0718_INTERNET-768x512.webp 768w, https:\/\/www.sieber.ch\/wp-content\/uploads\/2023\/11\/SIEBER_PRATTELN_171023_0718_INTERNET-1536x1025.webp 1536w, https:\/\/www.sieber.ch\/wp-content\/uploads\/2023\/11\/SIEBER_PRATTELN_171023_0718_INTERNET-2048x1366.webp 2048w\" sizes=\"auto, (max-width: 1024px) 100vw, 1024px\" \/><\/figure>\n\n\n\n<h2 class=\"wp-block-heading\">R\u00e9orientation chez Sieber &#8211; des solutions claires, des perspectives fortes<\/h2>\n\n\n\n<p>Depuis le 1er avril 2025, la r\u00e9orientation du groupe Sieber dans le domaine du transport est officiellement achev\u00e9e : Raben Sieber AG reprend d\u00e8s \u00e0 pr\u00e9sent les t\u00e2ches op\u00e9rationnelles pour les transports de marchandises de d\u00e9tail.<\/p>\n\n\n\n<p>Pour Sieber, cette \u00e9tape signifie un recentrage cons\u00e9quent. \u00c0 l&rsquo;avenir, nous nous concentrerons enti\u00e8rement sur nos points forts : des solutions logistiques innovantes et sur mesure, qui vont au-del\u00e0 du groupage classique. Un grand pas, mais un pas qui apporte avant tout une chose : la force dans le changement et la stabilit\u00e9 pour nos clients.<\/p>\n\n\n\n<p><strong>Sieber reste tel que vous nous connaissez &#8211; mais avec une orientation encore plus claire.<\/strong><br>M\u00eame si une partie des activit\u00e9s passe en de nouvelles mains, le groupe Sieber reste \u00e0 l&rsquo;\u00e9coute de ses clients. Mieux encore : nous cr\u00e9ons de l&rsquo;espace pour le d\u00e9veloppement, la sp\u00e9cialisation et une v\u00e9ritable valeur ajout\u00e9e.<\/p>\n\n\n\n<p>Nos quatre lignes de produits constituent \u00e0 cet \u00e9gard le c\u0153ur de nos prestations :<\/p>\n\n\n\n<ul class=\"wp-block-list\">\n<li class=\"has-medium-font-size\"><strong><a href=\"https:\/\/www.sieber.ch\/fr\/solutions\/solutions-entrantes\/\">Inbound Solutions<\/a> <\/strong>&#8211; Pour une logistique d&rsquo;approvisionnement sans faille \u00e0 tous les niveaux<\/li>\n\n\n\n<li class=\"has-medium-font-size\"><strong><a href=\"https:\/\/www.sieber.ch\/fr\/solutions\/solutions-sortantes\/\">Outbound Solutions<\/a> <\/strong>&#8211; Pour une distribution multicanale efficace avec des services de stockage et d&rsquo;exp\u00e9dition<\/li>\n\n\n\n<li class=\"has-medium-font-size\"><strong><a href=\"https:\/\/www.sieber.ch\/fr\/solutions\/solutions-domestiques\/\">Home Solutions<\/a> <\/strong>&#8211; Pour une logistique B2C intelligente avec des services jusqu&rsquo;au montage final<\/li>\n\n\n\n<li class=\"has-medium-font-size\"><strong><a href=\"https:\/\/www.sieber.ch\/fr\/solutions\/solutions-dactifs\/\">Asset Solutions<\/a> <\/strong>&#8211; Pour la logistique compl\u00e8te autour des appareils, des machines et des infrastructures complexes<\/li>\n<\/ul>\n\n\n\n<p><strong>Ce qui change pour nos clients &#8211; et ce qui reste<\/strong><br>La comp\u00e9tence pour les transports de marchandises de d\u00e9tail en Suisse est d\u00e9sormais assur\u00e9e par Raben Sieber SA.\u00a0 Nous continuons \u00e0 nous occuper personnellement et directement de tous les autres services logistiques &#8211; en particulier des solutions sur mesure dans nos quatre lignes de produits &#8211; en tant que Sieber.<\/p>\n\n\n\n<p><strong>Pour nos clients, cela signifie :<\/strong><\/p>\n\n\n\n<ul class=\"wp-block-list\">\n<li class=\"has-medium-font-size\">Vous continuez \u00e0 b\u00e9n\u00e9ficier d&rsquo;un suivi comp\u00e9tent &#8211; ax\u00e9 sur vos besoins individuels.<\/li>\n\n\n\n<li class=\"has-medium-font-size\">Vous b\u00e9n\u00e9ficiez d&rsquo;une sp\u00e9cialisation encore plus claire dans les solutions logistiques complexes<\/li>\n\n\n\n<li class=\"has-medium-font-size\">Vous conservez l&rsquo;acc\u00e8s \u00e0 un r\u00e9seau de transport encore plus solide<\/li>\n<\/ul>\n\n\n\n<p>Avec cette nouvelle orientation, nous faisons un pas important vers l&rsquo;avenir.<br>Nous vous remercions chaleureusement de votre confiance &#8211; et nous r\u00e9jouissons de continuer \u00e0 vous accompagner avec notre force d&rsquo;innovation, notre qualit\u00e9 et notre fiabilit\u00e9.<\/p>\n\n\n\n<p>Votre \u00e9quipe Sieber<\/p>\n","protected":false},"excerpt":{"rendered":"<p>R\u00e9orientation chez Sieber &#8211; des solutions claires, des perspectives fortes Depuis le 1er avril 2025, la r\u00e9orientation du groupe Sieber<\/p>\n<p><a class=\"wp-block-button__link\" href=\"https:\/\/www.sieber.ch\/fr\/blog\/reorientation-chez-sieber-des-solutions-claires-des-perspectives-fortes\/\">Read More&#8230;<\/a><\/p>\n","protected":false},"author":7,"featured_media":2031,"comment_status":"closed","ping_status":"closed","sticky":false,"template":"","format":"standard","meta":{"_acf_changed":false,"footnotes":""},"categories":[48],"tags":[],"class_list":["post-7482","post","type-post","status-publish","format-standard","has-post-thumbnail","hentry","category-news-fr"],"acf":[],"yoast_head":"<!-- This site is optimized with the Yoast SEO plugin v27.5 - https:\/\/yoast.com\/product\/yoast-seo-wordpress\/ -->\n<title>R\u00e9orientation chez Sieber - des solutions claires, des perspectives fortes - Sieber Logistics AG<\/title>\n<meta name=\"robots\" content=\"index, follow, max-snippet:-1, max-image-preview:large, max-video-preview:-1\" \/>\n<link rel=\"canonical\" href=\"https:\/\/www.sieber.ch\/fr\/blog\/reorientation-chez-sieber-des-solutions-claires-des-perspectives-fortes\/\" \/>\n<meta property=\"og:locale\" content=\"fr_FR\" \/>\n<meta property=\"og:type\" content=\"article\" \/>\n<meta property=\"og:title\" content=\"R\u00e9orientation chez Sieber - des solutions claires, des perspectives fortes - Sieber Logistics AG\" \/>\n<meta property=\"og:description\" content=\"R\u00e9orientation chez Sieber &#8211; des solutions claires, des perspectives fortes Depuis le 1er avril 2025, la r\u00e9orientation du groupe SieberRead More...\" \/>\n<meta property=\"og:url\" content=\"https:\/\/www.sieber.ch\/fr\/blog\/reorientation-chez-sieber-des-solutions-claires-des-perspectives-fortes\/\" \/>\n<meta property=\"og:site_name\" content=\"Sieber Logistics AG\" \/>\n<meta property=\"article:publisher\" content=\"https:\/\/www.facebook.com\/sieberlogistics\" \/>\n<meta property=\"article:published_time\" content=\"2025-04-01T06:34:56+00:00\" \/>\n<meta property=\"article:modified_time\" content=\"2025-04-01T07:10:07+00:00\" \/>\n<meta property=\"og:image\" content=\"https:\/\/www.sieber.ch\/wp-content\/uploads\/2023\/11\/SIEBER_PRATTELN_171023_0718_INTERNET-scaled.webp\" \/>\n\t<meta property=\"og:image:width\" content=\"2560\" \/>\n\t<meta property=\"og:image:height\" content=\"1708\" \/>\n\t<meta property=\"og:image:type\" content=\"image\/webp\" \/>\n<meta name=\"author\" content=\"dorarauseo\" \/>\n<meta name=\"twitter:card\" content=\"summary_large_image\" \/>\n<meta name=\"twitter:label1\" content=\"\u00c9crit par\" \/>\n\t<meta name=\"twitter:data1\" content=\"dorarauseo\" \/>\n\t<meta name=\"twitter:label2\" content=\"Dur\u00e9e de lecture estim\u00e9e\" \/>\n\t<meta name=\"twitter:data2\" content=\"3 minutes\" \/>\n<script type=\"application\/ld+json\" class=\"yoast-schema-graph\">{\"@context\":\"https:\\\/\\\/schema.org\",\"@graph\":[{\"@type\":\"Article\",\"@id\":\"https:\\\/\\\/www.sieber.ch\\\/fr\\\/blog\\\/reorientation-chez-sieber-des-solutions-claires-des-perspectives-fortes\\\/#article\",\"isPartOf\":{\"@id\":\"https:\\\/\\\/www.sieber.ch\\\/fr\\\/blog\\\/reorientation-chez-sieber-des-solutions-claires-des-perspectives-fortes\\\/\"},\"author\":{\"name\":\"dorarauseo\",\"@id\":\"https:\\\/\\\/www.sieber.ch\\\/fr\\\/#\\\/schema\\\/person\\\/d8e023d3e9b655b24a1e20aab0dec5ac\"},\"headline\":\"R\u00e9orientation chez Sieber &#8211; des solutions claires, des perspectives fortes\",\"datePublished\":\"2025-04-01T06:34:56+00:00\",\"dateModified\":\"2025-04-01T07:10:07+00:00\",\"mainEntityOfPage\":{\"@id\":\"https:\\\/\\\/www.sieber.ch\\\/fr\\\/blog\\\/reorientation-chez-sieber-des-solutions-claires-des-perspectives-fortes\\\/\"},\"wordCount\":411,\"publisher\":{\"@id\":\"https:\\\/\\\/www.sieber.ch\\\/fr\\\/#organization\"},\"image\":{\"@id\":\"https:\\\/\\\/www.sieber.ch\\\/fr\\\/blog\\\/reorientation-chez-sieber-des-solutions-claires-des-perspectives-fortes\\\/#primaryimage\"},\"thumbnailUrl\":\"https:\\\/\\\/www.sieber.ch\\\/wp-content\\\/uploads\\\/2023\\\/11\\\/SIEBER_PRATTELN_171023_0718_INTERNET-scaled.webp\",\"articleSection\":[\"News\"],\"inLanguage\":\"fr-FR\"},{\"@type\":\"WebPage\",\"@id\":\"https:\\\/\\\/www.sieber.ch\\\/fr\\\/blog\\\/reorientation-chez-sieber-des-solutions-claires-des-perspectives-fortes\\\/\",\"url\":\"https:\\\/\\\/www.sieber.ch\\\/fr\\\/blog\\\/reorientation-chez-sieber-des-solutions-claires-des-perspectives-fortes\\\/\",\"name\":\"R\u00e9orientation chez Sieber - des solutions claires, des perspectives fortes - Sieber Logistics AG\",\"isPartOf\":{\"@id\":\"https:\\\/\\\/www.sieber.ch\\\/fr\\\/#website\"},\"primaryImageOfPage\":{\"@id\":\"https:\\\/\\\/www.sieber.ch\\\/fr\\\/blog\\\/reorientation-chez-sieber-des-solutions-claires-des-perspectives-fortes\\\/#primaryimage\"},\"image\":{\"@id\":\"https:\\\/\\\/www.sieber.ch\\\/fr\\\/blog\\\/reorientation-chez-sieber-des-solutions-claires-des-perspectives-fortes\\\/#primaryimage\"},\"thumbnailUrl\":\"https:\\\/\\\/www.sieber.ch\\\/wp-content\\\/uploads\\\/2023\\\/11\\\/SIEBER_PRATTELN_171023_0718_INTERNET-scaled.webp\",\"datePublished\":\"2025-04-01T06:34:56+00:00\",\"dateModified\":\"2025-04-01T07:10:07+00:00\",\"breadcrumb\":{\"@id\":\"https:\\\/\\\/www.sieber.ch\\\/fr\\\/blog\\\/reorientation-chez-sieber-des-solutions-claires-des-perspectives-fortes\\\/#breadcrumb\"},\"inLanguage\":\"fr-FR\",\"potentialAction\":[{\"@type\":\"ReadAction\",\"target\":[\"https:\\\/\\\/www.sieber.ch\\\/fr\\\/blog\\\/reorientation-chez-sieber-des-solutions-claires-des-perspectives-fortes\\\/\"]}]},{\"@type\":\"ImageObject\",\"inLanguage\":\"fr-FR\",\"@id\":\"https:\\\/\\\/www.sieber.ch\\\/fr\\\/blog\\\/reorientation-chez-sieber-des-solutions-claires-des-perspectives-fortes\\\/#primaryimage\",\"url\":\"https:\\\/\\\/www.sieber.ch\\\/wp-content\\\/uploads\\\/2023\\\/11\\\/SIEBER_PRATTELN_171023_0718_INTERNET-scaled.webp\",\"contentUrl\":\"https:\\\/\\\/www.sieber.ch\\\/wp-content\\\/uploads\\\/2023\\\/11\\\/SIEBER_PRATTELN_171023_0718_INTERNET-scaled.webp\",\"width\":2560,\"height\":1708},{\"@type\":\"BreadcrumbList\",\"@id\":\"https:\\\/\\\/www.sieber.ch\\\/fr\\\/blog\\\/reorientation-chez-sieber-des-solutions-claires-des-perspectives-fortes\\\/#breadcrumb\",\"itemListElement\":[{\"@type\":\"ListItem\",\"position\":1,\"name\":\"Home\",\"item\":\"https:\\\/\\\/www.sieber.ch\\\/fr\\\/\"},{\"@type\":\"ListItem\",\"position\":2,\"name\":\"R\u00e9orientation chez Sieber &#8211; des solutions claires, des perspectives fortes\"}]},{\"@type\":\"WebSite\",\"@id\":\"https:\\\/\\\/www.sieber.ch\\\/fr\\\/#website\",\"url\":\"https:\\\/\\\/www.sieber.ch\\\/fr\\\/\",\"name\":\"Sieber Transport AG\",\"description\":\"\",\"publisher\":{\"@id\":\"https:\\\/\\\/www.sieber.ch\\\/fr\\\/#organization\"},\"potentialAction\":[{\"@type\":\"SearchAction\",\"target\":{\"@type\":\"EntryPoint\",\"urlTemplate\":\"https:\\\/\\\/www.sieber.ch\\\/fr\\\/?s={search_term_string}\"},\"query-input\":{\"@type\":\"PropertyValueSpecification\",\"valueRequired\":true,\"valueName\":\"search_term_string\"}}],\"inLanguage\":\"fr-FR\"},{\"@type\":\"Organization\",\"@id\":\"https:\\\/\\\/www.sieber.ch\\\/fr\\\/#organization\",\"name\":\"Sieber Transport AG\",\"url\":\"https:\\\/\\\/www.sieber.ch\\\/fr\\\/\",\"logo\":{\"@type\":\"ImageObject\",\"inLanguage\":\"fr-FR\",\"@id\":\"https:\\\/\\\/www.sieber.ch\\\/fr\\\/#\\\/schema\\\/logo\\\/image\\\/\",\"url\":\"https:\\\/\\\/www.sieber.ch\\\/wp-content\\\/uploads\\\/2024\\\/01\\\/logo.png\",\"contentUrl\":\"https:\\\/\\\/www.sieber.ch\\\/wp-content\\\/uploads\\\/2024\\\/01\\\/logo.png\",\"width\":1063,\"height\":358,\"caption\":\"Sieber Transport AG\"},\"image\":{\"@id\":\"https:\\\/\\\/www.sieber.ch\\\/fr\\\/#\\\/schema\\\/logo\\\/image\\\/\"},\"sameAs\":[\"https:\\\/\\\/www.facebook.com\\\/sieberlogistics\",\"https:\\\/\\\/www.linkedin.com\\\/company\\\/sieberlogistics\\\/\"]},{\"@type\":\"Person\",\"@id\":\"https:\\\/\\\/www.sieber.ch\\\/fr\\\/#\\\/schema\\\/person\\\/d8e023d3e9b655b24a1e20aab0dec5ac\",\"name\":\"dorarauseo\",\"image\":{\"@type\":\"ImageObject\",\"inLanguage\":\"fr-FR\",\"@id\":\"https:\\\/\\\/secure.gravatar.com\\\/avatar\\\/88914062d60fda4d73655522543edb68609603692739ecc4ccae497137ad6bdc?s=96&d=mm&r=g\",\"url\":\"https:\\\/\\\/secure.gravatar.com\\\/avatar\\\/88914062d60fda4d73655522543edb68609603692739ecc4ccae497137ad6bdc?s=96&d=mm&r=g\",\"contentUrl\":\"https:\\\/\\\/secure.gravatar.com\\\/avatar\\\/88914062d60fda4d73655522543edb68609603692739ecc4ccae497137ad6bdc?s=96&d=mm&r=g\",\"caption\":\"dorarauseo\"},\"url\":\"https:\\\/\\\/www.sieber.ch\\\/fr\\\/blog\\\/author\\\/dorarauseo\\\/\"}]}<\/script>\n<!-- \/ Yoast SEO plugin. -->","yoast_head_json":{"title":"R\u00e9orientation chez Sieber - des solutions claires, des perspectives fortes - Sieber Logistics AG","robots":{"index":"index","follow":"follow","max-snippet":"max-snippet:-1","max-image-preview":"max-image-preview:large","max-video-preview":"max-video-preview:-1"},"canonical":"https:\/\/www.sieber.ch\/fr\/blog\/reorientation-chez-sieber-des-solutions-claires-des-perspectives-fortes\/","og_locale":"fr_FR","og_type":"article","og_title":"R\u00e9orientation chez Sieber - des solutions claires, des perspectives fortes - Sieber Logistics AG","og_description":"R\u00e9orientation chez Sieber &#8211; des solutions claires, des perspectives fortes Depuis le 1er avril 2025, la r\u00e9orientation du groupe SieberRead More...","og_url":"https:\/\/www.sieber.ch\/fr\/blog\/reorientation-chez-sieber-des-solutions-claires-des-perspectives-fortes\/","og_site_name":"Sieber Logistics AG","article_publisher":"https:\/\/www.facebook.com\/sieberlogistics","article_published_time":"2025-04-01T06:34:56+00:00","article_modified_time":"2025-04-01T07:10:07+00:00","og_image":[{"width":2560,"height":1708,"url":"https:\/\/www.sieber.ch\/wp-content\/uploads\/2023\/11\/SIEBER_PRATTELN_171023_0718_INTERNET-scaled.webp","type":"image\/webp"}],"author":"dorarauseo","twitter_card":"summary_large_image","twitter_misc":{"\u00c9crit par":"dorarauseo","Dur\u00e9e de lecture estim\u00e9e":"3 minutes"},"schema":{"@context":"https:\/\/schema.org","@graph":[{"@type":"Article","@id":"https:\/\/www.sieber.ch\/fr\/blog\/reorientation-chez-sieber-des-solutions-claires-des-perspectives-fortes\/#article","isPartOf":{"@id":"https:\/\/www.sieber.ch\/fr\/blog\/reorientation-chez-sieber-des-solutions-claires-des-perspectives-fortes\/"},"author":{"name":"dorarauseo","@id":"https:\/\/www.sieber.ch\/fr\/#\/schema\/person\/d8e023d3e9b655b24a1e20aab0dec5ac"},"headline":"R\u00e9orientation chez Sieber &#8211; des solutions claires, des perspectives fortes","datePublished":"2025-04-01T06:34:56+00:00","dateModified":"2025-04-01T07:10:07+00:00","mainEntityOfPage":{"@id":"https:\/\/www.sieber.ch\/fr\/blog\/reorientation-chez-sieber-des-solutions-claires-des-perspectives-fortes\/"},"wordCount":411,"publisher":{"@id":"https:\/\/www.sieber.ch\/fr\/#organization"},"image":{"@id":"https:\/\/www.sieber.ch\/fr\/blog\/reorientation-chez-sieber-des-solutions-claires-des-perspectives-fortes\/#primaryimage"},"thumbnailUrl":"https:\/\/www.sieber.ch\/wp-content\/uploads\/2023\/11\/SIEBER_PRATTELN_171023_0718_INTERNET-scaled.webp","articleSection":["News"],"inLanguage":"fr-FR"},{"@type":"WebPage","@id":"https:\/\/www.sieber.ch\/fr\/blog\/reorientation-chez-sieber-des-solutions-claires-des-perspectives-fortes\/","url":"https:\/\/www.sieber.ch\/fr\/blog\/reorientation-chez-sieber-des-solutions-claires-des-perspectives-fortes\/","name":"R\u00e9orientation chez Sieber - des solutions claires, des perspectives fortes - Sieber Logistics AG","isPartOf":{"@id":"https:\/\/www.sieber.ch\/fr\/#website"},"primaryImageOfPage":{"@id":"https:\/\/www.sieber.ch\/fr\/blog\/reorientation-chez-sieber-des-solutions-claires-des-perspectives-fortes\/#primaryimage"},"image":{"@id":"https:\/\/www.sieber.ch\/fr\/blog\/reorientation-chez-sieber-des-solutions-claires-des-perspectives-fortes\/#primaryimage"},"thumbnailUrl":"https:\/\/www.sieber.ch\/wp-content\/uploads\/2023\/11\/SIEBER_PRATTELN_171023_0718_INTERNET-scaled.webp","datePublished":"2025-04-01T06:34:56+00:00","dateModified":"2025-04-01T07:10:07+00:00","breadcrumb":{"@id":"https:\/\/www.sieber.ch\/fr\/blog\/reorientation-chez-sieber-des-solutions-claires-des-perspectives-fortes\/#breadcrumb"},"inLanguage":"fr-FR","potentialAction":[{"@type":"ReadAction","target":["https:\/\/www.sieber.ch\/fr\/blog\/reorientation-chez-sieber-des-solutions-claires-des-perspectives-fortes\/"]}]},{"@type":"ImageObject","inLanguage":"fr-FR","@id":"https:\/\/www.sieber.ch\/fr\/blog\/reorientation-chez-sieber-des-solutions-claires-des-perspectives-fortes\/#primaryimage","url":"https:\/\/www.sieber.ch\/wp-content\/uploads\/2023\/11\/SIEBER_PRATTELN_171023_0718_INTERNET-scaled.webp","contentUrl":"https:\/\/www.sieber.ch\/wp-content\/uploads\/2023\/11\/SIEBER_PRATTELN_171023_0718_INTERNET-scaled.webp","width":2560,"height":1708},{"@type":"BreadcrumbList","@id":"https:\/\/www.sieber.ch\/fr\/blog\/reorientation-chez-sieber-des-solutions-claires-des-perspectives-fortes\/#breadcrumb","itemListElement":[{"@type":"ListItem","position":1,"name":"Home","item":"https:\/\/www.sieber.ch\/fr\/"},{"@type":"ListItem","position":2,"name":"R\u00e9orientation chez Sieber &#8211; des solutions claires, des perspectives fortes"}]},{"@type":"WebSite","@id":"https:\/\/www.sieber.ch\/fr\/#website","url":"https:\/\/www.sieber.ch\/fr\/","name":"Sieber Transport AG","description":"","publisher":{"@id":"https:\/\/www.sieber.ch\/fr\/#organization"},"potentialAction":[{"@type":"SearchAction","target":{"@type":"EntryPoint","urlTemplate":"https:\/\/www.sieber.ch\/fr\/?s={search_term_string}"},"query-input":{"@type":"PropertyValueSpecification","valueRequired":true,"valueName":"search_term_string"}}],"inLanguage":"fr-FR"},{"@type":"Organization","@id":"https:\/\/www.sieber.ch\/fr\/#organization","name":"Sieber Transport AG","url":"https:\/\/www.sieber.ch\/fr\/","logo":{"@type":"ImageObject","inLanguage":"fr-FR","@id":"https:\/\/www.sieber.ch\/fr\/#\/schema\/logo\/image\/","url":"https:\/\/www.sieber.ch\/wp-content\/uploads\/2024\/01\/logo.png","contentUrl":"https:\/\/www.sieber.ch\/wp-content\/uploads\/2024\/01\/logo.png","width":1063,"height":358,"caption":"Sieber Transport AG"},"image":{"@id":"https:\/\/www.sieber.ch\/fr\/#\/schema\/logo\/image\/"},"sameAs":["https:\/\/www.facebook.com\/sieberlogistics","https:\/\/www.linkedin.com\/company\/sieberlogistics\/"]},{"@type":"Person","@id":"https:\/\/www.sieber.ch\/fr\/#\/schema\/person\/d8e023d3e9b655b24a1e20aab0dec5ac","name":"dorarauseo","image":{"@type":"ImageObject","inLanguage":"fr-FR","@id":"https:\/\/secure.gravatar.com\/avatar\/88914062d60fda4d73655522543edb68609603692739ecc4ccae497137ad6bdc?s=96&d=mm&r=g","url":"https:\/\/secure.gravatar.com\/avatar\/88914062d60fda4d73655522543edb68609603692739ecc4ccae497137ad6bdc?s=96&d=mm&r=g","contentUrl":"https:\/\/secure.gravatar.com\/avatar\/88914062d60fda4d73655522543edb68609603692739ecc4ccae497137ad6bdc?s=96&d=mm&r=g","caption":"dorarauseo"},"url":"https:\/\/www.sieber.ch\/fr\/blog\/author\/dorarauseo\/"}]}},"_links":{"self":[{"href":"https:\/\/www.sieber.ch\/fr\/wp-json\/wp\/v2\/posts\/7482","targetHints":{"allow":["GET"]}}],"collection":[{"href":"https:\/\/www.sieber.ch\/fr\/wp-json\/wp\/v2\/posts"}],"about":[{"href":"https:\/\/www.sieber.ch\/fr\/wp-json\/wp\/v2\/types\/post"}],"author":[{"embeddable":true,"href":"https:\/\/www.sieber.ch\/fr\/wp-json\/wp\/v2\/users\/7"}],"replies":[{"embeddable":true,"href":"https:\/\/www.sieber.ch\/fr\/wp-json\/wp\/v2\/comments?post=7482"}],"version-history":[{"count":1,"href":"https:\/\/www.sieber.ch\/fr\/wp-json\/wp\/v2\/posts\/7482\/revisions"}],"predecessor-version":[{"id":7483,"href":"https:\/\/www.sieber.ch\/fr\/wp-json\/wp\/v2\/posts\/7482\/revisions\/7483"}],"wp:featuredmedia":[{"embeddable":true,"href":"https:\/\/www.sieber.ch\/fr\/wp-json\/wp\/v2\/media\/2031"}],"wp:attachment":[{"href":"https:\/\/www.sieber.ch\/fr\/wp-json\/wp\/v2\/media?parent=7482"}],"wp:term":[{"taxonomy":"category","embeddable":true,"href":"https:\/\/www.sieber.ch\/fr\/wp-json\/wp\/v2\/categories?post=7482"},{"taxonomy":"post_tag","embeddable":true,"href":"https:\/\/www.sieber.ch\/fr\/wp-json\/wp\/v2\/tags?post=7482"}],"curies":[{"name":"wp","href":"https:\/\/api.w.org\/{rel}","templated":true}]}}