{"id":6752,"date":"2024-11-26T14:56:57","date_gmt":"2024-11-26T14:56:57","guid":{"rendered":"https:\/\/www.sieber.ch\/?p=6752"},"modified":"2024-12-06T15:07:21","modified_gmt":"2024-12-06T15:07:21","slug":"sieber-et-raben-deux-reseaux-forts-sunissent","status":"publish","type":"post","link":"https:\/\/www.sieber.ch\/fr\/blog\/sieber-et-raben-deux-reseaux-forts-sunissent\/","title":{"rendered":"Sieber et Raben : Deux r\u00e9seaux forts s&rsquo;unissent\u00a0"},"content":{"rendered":"<div class=\"n2_clear\"><ss3-force-full-width data-overflow-x=\"body\" data-horizontal-selector=\"body\"><div class=\"n2-section-smartslider fitvidsignore  n2_clear\" data-ssid=\"100\"><div id=\"n2-ss-100-align\" class=\"n2-ss-align\"><div class=\"n2-padding\"><div id=\"n2-ss-100\" data-creator=\"Smart Slider 3\" data-responsive=\"fullwidth\" class=\"n2-ss-slider n2-ow n2-has-hover n2notransition  \">\n        <div class=\"n2-ss-slider-1 n2_ss__touch_element n2-ow\">\n            <div class=\"n2-ss-slider-2 n2-ow\">\n                                                <div class=\"n2-ss-slider-3 n2-ow\">\n\n                    <div class=\"n2-ss-slide-backgrounds n2-ow-all\"><div class=\"n2-ss-slide-background\" data-public-id=\"1\" data-mode=\"fill\"><div class=\"n2-ss-slide-background-image\" data-blur=\"0\" data-opacity=\"100\" data-x=\"38\" data-y=\"77\" data-alt=\"Woman with glasses in front of a group of people\" data-title=\"\" style=\"--ss-o-pos-x:38%;--ss-o-pos-y:77%\"><picture class=\"skip-lazy\" data-skip-lazy=\"1\"><img decoding=\"async\" src=\"\/\/www.sieber.ch\/wp-content\/uploads\/2024\/01\/News-1277948801.webp\" alt=\"Woman with glasses in front of a group of people\" title=\"\" loading=\"lazy\" class=\"skip-lazy\" data-skip-lazy=\"1\"><\/picture><\/div><div data-color=\"RGBA(0,0,0,0.52)\" style=\"background-color: RGBA(0,0,0,0.52);\" class=\"n2-ss-slide-background-color\" data-overlay=\"1\"><\/div><\/div><\/div>                    <div class=\"n2-ss-slider-4 n2-ow\">\n                        <svg xmlns=\"http:\/\/www.w3.org\/2000\/svg\" viewBox=\"0 0 1200 650\" data-related-device=\"desktopPortrait\" class=\"n2-ow n2-ss-preserve-size n2-ss-preserve-size--slider n2-ss-slide-limiter\"><\/svg><div data-first=\"1\" data-slide-duration=\"0\" data-id=\"114\" data-slide-public-id=\"1\" data-title=\"Services banner\" class=\"n2-ss-slide n2-ow  n2-ss-slide-114\"><div role=\"note\" class=\"n2-ss-slide--focus\" tabindex=\"-1\">Services banner<\/div><div class=\"n2-ss-layers-container n2-ss-slide-limiter n2-ow\"><div class=\"n2-ss-layer n2-ow n-uc-2luDAwVGLylp\" data-sstype=\"slide\" data-pm=\"default\"><div class=\"n2-ss-layer n2-ow n-uc-2pUNtEJPFRkA\" data-pm=\"default\" data-sstype=\"content\" data-hasbackground=\"0\"><div class=\"n2-ss-section-main-content n2-ss-layer-with-background n2-ss-layer-content n2-ow n-uc-2pUNtEJPFRkA-inner\"><div class=\"n2-ss-layer n2-ow n-uc-f4gam8jurX0X\" data-pm=\"normal\" data-sstype=\"layer\"><div id=\"n2-ss-100item1\" class=\"n2-font-89c0603c56ffcf23cbe2a31a6751ddf6-hover   n2-ss-item-content n2-ss-text n2-ow\" style=\"display:block;\"><\/div><\/div><\/div><\/div><\/div><\/div><\/div>                    <\/div>\n\n                                    <\/div>\n            <\/div>\n        <\/div>\n        <\/div><ss3-loader><\/ss3-loader><\/div><\/div><div class=\"n2_clear\"><\/div><\/div><\/ss3-force-full-width><\/div>\n\n\n<figure class=\"wp-block-image size-large\"><img loading=\"lazy\" decoding=\"async\" width=\"1024\" height=\"576\" src=\"https:\/\/www.sieber.ch\/wp-content\/uploads\/2024\/11\/Foto-Saentis-1024x576.jpg\" alt=\"\" class=\"wp-image-6743\" srcset=\"https:\/\/www.sieber.ch\/wp-content\/uploads\/2024\/11\/Foto-Saentis-1024x576.jpg 1024w, https:\/\/www.sieber.ch\/wp-content\/uploads\/2024\/11\/Foto-Saentis-300x169.jpg 300w, https:\/\/www.sieber.ch\/wp-content\/uploads\/2024\/11\/Foto-Saentis-768x432.jpg 768w, https:\/\/www.sieber.ch\/wp-content\/uploads\/2024\/11\/Foto-Saentis-1536x864.jpg 1536w, https:\/\/www.sieber.ch\/wp-content\/uploads\/2024\/11\/Foto-Saentis.jpg 1920w\" sizes=\"auto, (max-width: 1024px) 100vw, 1024px\" \/><\/figure>\n\n\n\n<h2 class=\"wp-block-heading\">Sieber et Raben : Deux r\u00e9seaux forts s&rsquo;unissent&nbsp;<\/h2>\n\n\n\n<p>Sieber Transport SA et le groupe Raben unissent leurs r\u00e9seaux et fondent Raben Sieber SA, qui reprendra notre secteur d&rsquo;activit\u00e9 des transports groupage \u00e0 partir du 1er mars 2025. En tant qu&rsquo;actionnaire, nous restons \u00e9troitement li\u00e9s \u00e0 Raben Sieber SA.&nbsp;<\/p>\n\n\n\n<p>Christian Sieber, CEO de Sieber : \u00ab Avec la cr\u00e9ation de Raben Sieber AG, nous cr\u00e9ons des synergies et des possibilit\u00e9s qui profiteront \u00e0 nos clientes et clients en Suisse et en Europe. Cette \u00e9tape est un \u00e9l\u00e9ment essentiel de la strat\u00e9gie d&rsquo;entreprise de Sieber et cr\u00e9e pour nous des possibilit\u00e9s de r\u00e9pondre de mani\u00e8re performante et flexible aux besoins des clients dans un environnement de march\u00e9 en pleine mutation \u00bb.&nbsp;<\/p>\n\n\n\n<p>Alors que les clients de groupage seront d\u00e9sormais pris en charge par Raben Sieber AG \u00e0 partir du 1er mars 2025, nous nous focaliserons sur nos quatre lignes de produits :&nbsp;<\/p>\n\n\n\n<ul class=\"has-medium-font-size wp-block-list\">\n<li><a href=\"https:\/\/www.sieber.ch\/fr\/solutions\/solutions-entrantes\/\" target=\"_blank\" rel=\"noreferrer noopener\">Inbound Solutions<\/a>: Concepts d&rsquo;approvisionnement efficaces pour le commerce et l&rsquo;industrie &#8211; au niveau r\u00e9gional, national et mondial.&nbsp;<\/li>\n<\/ul>\n\n\n\n<ul class=\"has-medium-font-size wp-block-list\">\n<li><a href=\"https:\/\/www.sieber.ch\/fr\/solutions\/solutions-sortantes\/\" target=\"_blank\" rel=\"noreferrer noopener\">Outbound Solutions<\/a>: Solutions de distribution multicanaux avec des prestations \u00e0 valeur ajout\u00e9e telles que le stockage et l&rsquo;exp\u00e9dition.&nbsp;<\/li>\n<\/ul>\n\n\n\n<ul class=\"has-medium-font-size wp-block-list\">\n<li><a href=\"https:\/\/www.sieber.ch\/fr\/solutions\/solutions-domestiques\/\" target=\"_blank\" rel=\"noreferrer noopener\">Home Solutions<\/a>: Logistique B2C \u00e0 grande \u00e9chelle avec des services suppl\u00e9mentaires comme le montage et le recyclage.&nbsp;<\/li>\n<\/ul>\n\n\n\n<ul class=\"has-medium-font-size wp-block-list\">\n<li><a href=\"https:\/\/www.sieber.ch\/fr\/solutions\/solutions-dactifs\/\" target=\"_blank\" rel=\"noreferrer noopener\">Asset Solutions<\/a>: gestion compl\u00e8te pour les flottes d&rsquo;appareils et concepts logistiques individuels.&nbsp;<\/li>\n<\/ul>\n\n\n\n<p>Les collaborateurs des secteurs concern\u00e9s seront transf\u00e9r\u00e9s dans la nouvelle soci\u00e9t\u00e9 et tous les emplois seront conserv\u00e9s.&nbsp;<\/p>\n\n\n\n<p>Nous nous r\u00e9jouissons de l&rsquo;avenir et restons \u00e0 votre disposition pour toute question.&nbsp;<\/p>\n\n\n\n<p><\/p>\n","protected":false},"excerpt":{"rendered":"<p>Sieber et Raben : Deux r\u00e9seaux forts s&rsquo;unissent&nbsp; Sieber Transport SA et le groupe Raben unissent leurs r\u00e9seaux et fondent<\/p>\n<p><a class=\"wp-block-button__link\" href=\"https:\/\/www.sieber.ch\/fr\/blog\/sieber-et-raben-deux-reseaux-forts-sunissent\/\">Read More&#8230;<\/a><\/p>\n","protected":false},"author":7,"featured_media":6745,"comment_status":"closed","ping_status":"closed","sticky":false,"template":"","format":"standard","meta":{"_acf_changed":false,"footnotes":""},"categories":[48],"tags":[],"class_list":["post-6752","post","type-post","status-publish","format-standard","has-post-thumbnail","hentry","category-news-fr"],"acf":[],"yoast_head":"<!-- This site is optimized with the Yoast SEO plugin v27.5 - https:\/\/yoast.com\/product\/yoast-seo-wordpress\/ -->\n<title>Sieber et Raben : Deux r\u00e9seaux forts s&#039;unissent\u00a0 - Sieber Logistics AG<\/title>\n<meta name=\"robots\" content=\"index, follow, max-snippet:-1, max-image-preview:large, max-video-preview:-1\" \/>\n<link rel=\"canonical\" href=\"https:\/\/www.sieber.ch\/fr\/blog\/sieber-et-raben-deux-reseaux-forts-sunissent\/\" \/>\n<meta property=\"og:locale\" content=\"fr_FR\" \/>\n<meta property=\"og:type\" content=\"article\" \/>\n<meta property=\"og:title\" content=\"Sieber et Raben : Deux r\u00e9seaux forts s&#039;unissent\u00a0 - Sieber Logistics AG\" \/>\n<meta property=\"og:description\" content=\"Sieber et Raben : Deux r\u00e9seaux forts s&rsquo;unissent&nbsp; Sieber Transport SA et le groupe Raben unissent leurs r\u00e9seaux et fondentRead More...\" \/>\n<meta property=\"og:url\" content=\"https:\/\/www.sieber.ch\/fr\/blog\/sieber-et-raben-deux-reseaux-forts-sunissent\/\" \/>\n<meta property=\"og:site_name\" content=\"Sieber Logistics AG\" \/>\n<meta property=\"article:publisher\" content=\"https:\/\/www.facebook.com\/sieberlogistics\" \/>\n<meta property=\"article:published_time\" content=\"2024-11-26T14:56:57+00:00\" \/>\n<meta property=\"article:modified_time\" content=\"2024-12-06T15:07:21+00:00\" \/>\n<meta property=\"og:image\" content=\"https:\/\/www.sieber.ch\/wp-content\/uploads\/2024\/11\/Foto-Saentis.jpg\" \/>\n\t<meta property=\"og:image:width\" content=\"1920\" \/>\n\t<meta property=\"og:image:height\" content=\"1080\" \/>\n\t<meta property=\"og:image:type\" content=\"image\/jpeg\" \/>\n<meta name=\"author\" content=\"dorarauseo\" \/>\n<meta name=\"twitter:card\" content=\"summary_large_image\" \/>\n<meta name=\"twitter:label1\" content=\"\u00c9crit par\" \/>\n\t<meta name=\"twitter:data1\" content=\"dorarauseo\" \/>\n\t<meta name=\"twitter:label2\" content=\"Dur\u00e9e de lecture estim\u00e9e\" \/>\n\t<meta name=\"twitter:data2\" content=\"2 minutes\" \/>\n<script type=\"application\/ld+json\" class=\"yoast-schema-graph\">{\"@context\":\"https:\\\/\\\/schema.org\",\"@graph\":[{\"@type\":\"Article\",\"@id\":\"https:\\\/\\\/www.sieber.ch\\\/fr\\\/blog\\\/sieber-et-raben-deux-reseaux-forts-sunissent\\\/#article\",\"isPartOf\":{\"@id\":\"https:\\\/\\\/www.sieber.ch\\\/fr\\\/blog\\\/sieber-et-raben-deux-reseaux-forts-sunissent\\\/\"},\"author\":{\"name\":\"dorarauseo\",\"@id\":\"https:\\\/\\\/www.sieber.ch\\\/fr\\\/#\\\/schema\\\/person\\\/d8e023d3e9b655b24a1e20aab0dec5ac\"},\"headline\":\"Sieber et Raben : Deux r\u00e9seaux forts s&rsquo;unissent\u00a0\",\"datePublished\":\"2024-11-26T14:56:57+00:00\",\"dateModified\":\"2024-12-06T15:07:21+00:00\",\"mainEntityOfPage\":{\"@id\":\"https:\\\/\\\/www.sieber.ch\\\/fr\\\/blog\\\/sieber-et-raben-deux-reseaux-forts-sunissent\\\/\"},\"wordCount\":285,\"publisher\":{\"@id\":\"https:\\\/\\\/www.sieber.ch\\\/fr\\\/#organization\"},\"image\":{\"@id\":\"https:\\\/\\\/www.sieber.ch\\\/fr\\\/blog\\\/sieber-et-raben-deux-reseaux-forts-sunissent\\\/#primaryimage\"},\"thumbnailUrl\":\"https:\\\/\\\/www.sieber.ch\\\/wp-content\\\/uploads\\\/2024\\\/11\\\/Foto-Saentis.jpg\",\"articleSection\":[\"News\"],\"inLanguage\":\"fr-FR\"},{\"@type\":\"WebPage\",\"@id\":\"https:\\\/\\\/www.sieber.ch\\\/fr\\\/blog\\\/sieber-et-raben-deux-reseaux-forts-sunissent\\\/\",\"url\":\"https:\\\/\\\/www.sieber.ch\\\/fr\\\/blog\\\/sieber-et-raben-deux-reseaux-forts-sunissent\\\/\",\"name\":\"Sieber et Raben : Deux r\u00e9seaux forts s'unissent\u00a0 - Sieber Logistics AG\",\"isPartOf\":{\"@id\":\"https:\\\/\\\/www.sieber.ch\\\/fr\\\/#website\"},\"primaryImageOfPage\":{\"@id\":\"https:\\\/\\\/www.sieber.ch\\\/fr\\\/blog\\\/sieber-et-raben-deux-reseaux-forts-sunissent\\\/#primaryimage\"},\"image\":{\"@id\":\"https:\\\/\\\/www.sieber.ch\\\/fr\\\/blog\\\/sieber-et-raben-deux-reseaux-forts-sunissent\\\/#primaryimage\"},\"thumbnailUrl\":\"https:\\\/\\\/www.sieber.ch\\\/wp-content\\\/uploads\\\/2024\\\/11\\\/Foto-Saentis.jpg\",\"datePublished\":\"2024-11-26T14:56:57+00:00\",\"dateModified\":\"2024-12-06T15:07:21+00:00\",\"breadcrumb\":{\"@id\":\"https:\\\/\\\/www.sieber.ch\\\/fr\\\/blog\\\/sieber-et-raben-deux-reseaux-forts-sunissent\\\/#breadcrumb\"},\"inLanguage\":\"fr-FR\",\"potentialAction\":[{\"@type\":\"ReadAction\",\"target\":[\"https:\\\/\\\/www.sieber.ch\\\/fr\\\/blog\\\/sieber-et-raben-deux-reseaux-forts-sunissent\\\/\"]}]},{\"@type\":\"ImageObject\",\"inLanguage\":\"fr-FR\",\"@id\":\"https:\\\/\\\/www.sieber.ch\\\/fr\\\/blog\\\/sieber-et-raben-deux-reseaux-forts-sunissent\\\/#primaryimage\",\"url\":\"https:\\\/\\\/www.sieber.ch\\\/wp-content\\\/uploads\\\/2024\\\/11\\\/Foto-Saentis.jpg\",\"contentUrl\":\"https:\\\/\\\/www.sieber.ch\\\/wp-content\\\/uploads\\\/2024\\\/11\\\/Foto-Saentis.jpg\",\"width\":1920,\"height\":1080},{\"@type\":\"BreadcrumbList\",\"@id\":\"https:\\\/\\\/www.sieber.ch\\\/fr\\\/blog\\\/sieber-et-raben-deux-reseaux-forts-sunissent\\\/#breadcrumb\",\"itemListElement\":[{\"@type\":\"ListItem\",\"position\":1,\"name\":\"Home\",\"item\":\"https:\\\/\\\/www.sieber.ch\\\/fr\\\/\"},{\"@type\":\"ListItem\",\"position\":2,\"name\":\"Sieber et Raben : Deux r\u00e9seaux forts s&#8217;unissent\u00a0\"}]},{\"@type\":\"WebSite\",\"@id\":\"https:\\\/\\\/www.sieber.ch\\\/fr\\\/#website\",\"url\":\"https:\\\/\\\/www.sieber.ch\\\/fr\\\/\",\"name\":\"Sieber Transport AG\",\"description\":\"\",\"publisher\":{\"@id\":\"https:\\\/\\\/www.sieber.ch\\\/fr\\\/#organization\"},\"potentialAction\":[{\"@type\":\"SearchAction\",\"target\":{\"@type\":\"EntryPoint\",\"urlTemplate\":\"https:\\\/\\\/www.sieber.ch\\\/fr\\\/?s={search_term_string}\"},\"query-input\":{\"@type\":\"PropertyValueSpecification\",\"valueRequired\":true,\"valueName\":\"search_term_string\"}}],\"inLanguage\":\"fr-FR\"},{\"@type\":\"Organization\",\"@id\":\"https:\\\/\\\/www.sieber.ch\\\/fr\\\/#organization\",\"name\":\"Sieber Transport AG\",\"url\":\"https:\\\/\\\/www.sieber.ch\\\/fr\\\/\",\"logo\":{\"@type\":\"ImageObject\",\"inLanguage\":\"fr-FR\",\"@id\":\"https:\\\/\\\/www.sieber.ch\\\/fr\\\/#\\\/schema\\\/logo\\\/image\\\/\",\"url\":\"https:\\\/\\\/www.sieber.ch\\\/wp-content\\\/uploads\\\/2024\\\/01\\\/logo.png\",\"contentUrl\":\"https:\\\/\\\/www.sieber.ch\\\/wp-content\\\/uploads\\\/2024\\\/01\\\/logo.png\",\"width\":1063,\"height\":358,\"caption\":\"Sieber Transport AG\"},\"image\":{\"@id\":\"https:\\\/\\\/www.sieber.ch\\\/fr\\\/#\\\/schema\\\/logo\\\/image\\\/\"},\"sameAs\":[\"https:\\\/\\\/www.facebook.com\\\/sieberlogistics\",\"https:\\\/\\\/www.linkedin.com\\\/company\\\/sieberlogistics\\\/\"]},{\"@type\":\"Person\",\"@id\":\"https:\\\/\\\/www.sieber.ch\\\/fr\\\/#\\\/schema\\\/person\\\/d8e023d3e9b655b24a1e20aab0dec5ac\",\"name\":\"dorarauseo\",\"image\":{\"@type\":\"ImageObject\",\"inLanguage\":\"fr-FR\",\"@id\":\"https:\\\/\\\/secure.gravatar.com\\\/avatar\\\/88914062d60fda4d73655522543edb68609603692739ecc4ccae497137ad6bdc?s=96&d=mm&r=g\",\"url\":\"https:\\\/\\\/secure.gravatar.com\\\/avatar\\\/88914062d60fda4d73655522543edb68609603692739ecc4ccae497137ad6bdc?s=96&d=mm&r=g\",\"contentUrl\":\"https:\\\/\\\/secure.gravatar.com\\\/avatar\\\/88914062d60fda4d73655522543edb68609603692739ecc4ccae497137ad6bdc?s=96&d=mm&r=g\",\"caption\":\"dorarauseo\"},\"url\":\"https:\\\/\\\/www.sieber.ch\\\/fr\\\/blog\\\/author\\\/dorarauseo\\\/\"}]}<\/script>\n<!-- \/ Yoast SEO plugin. -->","yoast_head_json":{"title":"Sieber et Raben : Deux r\u00e9seaux forts s'unissent\u00a0 - Sieber Logistics AG","robots":{"index":"index","follow":"follow","max-snippet":"max-snippet:-1","max-image-preview":"max-image-preview:large","max-video-preview":"max-video-preview:-1"},"canonical":"https:\/\/www.sieber.ch\/fr\/blog\/sieber-et-raben-deux-reseaux-forts-sunissent\/","og_locale":"fr_FR","og_type":"article","og_title":"Sieber et Raben : Deux r\u00e9seaux forts s'unissent\u00a0 - Sieber Logistics AG","og_description":"Sieber et Raben : Deux r\u00e9seaux forts s&rsquo;unissent&nbsp; Sieber Transport SA et le groupe Raben unissent leurs r\u00e9seaux et fondentRead More...","og_url":"https:\/\/www.sieber.ch\/fr\/blog\/sieber-et-raben-deux-reseaux-forts-sunissent\/","og_site_name":"Sieber Logistics AG","article_publisher":"https:\/\/www.facebook.com\/sieberlogistics","article_published_time":"2024-11-26T14:56:57+00:00","article_modified_time":"2024-12-06T15:07:21+00:00","og_image":[{"width":1920,"height":1080,"url":"https:\/\/www.sieber.ch\/wp-content\/uploads\/2024\/11\/Foto-Saentis.jpg","type":"image\/jpeg"}],"author":"dorarauseo","twitter_card":"summary_large_image","twitter_misc":{"\u00c9crit par":"dorarauseo","Dur\u00e9e de lecture estim\u00e9e":"2 minutes"},"schema":{"@context":"https:\/\/schema.org","@graph":[{"@type":"Article","@id":"https:\/\/www.sieber.ch\/fr\/blog\/sieber-et-raben-deux-reseaux-forts-sunissent\/#article","isPartOf":{"@id":"https:\/\/www.sieber.ch\/fr\/blog\/sieber-et-raben-deux-reseaux-forts-sunissent\/"},"author":{"name":"dorarauseo","@id":"https:\/\/www.sieber.ch\/fr\/#\/schema\/person\/d8e023d3e9b655b24a1e20aab0dec5ac"},"headline":"Sieber et Raben : Deux r\u00e9seaux forts s&rsquo;unissent\u00a0","datePublished":"2024-11-26T14:56:57+00:00","dateModified":"2024-12-06T15:07:21+00:00","mainEntityOfPage":{"@id":"https:\/\/www.sieber.ch\/fr\/blog\/sieber-et-raben-deux-reseaux-forts-sunissent\/"},"wordCount":285,"publisher":{"@id":"https:\/\/www.sieber.ch\/fr\/#organization"},"image":{"@id":"https:\/\/www.sieber.ch\/fr\/blog\/sieber-et-raben-deux-reseaux-forts-sunissent\/#primaryimage"},"thumbnailUrl":"https:\/\/www.sieber.ch\/wp-content\/uploads\/2024\/11\/Foto-Saentis.jpg","articleSection":["News"],"inLanguage":"fr-FR"},{"@type":"WebPage","@id":"https:\/\/www.sieber.ch\/fr\/blog\/sieber-et-raben-deux-reseaux-forts-sunissent\/","url":"https:\/\/www.sieber.ch\/fr\/blog\/sieber-et-raben-deux-reseaux-forts-sunissent\/","name":"Sieber et Raben : Deux r\u00e9seaux forts s'unissent\u00a0 - Sieber Logistics AG","isPartOf":{"@id":"https:\/\/www.sieber.ch\/fr\/#website"},"primaryImageOfPage":{"@id":"https:\/\/www.sieber.ch\/fr\/blog\/sieber-et-raben-deux-reseaux-forts-sunissent\/#primaryimage"},"image":{"@id":"https:\/\/www.sieber.ch\/fr\/blog\/sieber-et-raben-deux-reseaux-forts-sunissent\/#primaryimage"},"thumbnailUrl":"https:\/\/www.sieber.ch\/wp-content\/uploads\/2024\/11\/Foto-Saentis.jpg","datePublished":"2024-11-26T14:56:57+00:00","dateModified":"2024-12-06T15:07:21+00:00","breadcrumb":{"@id":"https:\/\/www.sieber.ch\/fr\/blog\/sieber-et-raben-deux-reseaux-forts-sunissent\/#breadcrumb"},"inLanguage":"fr-FR","potentialAction":[{"@type":"ReadAction","target":["https:\/\/www.sieber.ch\/fr\/blog\/sieber-et-raben-deux-reseaux-forts-sunissent\/"]}]},{"@type":"ImageObject","inLanguage":"fr-FR","@id":"https:\/\/www.sieber.ch\/fr\/blog\/sieber-et-raben-deux-reseaux-forts-sunissent\/#primaryimage","url":"https:\/\/www.sieber.ch\/wp-content\/uploads\/2024\/11\/Foto-Saentis.jpg","contentUrl":"https:\/\/www.sieber.ch\/wp-content\/uploads\/2024\/11\/Foto-Saentis.jpg","width":1920,"height":1080},{"@type":"BreadcrumbList","@id":"https:\/\/www.sieber.ch\/fr\/blog\/sieber-et-raben-deux-reseaux-forts-sunissent\/#breadcrumb","itemListElement":[{"@type":"ListItem","position":1,"name":"Home","item":"https:\/\/www.sieber.ch\/fr\/"},{"@type":"ListItem","position":2,"name":"Sieber et Raben : Deux r\u00e9seaux forts s&#8217;unissent\u00a0"}]},{"@type":"WebSite","@id":"https:\/\/www.sieber.ch\/fr\/#website","url":"https:\/\/www.sieber.ch\/fr\/","name":"Sieber Transport AG","description":"","publisher":{"@id":"https:\/\/www.sieber.ch\/fr\/#organization"},"potentialAction":[{"@type":"SearchAction","target":{"@type":"EntryPoint","urlTemplate":"https:\/\/www.sieber.ch\/fr\/?s={search_term_string}"},"query-input":{"@type":"PropertyValueSpecification","valueRequired":true,"valueName":"search_term_string"}}],"inLanguage":"fr-FR"},{"@type":"Organization","@id":"https:\/\/www.sieber.ch\/fr\/#organization","name":"Sieber Transport AG","url":"https:\/\/www.sieber.ch\/fr\/","logo":{"@type":"ImageObject","inLanguage":"fr-FR","@id":"https:\/\/www.sieber.ch\/fr\/#\/schema\/logo\/image\/","url":"https:\/\/www.sieber.ch\/wp-content\/uploads\/2024\/01\/logo.png","contentUrl":"https:\/\/www.sieber.ch\/wp-content\/uploads\/2024\/01\/logo.png","width":1063,"height":358,"caption":"Sieber Transport AG"},"image":{"@id":"https:\/\/www.sieber.ch\/fr\/#\/schema\/logo\/image\/"},"sameAs":["https:\/\/www.facebook.com\/sieberlogistics","https:\/\/www.linkedin.com\/company\/sieberlogistics\/"]},{"@type":"Person","@id":"https:\/\/www.sieber.ch\/fr\/#\/schema\/person\/d8e023d3e9b655b24a1e20aab0dec5ac","name":"dorarauseo","image":{"@type":"ImageObject","inLanguage":"fr-FR","@id":"https:\/\/secure.gravatar.com\/avatar\/88914062d60fda4d73655522543edb68609603692739ecc4ccae497137ad6bdc?s=96&d=mm&r=g","url":"https:\/\/secure.gravatar.com\/avatar\/88914062d60fda4d73655522543edb68609603692739ecc4ccae497137ad6bdc?s=96&d=mm&r=g","contentUrl":"https:\/\/secure.gravatar.com\/avatar\/88914062d60fda4d73655522543edb68609603692739ecc4ccae497137ad6bdc?s=96&d=mm&r=g","caption":"dorarauseo"},"url":"https:\/\/www.sieber.ch\/fr\/blog\/author\/dorarauseo\/"}]}},"_links":{"self":[{"href":"https:\/\/www.sieber.ch\/fr\/wp-json\/wp\/v2\/posts\/6752","targetHints":{"allow":["GET"]}}],"collection":[{"href":"https:\/\/www.sieber.ch\/fr\/wp-json\/wp\/v2\/posts"}],"about":[{"href":"https:\/\/www.sieber.ch\/fr\/wp-json\/wp\/v2\/types\/post"}],"author":[{"embeddable":true,"href":"https:\/\/www.sieber.ch\/fr\/wp-json\/wp\/v2\/users\/7"}],"replies":[{"embeddable":true,"href":"https:\/\/www.sieber.ch\/fr\/wp-json\/wp\/v2\/comments?post=6752"}],"version-history":[{"count":4,"href":"https:\/\/www.sieber.ch\/fr\/wp-json\/wp\/v2\/posts\/6752\/revisions"}],"predecessor-version":[{"id":6869,"href":"https:\/\/www.sieber.ch\/fr\/wp-json\/wp\/v2\/posts\/6752\/revisions\/6869"}],"wp:featuredmedia":[{"embeddable":true,"href":"https:\/\/www.sieber.ch\/fr\/wp-json\/wp\/v2\/media\/6745"}],"wp:attachment":[{"href":"https:\/\/www.sieber.ch\/fr\/wp-json\/wp\/v2\/media?parent=6752"}],"wp:term":[{"taxonomy":"category","embeddable":true,"href":"https:\/\/www.sieber.ch\/fr\/wp-json\/wp\/v2\/categories?post=6752"},{"taxonomy":"post_tag","embeddable":true,"href":"https:\/\/www.sieber.ch\/fr\/wp-json\/wp\/v2\/tags?post=6752"}],"curies":[{"name":"wp","href":"https:\/\/api.w.org\/{rel}","templated":true}]}}