{"id":6505,"date":"2024-07-23T10:46:09","date_gmt":"2024-07-23T09:46:09","guid":{"rendered":"https:\/\/www.sieber.ch\/?p=6505"},"modified":"2024-07-26T10:51:41","modified_gmt":"2024-07-26T09:51:41","slug":"les-embouteillages-en-suisse-un-defi-de-taille","status":"publish","type":"post","link":"https:\/\/www.sieber.ch\/fr\/blog\/les-embouteillages-en-suisse-un-defi-de-taille\/","title":{"rendered":"Les embouteillages en Suisse : un d\u00e9fi de taille"},"content":{"rendered":"<div class=\"n2_clear\"><ss3-force-full-width data-overflow-x=\"body\" data-horizontal-selector=\"body\"><div class=\"n2-section-smartslider fitvidsignore  n2_clear\" data-ssid=\"100\"><div id=\"n2-ss-100-align\" class=\"n2-ss-align\"><div class=\"n2-padding\"><div id=\"n2-ss-100\" data-creator=\"Smart Slider 3\" data-responsive=\"fullwidth\" class=\"n2-ss-slider n2-ow n2-has-hover n2notransition  \">\n        <div class=\"n2-ss-slider-1 n2_ss__touch_element n2-ow\">\n            <div class=\"n2-ss-slider-2 n2-ow\">\n                                                <div class=\"n2-ss-slider-3 n2-ow\">\n\n                    <div class=\"n2-ss-slide-backgrounds n2-ow-all\"><div class=\"n2-ss-slide-background\" data-public-id=\"1\" data-mode=\"fill\"><div class=\"n2-ss-slide-background-image\" data-blur=\"0\" data-opacity=\"100\" data-x=\"38\" data-y=\"77\" data-alt=\"Woman with glasses in front of a group of people\" data-title=\"\" style=\"--ss-o-pos-x:38%;--ss-o-pos-y:77%\"><picture class=\"skip-lazy\" data-skip-lazy=\"1\"><img decoding=\"async\" src=\"\/\/www.sieber.ch\/wp-content\/uploads\/2024\/01\/News-1277948801.webp\" alt=\"Woman with glasses in front of a group of people\" title=\"\" loading=\"lazy\" class=\"skip-lazy\" data-skip-lazy=\"1\"><\/picture><\/div><div data-color=\"RGBA(0,0,0,0.52)\" style=\"background-color: RGBA(0,0,0,0.52);\" class=\"n2-ss-slide-background-color\" data-overlay=\"1\"><\/div><\/div><\/div>                    <div class=\"n2-ss-slider-4 n2-ow\">\n                        <svg xmlns=\"http:\/\/www.w3.org\/2000\/svg\" viewBox=\"0 0 1200 650\" data-related-device=\"desktopPortrait\" class=\"n2-ow n2-ss-preserve-size n2-ss-preserve-size--slider n2-ss-slide-limiter\"><\/svg><div data-first=\"1\" data-slide-duration=\"0\" data-id=\"114\" data-slide-public-id=\"1\" data-title=\"Services banner\" class=\"n2-ss-slide n2-ow  n2-ss-slide-114\"><div role=\"note\" class=\"n2-ss-slide--focus\" tabindex=\"-1\">Services banner<\/div><div class=\"n2-ss-layers-container n2-ss-slide-limiter n2-ow\"><div class=\"n2-ss-layer n2-ow n-uc-2luDAwVGLylp\" data-sstype=\"slide\" data-pm=\"default\"><div class=\"n2-ss-layer n2-ow n-uc-2pUNtEJPFRkA\" data-pm=\"default\" data-sstype=\"content\" data-hasbackground=\"0\"><div class=\"n2-ss-section-main-content n2-ss-layer-with-background n2-ss-layer-content n2-ow n-uc-2pUNtEJPFRkA-inner\"><div class=\"n2-ss-layer n2-ow n-uc-f4gam8jurX0X\" data-pm=\"normal\" data-sstype=\"layer\"><div id=\"n2-ss-100item1\" class=\"n2-font-89c0603c56ffcf23cbe2a31a6751ddf6-hover   n2-ss-item-content n2-ss-text n2-ow\" style=\"display:block;\"><\/div><\/div><\/div><\/div><\/div><\/div><\/div>                    <\/div>\n\n                                    <\/div>\n            <\/div>\n        <\/div>\n        <\/div><ss3-loader><\/ss3-loader><\/div><\/div><div class=\"n2_clear\"><\/div><\/div><\/ss3-force-full-width><\/div>\n\n\n<h2 class=\"wp-block-heading\">Les embouteillages en Suisse : un d\u00e9fi de taille<\/h2>\n\n\n\n<figure class=\"wp-block-image size-large\"><img loading=\"lazy\" decoding=\"async\" width=\"1024\" height=\"576\" src=\"https:\/\/www.sieber.ch\/wp-content\/uploads\/2024\/07\/Kopie-von-Neue-TMS-BIlder-1280-x-720-px-1-1024x576.png\" alt=\"\" class=\"wp-image-6470\" srcset=\"https:\/\/www.sieber.ch\/wp-content\/uploads\/2024\/07\/Kopie-von-Neue-TMS-BIlder-1280-x-720-px-1-1024x576.png 1024w, https:\/\/www.sieber.ch\/wp-content\/uploads\/2024\/07\/Kopie-von-Neue-TMS-BIlder-1280-x-720-px-1-300x169.png 300w, https:\/\/www.sieber.ch\/wp-content\/uploads\/2024\/07\/Kopie-von-Neue-TMS-BIlder-1280-x-720-px-1-768x432.png 768w, https:\/\/www.sieber.ch\/wp-content\/uploads\/2024\/07\/Kopie-von-Neue-TMS-BIlder-1280-x-720-px-1.png 1280w\" sizes=\"auto, (max-width: 1024px) 100vw, 1024px\" \/><\/figure>\n\n\n\n<p>Les embouteillages quotidiens sur les routes nationales suisses sont un sujet difficile qui nous concerne tous. Selon les derni\u00e8res statistiques de l&rsquo;Office f\u00e9d\u00e9ral des routes (OFROU), les surcharges de trafic augmentent de mani\u00e8re alarmante. Les pendulaires, les entreprises et les prestataires de services logistiques sont tous confront\u00e9s \u00e0 des d\u00e9fis, aggrav\u00e9s par des retards inattendus et la perte d&rsquo;un temps pr\u00e9cieux.<\/p>\n\n\n\n<p>Vous connaissez aussi ce probl\u00e8me ? Vos livraisons sont r\u00e9guli\u00e8rement bloqu\u00e9es dans des embouteillages et arrivent avec du retard chez vos clients ? Ce probl\u00e8me ne concerne pas seulement le trafic routier, mais aussi votre activit\u00e9 commerciale et la satisfaction de vos clients.<\/p>\n\n\n\n<p><strong>Notre engagement durable<\/strong><\/p>\n\n\n\n<p>En collaboration avec CFF Cargo Suisse, nous avons transf\u00e9r\u00e9 une partie importante de nos transports de la route vers le rail. Cela nous permet de r\u00e9duire consid\u00e9rablement les \u00e9missions de CO2. En 2023, le recours au transport ferroviaire nous a permis d&rsquo;\u00e9conomiser un total de 2&rsquo;083 tonnes de CO2. Ce transfert correspond \u00e0 7 500 chargements de semi-remorques et \u00e0 1,9 million de kilom\u00e8tres parcourus. Nous contribuons ainsi \u00e0 \u00e9conomiser chaque ann\u00e9e environ 27&rsquo;000 heures de conduite sur la route et \u00e0 soulager nos chauffeurs gr\u00e2ce au transport combin\u00e9.<\/p>\n\n\n\n<p><strong>La solution : Sieber Transport SA<\/strong><\/p>\n\n\n\n<p>Nous misons de plus en plus sur le transport combin\u00e9 (TC), qui est non seulement \u00e9cologique, mais aussi moins sujet aux embouteillages. Nos solutions de transport sur mesure vous garantissent une livraison ponctuelle et fiable de vos marchandises, o\u00f9 que vous soyez en Suisse.<\/p>\n\n\n\n<p>Des informations et des donn\u00e9es compl\u00e8tes sur la congestion actuelle du trafic peuvent \u00eatre consult\u00e9es dans le \u00ab\u00a0<a href=\"https:\/\/www.astra.admin.ch\/astra\/de\/home\/themen\/nationalstrassen\/verkehrsfluss-stauaufkommen\/verkehrsfluss-nationalstrassen.html\">Rapport sur les embouteillages 2023<\/a>\u00ab\u00a0. <a href=\"https:\/\/www.bfs.admin.ch\/asset\/de\/27846682\">L<\/a><a href=\"https:\/\/www.bfs.admin.ch\/bfs\/de\/home\/statistiken\/kataloge-datenbanken.assetdetail.32166186.html\">&lsquo;infographie<\/a> r\u00e9cemment publi\u00e9e offre un aper\u00e7u, les principaux chiffres et faits en un coup d&rsquo;\u0153il &#8211; id\u00e9al pour tous ceux qui souhaitent s&rsquo;informer de mani\u00e8re efficace.<\/p>\n\n\n\n<p><a href=\"https:\/\/www.sieber.ch\/fr\/contact\/\">Contactez-nous<\/a> d\u00e8s aujourd&rsquo;hui pour mettre votre logistique sur la bonne voie !<\/p>\n\n\n\n<p><a href=\"https:\/\/www.bfs.admin.ch\/bfs\/de\/home\/statistiken\/mobilitaet-verkehr\/verkehrsinfrastruktur-fahrzeuge\/schweiz-strassenverkehrszaehlung\/stau.html\">Rapport sur le trafic routier<\/a><br>Infographie : <a href=\"https:\/\/www.bfs.admin.ch\/bfs\/de\/home\/statistiken\/kataloge-datenbanken.assetdetail.32166186.html\">www.bfs.admin.ch<\/a><br>Informations routi\u00e8res en Suisse : <a href=\"https:\/\/www.autostau.ch\/\">www.autostau.ch<\/a><br><a href=\"https:\/\/www.sieber.ch\/fr\/downloads\/#Index-d\u2019embouteillages-Sieber\">Indice de conges<\/a><a href=\"https:\/\/www.sieber.ch\/fr\/downloads\/#Index-d'embouteillages-Sieber\">tion Sieber<\/a><br><\/p>\n","protected":false},"excerpt":{"rendered":"<p>Les embouteillages en Suisse : un d\u00e9fi de taille Les embouteillages quotidiens sur les routes nationales suisses sont un sujet<\/p>\n<p><a class=\"wp-block-button__link\" href=\"https:\/\/www.sieber.ch\/fr\/blog\/les-embouteillages-en-suisse-un-defi-de-taille\/\">Read More&#8230;<\/a><\/p>\n","protected":false},"author":7,"featured_media":6468,"comment_status":"closed","ping_status":"closed","sticky":false,"template":"","format":"standard","meta":{"_acf_changed":false,"footnotes":""},"categories":[48],"tags":[],"class_list":["post-6505","post","type-post","status-publish","format-standard","has-post-thumbnail","hentry","category-news-fr"],"acf":[],"yoast_head":"<!-- This site is optimized with the Yoast SEO plugin v27.5 - https:\/\/yoast.com\/product\/yoast-seo-wordpress\/ -->\n<title>Les embouteillages en Suisse : un d\u00e9fi de taille - Sieber Logistics AG<\/title>\n<meta name=\"robots\" content=\"index, follow, max-snippet:-1, max-image-preview:large, max-video-preview:-1\" \/>\n<link rel=\"canonical\" href=\"https:\/\/www.sieber.ch\/fr\/blog\/les-embouteillages-en-suisse-un-defi-de-taille\/\" \/>\n<meta property=\"og:locale\" content=\"fr_FR\" \/>\n<meta property=\"og:type\" content=\"article\" \/>\n<meta property=\"og:title\" content=\"Les embouteillages en Suisse : un d\u00e9fi de taille - Sieber Logistics AG\" \/>\n<meta property=\"og:description\" content=\"Les embouteillages en Suisse : un d\u00e9fi de taille Les embouteillages quotidiens sur les routes nationales suisses sont un sujetRead More...\" \/>\n<meta property=\"og:url\" content=\"https:\/\/www.sieber.ch\/fr\/blog\/les-embouteillages-en-suisse-un-defi-de-taille\/\" \/>\n<meta property=\"og:site_name\" content=\"Sieber Logistics AG\" \/>\n<meta property=\"article:publisher\" content=\"https:\/\/www.facebook.com\/sieberlogistics\" \/>\n<meta property=\"article:published_time\" content=\"2024-07-23T09:46:09+00:00\" \/>\n<meta property=\"article:modified_time\" content=\"2024-07-26T09:51:41+00:00\" \/>\n<meta property=\"og:image\" content=\"https:\/\/www.sieber.ch\/wp-content\/uploads\/2024\/07\/Kopie-von-Neue-TMS-BIlder-1280-x-720-px.png\" \/>\n\t<meta property=\"og:image:width\" content=\"1280\" \/>\n\t<meta property=\"og:image:height\" content=\"720\" \/>\n\t<meta property=\"og:image:type\" content=\"image\/png\" \/>\n<meta name=\"author\" content=\"dorarauseo\" \/>\n<meta name=\"twitter:card\" content=\"summary_large_image\" \/>\n<meta name=\"twitter:label1\" content=\"\u00c9crit par\" \/>\n\t<meta name=\"twitter:data1\" content=\"dorarauseo\" \/>\n\t<meta name=\"twitter:label2\" content=\"Dur\u00e9e de lecture estim\u00e9e\" \/>\n\t<meta name=\"twitter:data2\" content=\"3 minutes\" \/>\n<script type=\"application\/ld+json\" class=\"yoast-schema-graph\">{\"@context\":\"https:\\\/\\\/schema.org\",\"@graph\":[{\"@type\":\"Article\",\"@id\":\"https:\\\/\\\/www.sieber.ch\\\/fr\\\/blog\\\/les-embouteillages-en-suisse-un-defi-de-taille\\\/#article\",\"isPartOf\":{\"@id\":\"https:\\\/\\\/www.sieber.ch\\\/fr\\\/blog\\\/les-embouteillages-en-suisse-un-defi-de-taille\\\/\"},\"author\":{\"name\":\"dorarauseo\",\"@id\":\"https:\\\/\\\/www.sieber.ch\\\/fr\\\/#\\\/schema\\\/person\\\/d8e023d3e9b655b24a1e20aab0dec5ac\"},\"headline\":\"Les embouteillages en Suisse : un d\u00e9fi de taille\",\"datePublished\":\"2024-07-23T09:46:09+00:00\",\"dateModified\":\"2024-07-26T09:51:41+00:00\",\"mainEntityOfPage\":{\"@id\":\"https:\\\/\\\/www.sieber.ch\\\/fr\\\/blog\\\/les-embouteillages-en-suisse-un-defi-de-taille\\\/\"},\"wordCount\":368,\"publisher\":{\"@id\":\"https:\\\/\\\/www.sieber.ch\\\/fr\\\/#organization\"},\"image\":{\"@id\":\"https:\\\/\\\/www.sieber.ch\\\/fr\\\/blog\\\/les-embouteillages-en-suisse-un-defi-de-taille\\\/#primaryimage\"},\"thumbnailUrl\":\"https:\\\/\\\/www.sieber.ch\\\/wp-content\\\/uploads\\\/2024\\\/07\\\/Kopie-von-Neue-TMS-BIlder-1280-x-720-px.png\",\"articleSection\":[\"News\"],\"inLanguage\":\"fr-FR\"},{\"@type\":\"WebPage\",\"@id\":\"https:\\\/\\\/www.sieber.ch\\\/fr\\\/blog\\\/les-embouteillages-en-suisse-un-defi-de-taille\\\/\",\"url\":\"https:\\\/\\\/www.sieber.ch\\\/fr\\\/blog\\\/les-embouteillages-en-suisse-un-defi-de-taille\\\/\",\"name\":\"Les embouteillages en Suisse : un d\u00e9fi de taille - Sieber Logistics AG\",\"isPartOf\":{\"@id\":\"https:\\\/\\\/www.sieber.ch\\\/fr\\\/#website\"},\"primaryImageOfPage\":{\"@id\":\"https:\\\/\\\/www.sieber.ch\\\/fr\\\/blog\\\/les-embouteillages-en-suisse-un-defi-de-taille\\\/#primaryimage\"},\"image\":{\"@id\":\"https:\\\/\\\/www.sieber.ch\\\/fr\\\/blog\\\/les-embouteillages-en-suisse-un-defi-de-taille\\\/#primaryimage\"},\"thumbnailUrl\":\"https:\\\/\\\/www.sieber.ch\\\/wp-content\\\/uploads\\\/2024\\\/07\\\/Kopie-von-Neue-TMS-BIlder-1280-x-720-px.png\",\"datePublished\":\"2024-07-23T09:46:09+00:00\",\"dateModified\":\"2024-07-26T09:51:41+00:00\",\"breadcrumb\":{\"@id\":\"https:\\\/\\\/www.sieber.ch\\\/fr\\\/blog\\\/les-embouteillages-en-suisse-un-defi-de-taille\\\/#breadcrumb\"},\"inLanguage\":\"fr-FR\",\"potentialAction\":[{\"@type\":\"ReadAction\",\"target\":[\"https:\\\/\\\/www.sieber.ch\\\/fr\\\/blog\\\/les-embouteillages-en-suisse-un-defi-de-taille\\\/\"]}]},{\"@type\":\"ImageObject\",\"inLanguage\":\"fr-FR\",\"@id\":\"https:\\\/\\\/www.sieber.ch\\\/fr\\\/blog\\\/les-embouteillages-en-suisse-un-defi-de-taille\\\/#primaryimage\",\"url\":\"https:\\\/\\\/www.sieber.ch\\\/wp-content\\\/uploads\\\/2024\\\/07\\\/Kopie-von-Neue-TMS-BIlder-1280-x-720-px.png\",\"contentUrl\":\"https:\\\/\\\/www.sieber.ch\\\/wp-content\\\/uploads\\\/2024\\\/07\\\/Kopie-von-Neue-TMS-BIlder-1280-x-720-px.png\",\"width\":1280,\"height\":720},{\"@type\":\"BreadcrumbList\",\"@id\":\"https:\\\/\\\/www.sieber.ch\\\/fr\\\/blog\\\/les-embouteillages-en-suisse-un-defi-de-taille\\\/#breadcrumb\",\"itemListElement\":[{\"@type\":\"ListItem\",\"position\":1,\"name\":\"Home\",\"item\":\"https:\\\/\\\/www.sieber.ch\\\/fr\\\/\"},{\"@type\":\"ListItem\",\"position\":2,\"name\":\"Les embouteillages en Suisse : un d\u00e9fi de taille\"}]},{\"@type\":\"WebSite\",\"@id\":\"https:\\\/\\\/www.sieber.ch\\\/fr\\\/#website\",\"url\":\"https:\\\/\\\/www.sieber.ch\\\/fr\\\/\",\"name\":\"Sieber Transport AG\",\"description\":\"\",\"publisher\":{\"@id\":\"https:\\\/\\\/www.sieber.ch\\\/fr\\\/#organization\"},\"potentialAction\":[{\"@type\":\"SearchAction\",\"target\":{\"@type\":\"EntryPoint\",\"urlTemplate\":\"https:\\\/\\\/www.sieber.ch\\\/fr\\\/?s={search_term_string}\"},\"query-input\":{\"@type\":\"PropertyValueSpecification\",\"valueRequired\":true,\"valueName\":\"search_term_string\"}}],\"inLanguage\":\"fr-FR\"},{\"@type\":\"Organization\",\"@id\":\"https:\\\/\\\/www.sieber.ch\\\/fr\\\/#organization\",\"name\":\"Sieber Transport AG\",\"url\":\"https:\\\/\\\/www.sieber.ch\\\/fr\\\/\",\"logo\":{\"@type\":\"ImageObject\",\"inLanguage\":\"fr-FR\",\"@id\":\"https:\\\/\\\/www.sieber.ch\\\/fr\\\/#\\\/schema\\\/logo\\\/image\\\/\",\"url\":\"https:\\\/\\\/www.sieber.ch\\\/wp-content\\\/uploads\\\/2024\\\/01\\\/logo.png\",\"contentUrl\":\"https:\\\/\\\/www.sieber.ch\\\/wp-content\\\/uploads\\\/2024\\\/01\\\/logo.png\",\"width\":1063,\"height\":358,\"caption\":\"Sieber Transport AG\"},\"image\":{\"@id\":\"https:\\\/\\\/www.sieber.ch\\\/fr\\\/#\\\/schema\\\/logo\\\/image\\\/\"},\"sameAs\":[\"https:\\\/\\\/www.facebook.com\\\/sieberlogistics\",\"https:\\\/\\\/www.linkedin.com\\\/company\\\/sieberlogistics\\\/\"]},{\"@type\":\"Person\",\"@id\":\"https:\\\/\\\/www.sieber.ch\\\/fr\\\/#\\\/schema\\\/person\\\/d8e023d3e9b655b24a1e20aab0dec5ac\",\"name\":\"dorarauseo\",\"image\":{\"@type\":\"ImageObject\",\"inLanguage\":\"fr-FR\",\"@id\":\"https:\\\/\\\/secure.gravatar.com\\\/avatar\\\/88914062d60fda4d73655522543edb68609603692739ecc4ccae497137ad6bdc?s=96&d=mm&r=g\",\"url\":\"https:\\\/\\\/secure.gravatar.com\\\/avatar\\\/88914062d60fda4d73655522543edb68609603692739ecc4ccae497137ad6bdc?s=96&d=mm&r=g\",\"contentUrl\":\"https:\\\/\\\/secure.gravatar.com\\\/avatar\\\/88914062d60fda4d73655522543edb68609603692739ecc4ccae497137ad6bdc?s=96&d=mm&r=g\",\"caption\":\"dorarauseo\"},\"url\":\"https:\\\/\\\/www.sieber.ch\\\/fr\\\/blog\\\/author\\\/dorarauseo\\\/\"}]}<\/script>\n<!-- \/ Yoast SEO plugin. -->","yoast_head_json":{"title":"Les embouteillages en Suisse : un d\u00e9fi de taille - Sieber Logistics AG","robots":{"index":"index","follow":"follow","max-snippet":"max-snippet:-1","max-image-preview":"max-image-preview:large","max-video-preview":"max-video-preview:-1"},"canonical":"https:\/\/www.sieber.ch\/fr\/blog\/les-embouteillages-en-suisse-un-defi-de-taille\/","og_locale":"fr_FR","og_type":"article","og_title":"Les embouteillages en Suisse : un d\u00e9fi de taille - Sieber Logistics AG","og_description":"Les embouteillages en Suisse : un d\u00e9fi de taille Les embouteillages quotidiens sur les routes nationales suisses sont un sujetRead More...","og_url":"https:\/\/www.sieber.ch\/fr\/blog\/les-embouteillages-en-suisse-un-defi-de-taille\/","og_site_name":"Sieber Logistics AG","article_publisher":"https:\/\/www.facebook.com\/sieberlogistics","article_published_time":"2024-07-23T09:46:09+00:00","article_modified_time":"2024-07-26T09:51:41+00:00","og_image":[{"width":1280,"height":720,"url":"https:\/\/www.sieber.ch\/wp-content\/uploads\/2024\/07\/Kopie-von-Neue-TMS-BIlder-1280-x-720-px.png","type":"image\/png"}],"author":"dorarauseo","twitter_card":"summary_large_image","twitter_misc":{"\u00c9crit par":"dorarauseo","Dur\u00e9e de lecture estim\u00e9e":"3 minutes"},"schema":{"@context":"https:\/\/schema.org","@graph":[{"@type":"Article","@id":"https:\/\/www.sieber.ch\/fr\/blog\/les-embouteillages-en-suisse-un-defi-de-taille\/#article","isPartOf":{"@id":"https:\/\/www.sieber.ch\/fr\/blog\/les-embouteillages-en-suisse-un-defi-de-taille\/"},"author":{"name":"dorarauseo","@id":"https:\/\/www.sieber.ch\/fr\/#\/schema\/person\/d8e023d3e9b655b24a1e20aab0dec5ac"},"headline":"Les embouteillages en Suisse : un d\u00e9fi de taille","datePublished":"2024-07-23T09:46:09+00:00","dateModified":"2024-07-26T09:51:41+00:00","mainEntityOfPage":{"@id":"https:\/\/www.sieber.ch\/fr\/blog\/les-embouteillages-en-suisse-un-defi-de-taille\/"},"wordCount":368,"publisher":{"@id":"https:\/\/www.sieber.ch\/fr\/#organization"},"image":{"@id":"https:\/\/www.sieber.ch\/fr\/blog\/les-embouteillages-en-suisse-un-defi-de-taille\/#primaryimage"},"thumbnailUrl":"https:\/\/www.sieber.ch\/wp-content\/uploads\/2024\/07\/Kopie-von-Neue-TMS-BIlder-1280-x-720-px.png","articleSection":["News"],"inLanguage":"fr-FR"},{"@type":"WebPage","@id":"https:\/\/www.sieber.ch\/fr\/blog\/les-embouteillages-en-suisse-un-defi-de-taille\/","url":"https:\/\/www.sieber.ch\/fr\/blog\/les-embouteillages-en-suisse-un-defi-de-taille\/","name":"Les embouteillages en Suisse : un d\u00e9fi de taille - Sieber Logistics AG","isPartOf":{"@id":"https:\/\/www.sieber.ch\/fr\/#website"},"primaryImageOfPage":{"@id":"https:\/\/www.sieber.ch\/fr\/blog\/les-embouteillages-en-suisse-un-defi-de-taille\/#primaryimage"},"image":{"@id":"https:\/\/www.sieber.ch\/fr\/blog\/les-embouteillages-en-suisse-un-defi-de-taille\/#primaryimage"},"thumbnailUrl":"https:\/\/www.sieber.ch\/wp-content\/uploads\/2024\/07\/Kopie-von-Neue-TMS-BIlder-1280-x-720-px.png","datePublished":"2024-07-23T09:46:09+00:00","dateModified":"2024-07-26T09:51:41+00:00","breadcrumb":{"@id":"https:\/\/www.sieber.ch\/fr\/blog\/les-embouteillages-en-suisse-un-defi-de-taille\/#breadcrumb"},"inLanguage":"fr-FR","potentialAction":[{"@type":"ReadAction","target":["https:\/\/www.sieber.ch\/fr\/blog\/les-embouteillages-en-suisse-un-defi-de-taille\/"]}]},{"@type":"ImageObject","inLanguage":"fr-FR","@id":"https:\/\/www.sieber.ch\/fr\/blog\/les-embouteillages-en-suisse-un-defi-de-taille\/#primaryimage","url":"https:\/\/www.sieber.ch\/wp-content\/uploads\/2024\/07\/Kopie-von-Neue-TMS-BIlder-1280-x-720-px.png","contentUrl":"https:\/\/www.sieber.ch\/wp-content\/uploads\/2024\/07\/Kopie-von-Neue-TMS-BIlder-1280-x-720-px.png","width":1280,"height":720},{"@type":"BreadcrumbList","@id":"https:\/\/www.sieber.ch\/fr\/blog\/les-embouteillages-en-suisse-un-defi-de-taille\/#breadcrumb","itemListElement":[{"@type":"ListItem","position":1,"name":"Home","item":"https:\/\/www.sieber.ch\/fr\/"},{"@type":"ListItem","position":2,"name":"Les embouteillages en Suisse : un d\u00e9fi de taille"}]},{"@type":"WebSite","@id":"https:\/\/www.sieber.ch\/fr\/#website","url":"https:\/\/www.sieber.ch\/fr\/","name":"Sieber Transport AG","description":"","publisher":{"@id":"https:\/\/www.sieber.ch\/fr\/#organization"},"potentialAction":[{"@type":"SearchAction","target":{"@type":"EntryPoint","urlTemplate":"https:\/\/www.sieber.ch\/fr\/?s={search_term_string}"},"query-input":{"@type":"PropertyValueSpecification","valueRequired":true,"valueName":"search_term_string"}}],"inLanguage":"fr-FR"},{"@type":"Organization","@id":"https:\/\/www.sieber.ch\/fr\/#organization","name":"Sieber Transport AG","url":"https:\/\/www.sieber.ch\/fr\/","logo":{"@type":"ImageObject","inLanguage":"fr-FR","@id":"https:\/\/www.sieber.ch\/fr\/#\/schema\/logo\/image\/","url":"https:\/\/www.sieber.ch\/wp-content\/uploads\/2024\/01\/logo.png","contentUrl":"https:\/\/www.sieber.ch\/wp-content\/uploads\/2024\/01\/logo.png","width":1063,"height":358,"caption":"Sieber Transport AG"},"image":{"@id":"https:\/\/www.sieber.ch\/fr\/#\/schema\/logo\/image\/"},"sameAs":["https:\/\/www.facebook.com\/sieberlogistics","https:\/\/www.linkedin.com\/company\/sieberlogistics\/"]},{"@type":"Person","@id":"https:\/\/www.sieber.ch\/fr\/#\/schema\/person\/d8e023d3e9b655b24a1e20aab0dec5ac","name":"dorarauseo","image":{"@type":"ImageObject","inLanguage":"fr-FR","@id":"https:\/\/secure.gravatar.com\/avatar\/88914062d60fda4d73655522543edb68609603692739ecc4ccae497137ad6bdc?s=96&d=mm&r=g","url":"https:\/\/secure.gravatar.com\/avatar\/88914062d60fda4d73655522543edb68609603692739ecc4ccae497137ad6bdc?s=96&d=mm&r=g","contentUrl":"https:\/\/secure.gravatar.com\/avatar\/88914062d60fda4d73655522543edb68609603692739ecc4ccae497137ad6bdc?s=96&d=mm&r=g","caption":"dorarauseo"},"url":"https:\/\/www.sieber.ch\/fr\/blog\/author\/dorarauseo\/"}]}},"_links":{"self":[{"href":"https:\/\/www.sieber.ch\/fr\/wp-json\/wp\/v2\/posts\/6505","targetHints":{"allow":["GET"]}}],"collection":[{"href":"https:\/\/www.sieber.ch\/fr\/wp-json\/wp\/v2\/posts"}],"about":[{"href":"https:\/\/www.sieber.ch\/fr\/wp-json\/wp\/v2\/types\/post"}],"author":[{"embeddable":true,"href":"https:\/\/www.sieber.ch\/fr\/wp-json\/wp\/v2\/users\/7"}],"replies":[{"embeddable":true,"href":"https:\/\/www.sieber.ch\/fr\/wp-json\/wp\/v2\/comments?post=6505"}],"version-history":[{"count":3,"href":"https:\/\/www.sieber.ch\/fr\/wp-json\/wp\/v2\/posts\/6505\/revisions"}],"predecessor-version":[{"id":6509,"href":"https:\/\/www.sieber.ch\/fr\/wp-json\/wp\/v2\/posts\/6505\/revisions\/6509"}],"wp:featuredmedia":[{"embeddable":true,"href":"https:\/\/www.sieber.ch\/fr\/wp-json\/wp\/v2\/media\/6468"}],"wp:attachment":[{"href":"https:\/\/www.sieber.ch\/fr\/wp-json\/wp\/v2\/media?parent=6505"}],"wp:term":[{"taxonomy":"category","embeddable":true,"href":"https:\/\/www.sieber.ch\/fr\/wp-json\/wp\/v2\/categories?post=6505"},{"taxonomy":"post_tag","embeddable":true,"href":"https:\/\/www.sieber.ch\/fr\/wp-json\/wp\/v2\/tags?post=6505"}],"curies":[{"name":"wp","href":"https:\/\/api.w.org\/{rel}","templated":true}]}}