{"id":6389,"date":"2024-06-07T15:37:11","date_gmt":"2024-06-07T14:37:11","guid":{"rendered":"https:\/\/www.sieber.ch\/?p=6389"},"modified":"2024-06-11T10:47:30","modified_gmt":"2024-06-11T09:47:30","slug":"la-flotte-de-vehicules-durables","status":"publish","type":"post","link":"https:\/\/www.sieber.ch\/fr\/blog\/la-flotte-de-vehicules-durables\/","title":{"rendered":"La flotte de v\u00e9hicules durables"},"content":{"rendered":"<div class=\"n2_clear\"><ss3-force-full-width data-overflow-x=\"body\" data-horizontal-selector=\"body\"><div class=\"n2-section-smartslider fitvidsignore  n2_clear\" data-ssid=\"100\"><div id=\"n2-ss-100-align\" class=\"n2-ss-align\"><div class=\"n2-padding\"><div id=\"n2-ss-100\" data-creator=\"Smart Slider 3\" data-responsive=\"fullwidth\" class=\"n2-ss-slider n2-ow n2-has-hover n2notransition  \">\n        <div class=\"n2-ss-slider-1 n2_ss__touch_element n2-ow\">\n            <div class=\"n2-ss-slider-2 n2-ow\">\n                                                <div class=\"n2-ss-slider-3 n2-ow\">\n\n                    <div class=\"n2-ss-slide-backgrounds n2-ow-all\"><div class=\"n2-ss-slide-background\" data-public-id=\"1\" data-mode=\"fill\"><div class=\"n2-ss-slide-background-image\" data-blur=\"0\" data-opacity=\"100\" data-x=\"38\" data-y=\"77\" data-alt=\"Woman with glasses in front of a group of people\" data-title=\"\" style=\"--ss-o-pos-x:38%;--ss-o-pos-y:77%\"><picture class=\"skip-lazy\" data-skip-lazy=\"1\"><img decoding=\"async\" src=\"\/\/www.sieber.ch\/wp-content\/uploads\/2024\/01\/News-1277948801.webp\" alt=\"Woman with glasses in front of a group of people\" title=\"\" loading=\"lazy\" class=\"skip-lazy\" data-skip-lazy=\"1\"><\/picture><\/div><div data-color=\"RGBA(0,0,0,0.52)\" style=\"background-color: RGBA(0,0,0,0.52);\" class=\"n2-ss-slide-background-color\" data-overlay=\"1\"><\/div><\/div><\/div>                    <div class=\"n2-ss-slider-4 n2-ow\">\n                        <svg xmlns=\"http:\/\/www.w3.org\/2000\/svg\" viewBox=\"0 0 1200 650\" data-related-device=\"desktopPortrait\" class=\"n2-ow n2-ss-preserve-size n2-ss-preserve-size--slider n2-ss-slide-limiter\"><\/svg><div data-first=\"1\" data-slide-duration=\"0\" data-id=\"114\" data-slide-public-id=\"1\" data-title=\"Services banner\" class=\"n2-ss-slide n2-ow  n2-ss-slide-114\"><div role=\"note\" class=\"n2-ss-slide--focus\" tabindex=\"-1\">Services banner<\/div><div class=\"n2-ss-layers-container n2-ss-slide-limiter n2-ow\"><div class=\"n2-ss-layer n2-ow n-uc-2luDAwVGLylp\" data-sstype=\"slide\" data-pm=\"default\"><div class=\"n2-ss-layer n2-ow n-uc-2pUNtEJPFRkA\" data-pm=\"default\" data-sstype=\"content\" data-hasbackground=\"0\"><div class=\"n2-ss-section-main-content n2-ss-layer-with-background n2-ss-layer-content n2-ow n-uc-2pUNtEJPFRkA-inner\"><div class=\"n2-ss-layer n2-ow n-uc-f4gam8jurX0X\" data-pm=\"normal\" data-sstype=\"layer\"><div id=\"n2-ss-100item1\" class=\"n2-font-89c0603c56ffcf23cbe2a31a6751ddf6-hover   n2-ss-item-content n2-ss-text n2-ow\" style=\"display:block;\"><\/div><\/div><\/div><\/div><\/div><\/div><\/div>                    <\/div>\n\n                                    <\/div>\n            <\/div>\n        <\/div>\n        <\/div><ss3-loader><\/ss3-loader><\/div><\/div><div class=\"n2_clear\"><\/div><\/div><\/ss3-force-full-width><\/div>\n\n\n<h2 class=\"wp-block-heading\">GOgreen &#8211; La flotte de v\u00e9hicules durables du groupe Sieber<\/h2>\n\n\n\n<figure class=\"wp-block-image size-large\"><img loading=\"lazy\" decoding=\"async\" width=\"1024\" height=\"576\" src=\"https:\/\/www.sieber.ch\/wp-content\/uploads\/2024\/06\/1-1024x576.png\" alt=\"\" class=\"wp-image-6380\" srcset=\"https:\/\/www.sieber.ch\/wp-content\/uploads\/2024\/06\/1-1024x576.png 1024w, https:\/\/www.sieber.ch\/wp-content\/uploads\/2024\/06\/1-300x169.png 300w, https:\/\/www.sieber.ch\/wp-content\/uploads\/2024\/06\/1-768x432.png 768w, https:\/\/www.sieber.ch\/wp-content\/uploads\/2024\/06\/1-1536x864.png 1536w, https:\/\/www.sieber.ch\/wp-content\/uploads\/2024\/06\/1.png 1920w\" sizes=\"auto, (max-width: 1024px) 100vw, 1024px\" \/><\/figure>\n\n\n\n<p>Le groupe Sieber continue de poser des jalons en mati\u00e8re de logistique durable. Dans le cadre de notre initiative GoGreen, nous avons augment\u00e9 de mani\u00e8re significative notre flotte de v\u00e9hicules \u00e9lectriques. Avec une strat\u00e9gie de durabilit\u00e9 v\u00e9cue, nous assumons notre responsabilit\u00e9 envers notre environnement et nous nous engageons activement avec une multitude de <a href=\"https:\/\/www.sieber.ch\/fr\/go-green\/\">mesures<\/a>.<\/p>\n\n\n\n<p><strong>Progr\u00e8s de l&rsquo;\u00e9lectromobilit\u00e9<\/strong><\/p>\n\n\n\n<p>Entre-temps, plus de 25 v\u00e9hicules sans \u00e9nergie fossile sont \u00e0 la disposition de nos clients pour les missions de transport les plus diverses. Gr\u00e2ce \u00e0 leurs diff\u00e9rentes carrosseries, ces v\u00e9hicules \u00e9lectriques sont parfaitement adapt\u00e9s \u00e0 une multitude de missions de transport respectueuses de l&rsquo;environnement et sans \u00e9missions de CO2. D&rsquo;autres investissements dans l&rsquo;infrastructure de recharge existante sont pr\u00e9vus \u00e0 l&rsquo;avenir &#8211; l\u00e0 o\u00f9 c&rsquo;est possible, \u00e9galement en combinaison avec le photovolta\u00efque et le stockage d&rsquo;\u00e9nergie. Nos plans pr\u00e9voient d&rsquo;\u00e9largir progressivement notre flotte \u00e9cologique.<\/p>\n\n\n\n<p>La durabilit\u00e9 est un objectif commun. La logistique verte n&rsquo;est possible que si tout le monde tire dans le m\u00eame sens ! Nous sommes particuli\u00e8rement heureux que notre engagement ait \u00e9t\u00e9 mis en avant dans le dernier num\u00e9ro de Blick Green Circle. Pour en savoir plus sur la mani\u00e8re dont IKEA mise sur une logistique respectueuse de l&rsquo;environnement et comment nous y contribuons avec notre flotte de v\u00e9hicules \u00e9lectriques : <a href=\"https:\/\/www.blick.ch\/green-circle\/good_news\/ikea-setzt-jetzt-summis-statt-brummis-ein-tankst-du-noch-oder-lieferst-du-schon-id19794644.html\">www.blick.ch\/green-circle<\/a><\/p>\n","protected":false},"excerpt":{"rendered":"<p>GOgreen &#8211; La flotte de v\u00e9hicules durables du groupe Sieber Le groupe Sieber continue de poser des jalons en mati\u00e8re<\/p>\n<p><a class=\"wp-block-button__link\" href=\"https:\/\/www.sieber.ch\/fr\/blog\/la-flotte-de-vehicules-durables\/\">Read More&#8230;<\/a><\/p>\n","protected":false},"author":7,"featured_media":6378,"comment_status":"closed","ping_status":"closed","sticky":false,"template":"","format":"standard","meta":{"_acf_changed":false,"footnotes":""},"categories":[48],"tags":[],"class_list":["post-6389","post","type-post","status-publish","format-standard","has-post-thumbnail","hentry","category-news-fr"],"acf":[],"yoast_head":"<!-- This site is optimized with the Yoast SEO plugin v27.5 - https:\/\/yoast.com\/product\/yoast-seo-wordpress\/ -->\n<title>La flotte de v\u00e9hicules durables - Sieber Logistics AG<\/title>\n<meta name=\"robots\" content=\"index, follow, max-snippet:-1, max-image-preview:large, max-video-preview:-1\" \/>\n<link rel=\"canonical\" href=\"https:\/\/www.sieber.ch\/fr\/blog\/la-flotte-de-vehicules-durables\/\" \/>\n<meta property=\"og:locale\" content=\"fr_FR\" \/>\n<meta property=\"og:type\" content=\"article\" \/>\n<meta property=\"og:title\" content=\"La flotte de v\u00e9hicules durables - Sieber Logistics AG\" \/>\n<meta property=\"og:description\" content=\"GOgreen &#8211; La flotte de v\u00e9hicules durables du groupe Sieber Le groupe Sieber continue de poser des jalons en mati\u00e8reRead More...\" \/>\n<meta property=\"og:url\" content=\"https:\/\/www.sieber.ch\/fr\/blog\/la-flotte-de-vehicules-durables\/\" \/>\n<meta property=\"og:site_name\" content=\"Sieber Logistics AG\" \/>\n<meta property=\"article:publisher\" content=\"https:\/\/www.facebook.com\/sieberlogistics\" \/>\n<meta property=\"article:published_time\" content=\"2024-06-07T14:37:11+00:00\" \/>\n<meta property=\"article:modified_time\" content=\"2024-06-11T09:47:30+00:00\" \/>\n<meta property=\"og:image\" content=\"https:\/\/www.sieber.ch\/wp-content\/uploads\/2024\/06\/Bild-1.png\" \/>\n\t<meta property=\"og:image:width\" content=\"1920\" \/>\n\t<meta property=\"og:image:height\" content=\"1080\" \/>\n\t<meta property=\"og:image:type\" content=\"image\/png\" \/>\n<meta name=\"author\" content=\"dorarauseo\" \/>\n<meta name=\"twitter:card\" content=\"summary_large_image\" \/>\n<meta name=\"twitter:label1\" content=\"\u00c9crit par\" \/>\n\t<meta name=\"twitter:data1\" content=\"dorarauseo\" \/>\n\t<meta name=\"twitter:label2\" content=\"Dur\u00e9e de lecture estim\u00e9e\" \/>\n\t<meta name=\"twitter:data2\" content=\"2 minutes\" \/>\n<script type=\"application\/ld+json\" class=\"yoast-schema-graph\">{\"@context\":\"https:\\\/\\\/schema.org\",\"@graph\":[{\"@type\":\"Article\",\"@id\":\"https:\\\/\\\/www.sieber.ch\\\/fr\\\/blog\\\/la-flotte-de-vehicules-durables\\\/#article\",\"isPartOf\":{\"@id\":\"https:\\\/\\\/www.sieber.ch\\\/fr\\\/blog\\\/la-flotte-de-vehicules-durables\\\/\"},\"author\":{\"name\":\"dorarauseo\",\"@id\":\"https:\\\/\\\/www.sieber.ch\\\/fr\\\/#\\\/schema\\\/person\\\/d8e023d3e9b655b24a1e20aab0dec5ac\"},\"headline\":\"La flotte de v\u00e9hicules durables\",\"datePublished\":\"2024-06-07T14:37:11+00:00\",\"dateModified\":\"2024-06-11T09:47:30+00:00\",\"mainEntityOfPage\":{\"@id\":\"https:\\\/\\\/www.sieber.ch\\\/fr\\\/blog\\\/la-flotte-de-vehicules-durables\\\/\"},\"wordCount\":255,\"publisher\":{\"@id\":\"https:\\\/\\\/www.sieber.ch\\\/fr\\\/#organization\"},\"image\":{\"@id\":\"https:\\\/\\\/www.sieber.ch\\\/fr\\\/blog\\\/la-flotte-de-vehicules-durables\\\/#primaryimage\"},\"thumbnailUrl\":\"https:\\\/\\\/www.sieber.ch\\\/wp-content\\\/uploads\\\/2024\\\/06\\\/Bild-1.png\",\"articleSection\":[\"News\"],\"inLanguage\":\"fr-FR\"},{\"@type\":\"WebPage\",\"@id\":\"https:\\\/\\\/www.sieber.ch\\\/fr\\\/blog\\\/la-flotte-de-vehicules-durables\\\/\",\"url\":\"https:\\\/\\\/www.sieber.ch\\\/fr\\\/blog\\\/la-flotte-de-vehicules-durables\\\/\",\"name\":\"La flotte de v\u00e9hicules durables - Sieber Logistics AG\",\"isPartOf\":{\"@id\":\"https:\\\/\\\/www.sieber.ch\\\/fr\\\/#website\"},\"primaryImageOfPage\":{\"@id\":\"https:\\\/\\\/www.sieber.ch\\\/fr\\\/blog\\\/la-flotte-de-vehicules-durables\\\/#primaryimage\"},\"image\":{\"@id\":\"https:\\\/\\\/www.sieber.ch\\\/fr\\\/blog\\\/la-flotte-de-vehicules-durables\\\/#primaryimage\"},\"thumbnailUrl\":\"https:\\\/\\\/www.sieber.ch\\\/wp-content\\\/uploads\\\/2024\\\/06\\\/Bild-1.png\",\"datePublished\":\"2024-06-07T14:37:11+00:00\",\"dateModified\":\"2024-06-11T09:47:30+00:00\",\"breadcrumb\":{\"@id\":\"https:\\\/\\\/www.sieber.ch\\\/fr\\\/blog\\\/la-flotte-de-vehicules-durables\\\/#breadcrumb\"},\"inLanguage\":\"fr-FR\",\"potentialAction\":[{\"@type\":\"ReadAction\",\"target\":[\"https:\\\/\\\/www.sieber.ch\\\/fr\\\/blog\\\/la-flotte-de-vehicules-durables\\\/\"]}]},{\"@type\":\"ImageObject\",\"inLanguage\":\"fr-FR\",\"@id\":\"https:\\\/\\\/www.sieber.ch\\\/fr\\\/blog\\\/la-flotte-de-vehicules-durables\\\/#primaryimage\",\"url\":\"https:\\\/\\\/www.sieber.ch\\\/wp-content\\\/uploads\\\/2024\\\/06\\\/Bild-1.png\",\"contentUrl\":\"https:\\\/\\\/www.sieber.ch\\\/wp-content\\\/uploads\\\/2024\\\/06\\\/Bild-1.png\",\"width\":1920,\"height\":1080},{\"@type\":\"BreadcrumbList\",\"@id\":\"https:\\\/\\\/www.sieber.ch\\\/fr\\\/blog\\\/la-flotte-de-vehicules-durables\\\/#breadcrumb\",\"itemListElement\":[{\"@type\":\"ListItem\",\"position\":1,\"name\":\"Home\",\"item\":\"https:\\\/\\\/www.sieber.ch\\\/fr\\\/\"},{\"@type\":\"ListItem\",\"position\":2,\"name\":\"La flotte de v\u00e9hicules durables\"}]},{\"@type\":\"WebSite\",\"@id\":\"https:\\\/\\\/www.sieber.ch\\\/fr\\\/#website\",\"url\":\"https:\\\/\\\/www.sieber.ch\\\/fr\\\/\",\"name\":\"Sieber Transport AG\",\"description\":\"\",\"publisher\":{\"@id\":\"https:\\\/\\\/www.sieber.ch\\\/fr\\\/#organization\"},\"potentialAction\":[{\"@type\":\"SearchAction\",\"target\":{\"@type\":\"EntryPoint\",\"urlTemplate\":\"https:\\\/\\\/www.sieber.ch\\\/fr\\\/?s={search_term_string}\"},\"query-input\":{\"@type\":\"PropertyValueSpecification\",\"valueRequired\":true,\"valueName\":\"search_term_string\"}}],\"inLanguage\":\"fr-FR\"},{\"@type\":\"Organization\",\"@id\":\"https:\\\/\\\/www.sieber.ch\\\/fr\\\/#organization\",\"name\":\"Sieber Transport AG\",\"url\":\"https:\\\/\\\/www.sieber.ch\\\/fr\\\/\",\"logo\":{\"@type\":\"ImageObject\",\"inLanguage\":\"fr-FR\",\"@id\":\"https:\\\/\\\/www.sieber.ch\\\/fr\\\/#\\\/schema\\\/logo\\\/image\\\/\",\"url\":\"https:\\\/\\\/www.sieber.ch\\\/wp-content\\\/uploads\\\/2024\\\/01\\\/logo.png\",\"contentUrl\":\"https:\\\/\\\/www.sieber.ch\\\/wp-content\\\/uploads\\\/2024\\\/01\\\/logo.png\",\"width\":1063,\"height\":358,\"caption\":\"Sieber Transport AG\"},\"image\":{\"@id\":\"https:\\\/\\\/www.sieber.ch\\\/fr\\\/#\\\/schema\\\/logo\\\/image\\\/\"},\"sameAs\":[\"https:\\\/\\\/www.facebook.com\\\/sieberlogistics\",\"https:\\\/\\\/www.linkedin.com\\\/company\\\/sieberlogistics\\\/\"]},{\"@type\":\"Person\",\"@id\":\"https:\\\/\\\/www.sieber.ch\\\/fr\\\/#\\\/schema\\\/person\\\/d8e023d3e9b655b24a1e20aab0dec5ac\",\"name\":\"dorarauseo\",\"image\":{\"@type\":\"ImageObject\",\"inLanguage\":\"fr-FR\",\"@id\":\"https:\\\/\\\/secure.gravatar.com\\\/avatar\\\/88914062d60fda4d73655522543edb68609603692739ecc4ccae497137ad6bdc?s=96&d=mm&r=g\",\"url\":\"https:\\\/\\\/secure.gravatar.com\\\/avatar\\\/88914062d60fda4d73655522543edb68609603692739ecc4ccae497137ad6bdc?s=96&d=mm&r=g\",\"contentUrl\":\"https:\\\/\\\/secure.gravatar.com\\\/avatar\\\/88914062d60fda4d73655522543edb68609603692739ecc4ccae497137ad6bdc?s=96&d=mm&r=g\",\"caption\":\"dorarauseo\"},\"url\":\"https:\\\/\\\/www.sieber.ch\\\/fr\\\/blog\\\/author\\\/dorarauseo\\\/\"}]}<\/script>\n<!-- \/ Yoast SEO plugin. -->","yoast_head_json":{"title":"La flotte de v\u00e9hicules durables - Sieber Logistics AG","robots":{"index":"index","follow":"follow","max-snippet":"max-snippet:-1","max-image-preview":"max-image-preview:large","max-video-preview":"max-video-preview:-1"},"canonical":"https:\/\/www.sieber.ch\/fr\/blog\/la-flotte-de-vehicules-durables\/","og_locale":"fr_FR","og_type":"article","og_title":"La flotte de v\u00e9hicules durables - Sieber Logistics AG","og_description":"GOgreen &#8211; La flotte de v\u00e9hicules durables du groupe Sieber Le groupe Sieber continue de poser des jalons en mati\u00e8reRead More...","og_url":"https:\/\/www.sieber.ch\/fr\/blog\/la-flotte-de-vehicules-durables\/","og_site_name":"Sieber Logistics AG","article_publisher":"https:\/\/www.facebook.com\/sieberlogistics","article_published_time":"2024-06-07T14:37:11+00:00","article_modified_time":"2024-06-11T09:47:30+00:00","og_image":[{"width":1920,"height":1080,"url":"https:\/\/www.sieber.ch\/wp-content\/uploads\/2024\/06\/Bild-1.png","type":"image\/png"}],"author":"dorarauseo","twitter_card":"summary_large_image","twitter_misc":{"\u00c9crit par":"dorarauseo","Dur\u00e9e de lecture estim\u00e9e":"2 minutes"},"schema":{"@context":"https:\/\/schema.org","@graph":[{"@type":"Article","@id":"https:\/\/www.sieber.ch\/fr\/blog\/la-flotte-de-vehicules-durables\/#article","isPartOf":{"@id":"https:\/\/www.sieber.ch\/fr\/blog\/la-flotte-de-vehicules-durables\/"},"author":{"name":"dorarauseo","@id":"https:\/\/www.sieber.ch\/fr\/#\/schema\/person\/d8e023d3e9b655b24a1e20aab0dec5ac"},"headline":"La flotte de v\u00e9hicules durables","datePublished":"2024-06-07T14:37:11+00:00","dateModified":"2024-06-11T09:47:30+00:00","mainEntityOfPage":{"@id":"https:\/\/www.sieber.ch\/fr\/blog\/la-flotte-de-vehicules-durables\/"},"wordCount":255,"publisher":{"@id":"https:\/\/www.sieber.ch\/fr\/#organization"},"image":{"@id":"https:\/\/www.sieber.ch\/fr\/blog\/la-flotte-de-vehicules-durables\/#primaryimage"},"thumbnailUrl":"https:\/\/www.sieber.ch\/wp-content\/uploads\/2024\/06\/Bild-1.png","articleSection":["News"],"inLanguage":"fr-FR"},{"@type":"WebPage","@id":"https:\/\/www.sieber.ch\/fr\/blog\/la-flotte-de-vehicules-durables\/","url":"https:\/\/www.sieber.ch\/fr\/blog\/la-flotte-de-vehicules-durables\/","name":"La flotte de v\u00e9hicules durables - Sieber Logistics AG","isPartOf":{"@id":"https:\/\/www.sieber.ch\/fr\/#website"},"primaryImageOfPage":{"@id":"https:\/\/www.sieber.ch\/fr\/blog\/la-flotte-de-vehicules-durables\/#primaryimage"},"image":{"@id":"https:\/\/www.sieber.ch\/fr\/blog\/la-flotte-de-vehicules-durables\/#primaryimage"},"thumbnailUrl":"https:\/\/www.sieber.ch\/wp-content\/uploads\/2024\/06\/Bild-1.png","datePublished":"2024-06-07T14:37:11+00:00","dateModified":"2024-06-11T09:47:30+00:00","breadcrumb":{"@id":"https:\/\/www.sieber.ch\/fr\/blog\/la-flotte-de-vehicules-durables\/#breadcrumb"},"inLanguage":"fr-FR","potentialAction":[{"@type":"ReadAction","target":["https:\/\/www.sieber.ch\/fr\/blog\/la-flotte-de-vehicules-durables\/"]}]},{"@type":"ImageObject","inLanguage":"fr-FR","@id":"https:\/\/www.sieber.ch\/fr\/blog\/la-flotte-de-vehicules-durables\/#primaryimage","url":"https:\/\/www.sieber.ch\/wp-content\/uploads\/2024\/06\/Bild-1.png","contentUrl":"https:\/\/www.sieber.ch\/wp-content\/uploads\/2024\/06\/Bild-1.png","width":1920,"height":1080},{"@type":"BreadcrumbList","@id":"https:\/\/www.sieber.ch\/fr\/blog\/la-flotte-de-vehicules-durables\/#breadcrumb","itemListElement":[{"@type":"ListItem","position":1,"name":"Home","item":"https:\/\/www.sieber.ch\/fr\/"},{"@type":"ListItem","position":2,"name":"La flotte de v\u00e9hicules durables"}]},{"@type":"WebSite","@id":"https:\/\/www.sieber.ch\/fr\/#website","url":"https:\/\/www.sieber.ch\/fr\/","name":"Sieber Transport AG","description":"","publisher":{"@id":"https:\/\/www.sieber.ch\/fr\/#organization"},"potentialAction":[{"@type":"SearchAction","target":{"@type":"EntryPoint","urlTemplate":"https:\/\/www.sieber.ch\/fr\/?s={search_term_string}"},"query-input":{"@type":"PropertyValueSpecification","valueRequired":true,"valueName":"search_term_string"}}],"inLanguage":"fr-FR"},{"@type":"Organization","@id":"https:\/\/www.sieber.ch\/fr\/#organization","name":"Sieber Transport AG","url":"https:\/\/www.sieber.ch\/fr\/","logo":{"@type":"ImageObject","inLanguage":"fr-FR","@id":"https:\/\/www.sieber.ch\/fr\/#\/schema\/logo\/image\/","url":"https:\/\/www.sieber.ch\/wp-content\/uploads\/2024\/01\/logo.png","contentUrl":"https:\/\/www.sieber.ch\/wp-content\/uploads\/2024\/01\/logo.png","width":1063,"height":358,"caption":"Sieber Transport AG"},"image":{"@id":"https:\/\/www.sieber.ch\/fr\/#\/schema\/logo\/image\/"},"sameAs":["https:\/\/www.facebook.com\/sieberlogistics","https:\/\/www.linkedin.com\/company\/sieberlogistics\/"]},{"@type":"Person","@id":"https:\/\/www.sieber.ch\/fr\/#\/schema\/person\/d8e023d3e9b655b24a1e20aab0dec5ac","name":"dorarauseo","image":{"@type":"ImageObject","inLanguage":"fr-FR","@id":"https:\/\/secure.gravatar.com\/avatar\/88914062d60fda4d73655522543edb68609603692739ecc4ccae497137ad6bdc?s=96&d=mm&r=g","url":"https:\/\/secure.gravatar.com\/avatar\/88914062d60fda4d73655522543edb68609603692739ecc4ccae497137ad6bdc?s=96&d=mm&r=g","contentUrl":"https:\/\/secure.gravatar.com\/avatar\/88914062d60fda4d73655522543edb68609603692739ecc4ccae497137ad6bdc?s=96&d=mm&r=g","caption":"dorarauseo"},"url":"https:\/\/www.sieber.ch\/fr\/blog\/author\/dorarauseo\/"}]}},"_links":{"self":[{"href":"https:\/\/www.sieber.ch\/fr\/wp-json\/wp\/v2\/posts\/6389","targetHints":{"allow":["GET"]}}],"collection":[{"href":"https:\/\/www.sieber.ch\/fr\/wp-json\/wp\/v2\/posts"}],"about":[{"href":"https:\/\/www.sieber.ch\/fr\/wp-json\/wp\/v2\/types\/post"}],"author":[{"embeddable":true,"href":"https:\/\/www.sieber.ch\/fr\/wp-json\/wp\/v2\/users\/7"}],"replies":[{"embeddable":true,"href":"https:\/\/www.sieber.ch\/fr\/wp-json\/wp\/v2\/comments?post=6389"}],"version-history":[{"count":2,"href":"https:\/\/www.sieber.ch\/fr\/wp-json\/wp\/v2\/posts\/6389\/revisions"}],"predecessor-version":[{"id":6394,"href":"https:\/\/www.sieber.ch\/fr\/wp-json\/wp\/v2\/posts\/6389\/revisions\/6394"}],"wp:featuredmedia":[{"embeddable":true,"href":"https:\/\/www.sieber.ch\/fr\/wp-json\/wp\/v2\/media\/6378"}],"wp:attachment":[{"href":"https:\/\/www.sieber.ch\/fr\/wp-json\/wp\/v2\/media?parent=6389"}],"wp:term":[{"taxonomy":"category","embeddable":true,"href":"https:\/\/www.sieber.ch\/fr\/wp-json\/wp\/v2\/categories?post=6389"},{"taxonomy":"post_tag","embeddable":true,"href":"https:\/\/www.sieber.ch\/fr\/wp-json\/wp\/v2\/tags?post=6389"}],"curies":[{"name":"wp","href":"https:\/\/api.w.org\/{rel}","templated":true}]}}