{"id":6330,"date":"2024-06-04T15:18:50","date_gmt":"2024-06-04T14:18:50","guid":{"rendered":"https:\/\/www.sieber.ch\/?p=6330"},"modified":"2024-06-05T14:49:51","modified_gmt":"2024-06-05T13:49:51","slug":"une-etape-importante-en-matiere-de-durabilite-sieber-logisticaigle-danone-et-evian","status":"publish","type":"post","link":"https:\/\/www.sieber.ch\/fr\/blog\/une-etape-importante-en-matiere-de-durabilite-sieber-logisticaigle-danone-et-evian\/","title":{"rendered":"\u00c9tape de durabilit\u00e9 : Sieber, LogisticAigle, Danone, evian"},"content":{"rendered":"<div class=\"n2_clear\"><ss3-force-full-width data-overflow-x=\"body\" data-horizontal-selector=\"body\"><div class=\"n2-section-smartslider fitvidsignore  n2_clear\" data-ssid=\"100\"><div id=\"n2-ss-100-align\" class=\"n2-ss-align\"><div class=\"n2-padding\"><div id=\"n2-ss-100\" data-creator=\"Smart Slider 3\" data-responsive=\"fullwidth\" class=\"n2-ss-slider n2-ow n2-has-hover n2notransition  \">\n        <div class=\"n2-ss-slider-1 n2_ss__touch_element n2-ow\">\n            <div class=\"n2-ss-slider-2 n2-ow\">\n                                                <div class=\"n2-ss-slider-3 n2-ow\">\n\n                    <div class=\"n2-ss-slide-backgrounds n2-ow-all\"><div class=\"n2-ss-slide-background\" data-public-id=\"1\" data-mode=\"fill\"><div class=\"n2-ss-slide-background-image\" data-blur=\"0\" data-opacity=\"100\" data-x=\"38\" data-y=\"77\" data-alt=\"Woman with glasses in front of a group of people\" data-title=\"\" style=\"--ss-o-pos-x:38%;--ss-o-pos-y:77%\"><picture class=\"skip-lazy\" data-skip-lazy=\"1\"><img decoding=\"async\" src=\"\/\/www.sieber.ch\/wp-content\/uploads\/2024\/01\/News-1277948801.webp\" alt=\"Woman with glasses in front of a group of people\" title=\"\" loading=\"lazy\" class=\"skip-lazy\" data-skip-lazy=\"1\"><\/picture><\/div><div data-color=\"RGBA(0,0,0,0.52)\" style=\"background-color: RGBA(0,0,0,0.52);\" class=\"n2-ss-slide-background-color\" data-overlay=\"1\"><\/div><\/div><\/div>                    <div class=\"n2-ss-slider-4 n2-ow\">\n                        <svg xmlns=\"http:\/\/www.w3.org\/2000\/svg\" viewBox=\"0 0 1200 650\" data-related-device=\"desktopPortrait\" class=\"n2-ow n2-ss-preserve-size n2-ss-preserve-size--slider n2-ss-slide-limiter\"><\/svg><div data-first=\"1\" data-slide-duration=\"0\" data-id=\"114\" data-slide-public-id=\"1\" data-title=\"Services banner\" class=\"n2-ss-slide n2-ow  n2-ss-slide-114\"><div role=\"note\" class=\"n2-ss-slide--focus\" tabindex=\"-1\">Services banner<\/div><div class=\"n2-ss-layers-container n2-ss-slide-limiter n2-ow\"><div class=\"n2-ss-layer n2-ow n-uc-2luDAwVGLylp\" data-sstype=\"slide\" data-pm=\"default\"><div class=\"n2-ss-layer n2-ow n-uc-2pUNtEJPFRkA\" data-pm=\"default\" data-sstype=\"content\" data-hasbackground=\"0\"><div class=\"n2-ss-section-main-content n2-ss-layer-with-background n2-ss-layer-content n2-ow n-uc-2pUNtEJPFRkA-inner\"><div class=\"n2-ss-layer n2-ow n-uc-f4gam8jurX0X\" data-pm=\"normal\" data-sstype=\"layer\"><div id=\"n2-ss-100item1\" class=\"n2-font-89c0603c56ffcf23cbe2a31a6751ddf6-hover   n2-ss-item-content n2-ss-text n2-ow\" style=\"display:block;\"><\/div><\/div><\/div><\/div><\/div><\/div><\/div>                    <\/div>\n\n                                    <\/div>\n            <\/div>\n        <\/div>\n        <\/div><ss3-loader><\/ss3-loader><\/div><\/div><div class=\"n2_clear\"><\/div><\/div><\/ss3-force-full-width><\/div>\n\n\n<h2 class=\"wp-block-heading\">Une \u00e9tape importante pour Groupe Sieber, LogisticAigle, Danone Suisse et evian !<\/h2>\n\n\n\n<figure class=\"wp-block-image size-large\"><img loading=\"lazy\" decoding=\"async\" width=\"1024\" height=\"572\" src=\"https:\/\/www.sieber.ch\/wp-content\/uploads\/2024\/06\/PV-Anlage--1024x572.jpg\" alt=\"\" class=\"wp-image-6282\" srcset=\"https:\/\/www.sieber.ch\/wp-content\/uploads\/2024\/06\/PV-Anlage--1024x572.jpg 1024w, https:\/\/www.sieber.ch\/wp-content\/uploads\/2024\/06\/PV-Anlage--300x168.jpg 300w, https:\/\/www.sieber.ch\/wp-content\/uploads\/2024\/06\/PV-Anlage--768x429.jpg 768w, https:\/\/www.sieber.ch\/wp-content\/uploads\/2024\/06\/PV-Anlage--1536x859.jpg 1536w, https:\/\/www.sieber.ch\/wp-content\/uploads\/2024\/06\/PV-Anlage-.jpg 1660w\" sizes=\"auto, (max-width: 1024px) 100vw, 1024px\" \/><\/figure>\n\n\n\n<p>En collaboration avec nos partenaires LogisticAigle, Danone Suisse et evian, nous avons franchi une \u00e9tape importante : la mise en service r\u00e9ussie des installations photovolta\u00efques sur le toit du b\u00e2timent LogisticAigle \u00e0 Aigle, lou\u00e9 par Sieber.<\/p>\n\n\n\n<p>Les nouvelles installations photovolta\u00efques, compos\u00e9es de 2.246 modules solaires sur une surface de 4.357 m\u00b2, produiront environ 992.160 kWh par an. Cette quantit\u00e9 d&rsquo;\u00e9nergie correspond \u00e0 la consommation annuelle d&rsquo;environ 400 m\u00e9nages. Cette \u00e9tape est cruciale pour notre transition \u00e9nerg\u00e9tique, car elle r\u00e9duit notre d\u00e9pendance vis-\u00e0-vis des sources d&rsquo;\u00e9nergie traditionnelles, minimise notre empreinte carbone et garantit des co\u00fbts \u00e9nerg\u00e9tiques stables.<\/p>\n\n\n\n<p><strong>Durabilit\u00e9 et efficacit\u00e9 \u00e9nerg\u00e9tique :<\/strong> Sieber ach\u00e8te d\u00e9sormais 50 % de son \u00e9lectricit\u00e9 \u00e0 partir d&rsquo;\u00e9nergie solaire renouvelable et r\u00e9pond ainsi \u00e0 des normes de durabilit\u00e9 \u00e9lev\u00e9es qui enthousiasment nos clients et am\u00e9liorent notre bilan environnemental.<\/p>\n\n\n\n<p><strong>Succ\u00e8s du partenariat :<\/strong> en tant que distributeur de Danone Suisse et de la marque populaire evian dans toute la Suisse, nous faisons des progr\u00e8s significatifs gr\u00e2ce \u00e0 des d\u00e9veloppements durables dont les deux marques profitent directement.<\/p>\n\n\n\n<p><strong>Mod\u00e8le commercial innovant :<\/strong> LogisticAigle augmente la valeur de son b\u00e2timent gr\u00e2ce au mod\u00e8le commercial innovant \u00ab\u00a0Solar Energy Contracting\u00a0\u00bb de Romande Energie, qui n&rsquo;est pas seulement \u00e9cologique, mais aussi \u00e9conomiquement avantageux.<\/p>\n\n\n\n<p>Sieber donne ainsi un signal fort en faveur d&rsquo;une gestion durable. Il s&rsquo;agit d&rsquo;une \u00e9tape importante pour nous et nos partenaires, sur la voie d&rsquo;une exploitation plus respectueuse de l&rsquo;environnement et plus efficace sur le plan \u00e9nerg\u00e9tique.<\/p>\n\n\n\n<p><strong>Vous souhaitez en savoir plus ?<\/strong><\/p>\n\n\n\n<p>Visitez <a href=\"https:\/\/www.sieber.ch\/fr\/go-green\/\">sieber.ch\/go-green\/<\/a> pour obtenir des informations compl\u00e9mentaires et des solutions pour atteindre vos propres objectifs de transition \u00e9nerg\u00e9tique. Ensemble, continuons \u00e0 promouvoir des changements efficaces !<\/p>\n\n\n\n<p>Pour acc\u00e9der \u00e0 la communication d\u00e9taill\u00e9e du projet, cliquez ici : <a href=\"https:\/\/www.sieber.ch\/wp-content\/uploads\/2024\/06\/Nachhaltigkeitskooperation-mit-LogisticAigle_fr.pdf\">Coop\u00e9ration en mati\u00e8re de d\u00e9veloppement durable<\/a>.<\/p>\n","protected":false},"excerpt":{"rendered":"<p>Une \u00e9tape importante pour Groupe Sieber, LogisticAigle, Danone Suisse et evian ! En collaboration avec nos partenaires LogisticAigle, Danone Suisse<\/p>\n<p><a class=\"wp-block-button__link\" href=\"https:\/\/www.sieber.ch\/fr\/blog\/une-etape-importante-en-matiere-de-durabilite-sieber-logisticaigle-danone-et-evian\/\">Read More&#8230;<\/a><\/p>\n","protected":false},"author":7,"featured_media":6302,"comment_status":"closed","ping_status":"closed","sticky":false,"template":"","format":"standard","meta":{"_acf_changed":false,"footnotes":""},"categories":[48],"tags":[],"class_list":["post-6330","post","type-post","status-publish","format-standard","has-post-thumbnail","hentry","category-news-fr"],"acf":[],"yoast_head":"<!-- This site is optimized with the Yoast SEO plugin v27.5 - https:\/\/yoast.com\/product\/yoast-seo-wordpress\/ -->\n<title>\u00c9tape de durabilit\u00e9 : Sieber, LogisticAigle, Danone, evian - Sieber Logistics AG<\/title>\n<meta name=\"robots\" content=\"index, follow, max-snippet:-1, max-image-preview:large, max-video-preview:-1\" \/>\n<link rel=\"canonical\" href=\"https:\/\/www.sieber.ch\/fr\/blog\/une-etape-importante-en-matiere-de-durabilite-sieber-logisticaigle-danone-et-evian\/\" \/>\n<meta property=\"og:locale\" content=\"fr_FR\" \/>\n<meta property=\"og:type\" content=\"article\" \/>\n<meta property=\"og:title\" content=\"\u00c9tape de durabilit\u00e9 : Sieber, LogisticAigle, Danone, evian - Sieber Logistics AG\" \/>\n<meta property=\"og:description\" content=\"Une \u00e9tape importante pour Groupe Sieber, LogisticAigle, Danone Suisse et evian ! En collaboration avec nos partenaires LogisticAigle, Danone SuisseRead More...\" \/>\n<meta property=\"og:url\" content=\"https:\/\/www.sieber.ch\/fr\/blog\/une-etape-importante-en-matiere-de-durabilite-sieber-logisticaigle-danone-et-evian\/\" \/>\n<meta property=\"og:site_name\" content=\"Sieber Logistics AG\" \/>\n<meta property=\"article:publisher\" content=\"https:\/\/www.facebook.com\/sieberlogistics\" \/>\n<meta property=\"article:published_time\" content=\"2024-06-04T14:18:50+00:00\" \/>\n<meta property=\"article:modified_time\" content=\"2024-06-05T13:49:51+00:00\" \/>\n<meta property=\"og:image\" content=\"https:\/\/www.sieber.ch\/wp-content\/uploads\/2024\/06\/Screenshot-2024-06-04-162438-1.jpg\" \/>\n\t<meta property=\"og:image:width\" content=\"1663\" \/>\n\t<meta property=\"og:image:height\" content=\"933\" \/>\n\t<meta property=\"og:image:type\" content=\"image\/jpeg\" \/>\n<meta name=\"author\" content=\"dorarauseo\" \/>\n<meta name=\"twitter:card\" content=\"summary_large_image\" \/>\n<meta name=\"twitter:label1\" content=\"\u00c9crit par\" \/>\n\t<meta name=\"twitter:data1\" content=\"dorarauseo\" \/>\n\t<meta name=\"twitter:label2\" content=\"Dur\u00e9e de lecture estim\u00e9e\" \/>\n\t<meta name=\"twitter:data2\" content=\"2 minutes\" \/>\n<script type=\"application\/ld+json\" class=\"yoast-schema-graph\">{\"@context\":\"https:\\\/\\\/schema.org\",\"@graph\":[{\"@type\":\"Article\",\"@id\":\"https:\\\/\\\/www.sieber.ch\\\/fr\\\/blog\\\/une-etape-importante-en-matiere-de-durabilite-sieber-logisticaigle-danone-et-evian\\\/#article\",\"isPartOf\":{\"@id\":\"https:\\\/\\\/www.sieber.ch\\\/fr\\\/blog\\\/une-etape-importante-en-matiere-de-durabilite-sieber-logisticaigle-danone-et-evian\\\/\"},\"author\":{\"name\":\"dorarauseo\",\"@id\":\"https:\\\/\\\/www.sieber.ch\\\/fr\\\/#\\\/schema\\\/person\\\/d8e023d3e9b655b24a1e20aab0dec5ac\"},\"headline\":\"\u00c9tape de durabilit\u00e9 : Sieber, LogisticAigle, Danone, evian\",\"datePublished\":\"2024-06-04T14:18:50+00:00\",\"dateModified\":\"2024-06-05T13:49:51+00:00\",\"mainEntityOfPage\":{\"@id\":\"https:\\\/\\\/www.sieber.ch\\\/fr\\\/blog\\\/une-etape-importante-en-matiere-de-durabilite-sieber-logisticaigle-danone-et-evian\\\/\"},\"wordCount\":333,\"publisher\":{\"@id\":\"https:\\\/\\\/www.sieber.ch\\\/fr\\\/#organization\"},\"image\":{\"@id\":\"https:\\\/\\\/www.sieber.ch\\\/fr\\\/blog\\\/une-etape-importante-en-matiere-de-durabilite-sieber-logisticaigle-danone-et-evian\\\/#primaryimage\"},\"thumbnailUrl\":\"https:\\\/\\\/www.sieber.ch\\\/wp-content\\\/uploads\\\/2024\\\/06\\\/Screenshot-2024-06-04-162438-1.jpg\",\"articleSection\":[\"News\"],\"inLanguage\":\"fr-FR\"},{\"@type\":\"WebPage\",\"@id\":\"https:\\\/\\\/www.sieber.ch\\\/fr\\\/blog\\\/une-etape-importante-en-matiere-de-durabilite-sieber-logisticaigle-danone-et-evian\\\/\",\"url\":\"https:\\\/\\\/www.sieber.ch\\\/fr\\\/blog\\\/une-etape-importante-en-matiere-de-durabilite-sieber-logisticaigle-danone-et-evian\\\/\",\"name\":\"\u00c9tape de durabilit\u00e9 : Sieber, LogisticAigle, Danone, evian - Sieber Logistics AG\",\"isPartOf\":{\"@id\":\"https:\\\/\\\/www.sieber.ch\\\/fr\\\/#website\"},\"primaryImageOfPage\":{\"@id\":\"https:\\\/\\\/www.sieber.ch\\\/fr\\\/blog\\\/une-etape-importante-en-matiere-de-durabilite-sieber-logisticaigle-danone-et-evian\\\/#primaryimage\"},\"image\":{\"@id\":\"https:\\\/\\\/www.sieber.ch\\\/fr\\\/blog\\\/une-etape-importante-en-matiere-de-durabilite-sieber-logisticaigle-danone-et-evian\\\/#primaryimage\"},\"thumbnailUrl\":\"https:\\\/\\\/www.sieber.ch\\\/wp-content\\\/uploads\\\/2024\\\/06\\\/Screenshot-2024-06-04-162438-1.jpg\",\"datePublished\":\"2024-06-04T14:18:50+00:00\",\"dateModified\":\"2024-06-05T13:49:51+00:00\",\"breadcrumb\":{\"@id\":\"https:\\\/\\\/www.sieber.ch\\\/fr\\\/blog\\\/une-etape-importante-en-matiere-de-durabilite-sieber-logisticaigle-danone-et-evian\\\/#breadcrumb\"},\"inLanguage\":\"fr-FR\",\"potentialAction\":[{\"@type\":\"ReadAction\",\"target\":[\"https:\\\/\\\/www.sieber.ch\\\/fr\\\/blog\\\/une-etape-importante-en-matiere-de-durabilite-sieber-logisticaigle-danone-et-evian\\\/\"]}]},{\"@type\":\"ImageObject\",\"inLanguage\":\"fr-FR\",\"@id\":\"https:\\\/\\\/www.sieber.ch\\\/fr\\\/blog\\\/une-etape-importante-en-matiere-de-durabilite-sieber-logisticaigle-danone-et-evian\\\/#primaryimage\",\"url\":\"https:\\\/\\\/www.sieber.ch\\\/wp-content\\\/uploads\\\/2024\\\/06\\\/Screenshot-2024-06-04-162438-1.jpg\",\"contentUrl\":\"https:\\\/\\\/www.sieber.ch\\\/wp-content\\\/uploads\\\/2024\\\/06\\\/Screenshot-2024-06-04-162438-1.jpg\",\"width\":1663,\"height\":933},{\"@type\":\"BreadcrumbList\",\"@id\":\"https:\\\/\\\/www.sieber.ch\\\/fr\\\/blog\\\/une-etape-importante-en-matiere-de-durabilite-sieber-logisticaigle-danone-et-evian\\\/#breadcrumb\",\"itemListElement\":[{\"@type\":\"ListItem\",\"position\":1,\"name\":\"Home\",\"item\":\"https:\\\/\\\/www.sieber.ch\\\/fr\\\/\"},{\"@type\":\"ListItem\",\"position\":2,\"name\":\"\u00c9tape de durabilit\u00e9 : Sieber, LogisticAigle, Danone, evian\"}]},{\"@type\":\"WebSite\",\"@id\":\"https:\\\/\\\/www.sieber.ch\\\/fr\\\/#website\",\"url\":\"https:\\\/\\\/www.sieber.ch\\\/fr\\\/\",\"name\":\"Sieber Transport AG\",\"description\":\"\",\"publisher\":{\"@id\":\"https:\\\/\\\/www.sieber.ch\\\/fr\\\/#organization\"},\"potentialAction\":[{\"@type\":\"SearchAction\",\"target\":{\"@type\":\"EntryPoint\",\"urlTemplate\":\"https:\\\/\\\/www.sieber.ch\\\/fr\\\/?s={search_term_string}\"},\"query-input\":{\"@type\":\"PropertyValueSpecification\",\"valueRequired\":true,\"valueName\":\"search_term_string\"}}],\"inLanguage\":\"fr-FR\"},{\"@type\":\"Organization\",\"@id\":\"https:\\\/\\\/www.sieber.ch\\\/fr\\\/#organization\",\"name\":\"Sieber Transport AG\",\"url\":\"https:\\\/\\\/www.sieber.ch\\\/fr\\\/\",\"logo\":{\"@type\":\"ImageObject\",\"inLanguage\":\"fr-FR\",\"@id\":\"https:\\\/\\\/www.sieber.ch\\\/fr\\\/#\\\/schema\\\/logo\\\/image\\\/\",\"url\":\"https:\\\/\\\/www.sieber.ch\\\/wp-content\\\/uploads\\\/2024\\\/01\\\/logo.png\",\"contentUrl\":\"https:\\\/\\\/www.sieber.ch\\\/wp-content\\\/uploads\\\/2024\\\/01\\\/logo.png\",\"width\":1063,\"height\":358,\"caption\":\"Sieber Transport AG\"},\"image\":{\"@id\":\"https:\\\/\\\/www.sieber.ch\\\/fr\\\/#\\\/schema\\\/logo\\\/image\\\/\"},\"sameAs\":[\"https:\\\/\\\/www.facebook.com\\\/sieberlogistics\",\"https:\\\/\\\/www.linkedin.com\\\/company\\\/sieberlogistics\\\/\"]},{\"@type\":\"Person\",\"@id\":\"https:\\\/\\\/www.sieber.ch\\\/fr\\\/#\\\/schema\\\/person\\\/d8e023d3e9b655b24a1e20aab0dec5ac\",\"name\":\"dorarauseo\",\"image\":{\"@type\":\"ImageObject\",\"inLanguage\":\"fr-FR\",\"@id\":\"https:\\\/\\\/secure.gravatar.com\\\/avatar\\\/88914062d60fda4d73655522543edb68609603692739ecc4ccae497137ad6bdc?s=96&d=mm&r=g\",\"url\":\"https:\\\/\\\/secure.gravatar.com\\\/avatar\\\/88914062d60fda4d73655522543edb68609603692739ecc4ccae497137ad6bdc?s=96&d=mm&r=g\",\"contentUrl\":\"https:\\\/\\\/secure.gravatar.com\\\/avatar\\\/88914062d60fda4d73655522543edb68609603692739ecc4ccae497137ad6bdc?s=96&d=mm&r=g\",\"caption\":\"dorarauseo\"},\"url\":\"https:\\\/\\\/www.sieber.ch\\\/fr\\\/blog\\\/author\\\/dorarauseo\\\/\"}]}<\/script>\n<!-- \/ Yoast SEO plugin. -->","yoast_head_json":{"title":"\u00c9tape de durabilit\u00e9 : Sieber, LogisticAigle, Danone, evian - Sieber Logistics AG","robots":{"index":"index","follow":"follow","max-snippet":"max-snippet:-1","max-image-preview":"max-image-preview:large","max-video-preview":"max-video-preview:-1"},"canonical":"https:\/\/www.sieber.ch\/fr\/blog\/une-etape-importante-en-matiere-de-durabilite-sieber-logisticaigle-danone-et-evian\/","og_locale":"fr_FR","og_type":"article","og_title":"\u00c9tape de durabilit\u00e9 : Sieber, LogisticAigle, Danone, evian - Sieber Logistics AG","og_description":"Une \u00e9tape importante pour Groupe Sieber, LogisticAigle, Danone Suisse et evian ! En collaboration avec nos partenaires LogisticAigle, Danone SuisseRead More...","og_url":"https:\/\/www.sieber.ch\/fr\/blog\/une-etape-importante-en-matiere-de-durabilite-sieber-logisticaigle-danone-et-evian\/","og_site_name":"Sieber Logistics AG","article_publisher":"https:\/\/www.facebook.com\/sieberlogistics","article_published_time":"2024-06-04T14:18:50+00:00","article_modified_time":"2024-06-05T13:49:51+00:00","og_image":[{"width":1663,"height":933,"url":"https:\/\/www.sieber.ch\/wp-content\/uploads\/2024\/06\/Screenshot-2024-06-04-162438-1.jpg","type":"image\/jpeg"}],"author":"dorarauseo","twitter_card":"summary_large_image","twitter_misc":{"\u00c9crit par":"dorarauseo","Dur\u00e9e de lecture estim\u00e9e":"2 minutes"},"schema":{"@context":"https:\/\/schema.org","@graph":[{"@type":"Article","@id":"https:\/\/www.sieber.ch\/fr\/blog\/une-etape-importante-en-matiere-de-durabilite-sieber-logisticaigle-danone-et-evian\/#article","isPartOf":{"@id":"https:\/\/www.sieber.ch\/fr\/blog\/une-etape-importante-en-matiere-de-durabilite-sieber-logisticaigle-danone-et-evian\/"},"author":{"name":"dorarauseo","@id":"https:\/\/www.sieber.ch\/fr\/#\/schema\/person\/d8e023d3e9b655b24a1e20aab0dec5ac"},"headline":"\u00c9tape de durabilit\u00e9 : Sieber, LogisticAigle, Danone, evian","datePublished":"2024-06-04T14:18:50+00:00","dateModified":"2024-06-05T13:49:51+00:00","mainEntityOfPage":{"@id":"https:\/\/www.sieber.ch\/fr\/blog\/une-etape-importante-en-matiere-de-durabilite-sieber-logisticaigle-danone-et-evian\/"},"wordCount":333,"publisher":{"@id":"https:\/\/www.sieber.ch\/fr\/#organization"},"image":{"@id":"https:\/\/www.sieber.ch\/fr\/blog\/une-etape-importante-en-matiere-de-durabilite-sieber-logisticaigle-danone-et-evian\/#primaryimage"},"thumbnailUrl":"https:\/\/www.sieber.ch\/wp-content\/uploads\/2024\/06\/Screenshot-2024-06-04-162438-1.jpg","articleSection":["News"],"inLanguage":"fr-FR"},{"@type":"WebPage","@id":"https:\/\/www.sieber.ch\/fr\/blog\/une-etape-importante-en-matiere-de-durabilite-sieber-logisticaigle-danone-et-evian\/","url":"https:\/\/www.sieber.ch\/fr\/blog\/une-etape-importante-en-matiere-de-durabilite-sieber-logisticaigle-danone-et-evian\/","name":"\u00c9tape de durabilit\u00e9 : Sieber, LogisticAigle, Danone, evian - Sieber Logistics AG","isPartOf":{"@id":"https:\/\/www.sieber.ch\/fr\/#website"},"primaryImageOfPage":{"@id":"https:\/\/www.sieber.ch\/fr\/blog\/une-etape-importante-en-matiere-de-durabilite-sieber-logisticaigle-danone-et-evian\/#primaryimage"},"image":{"@id":"https:\/\/www.sieber.ch\/fr\/blog\/une-etape-importante-en-matiere-de-durabilite-sieber-logisticaigle-danone-et-evian\/#primaryimage"},"thumbnailUrl":"https:\/\/www.sieber.ch\/wp-content\/uploads\/2024\/06\/Screenshot-2024-06-04-162438-1.jpg","datePublished":"2024-06-04T14:18:50+00:00","dateModified":"2024-06-05T13:49:51+00:00","breadcrumb":{"@id":"https:\/\/www.sieber.ch\/fr\/blog\/une-etape-importante-en-matiere-de-durabilite-sieber-logisticaigle-danone-et-evian\/#breadcrumb"},"inLanguage":"fr-FR","potentialAction":[{"@type":"ReadAction","target":["https:\/\/www.sieber.ch\/fr\/blog\/une-etape-importante-en-matiere-de-durabilite-sieber-logisticaigle-danone-et-evian\/"]}]},{"@type":"ImageObject","inLanguage":"fr-FR","@id":"https:\/\/www.sieber.ch\/fr\/blog\/une-etape-importante-en-matiere-de-durabilite-sieber-logisticaigle-danone-et-evian\/#primaryimage","url":"https:\/\/www.sieber.ch\/wp-content\/uploads\/2024\/06\/Screenshot-2024-06-04-162438-1.jpg","contentUrl":"https:\/\/www.sieber.ch\/wp-content\/uploads\/2024\/06\/Screenshot-2024-06-04-162438-1.jpg","width":1663,"height":933},{"@type":"BreadcrumbList","@id":"https:\/\/www.sieber.ch\/fr\/blog\/une-etape-importante-en-matiere-de-durabilite-sieber-logisticaigle-danone-et-evian\/#breadcrumb","itemListElement":[{"@type":"ListItem","position":1,"name":"Home","item":"https:\/\/www.sieber.ch\/fr\/"},{"@type":"ListItem","position":2,"name":"\u00c9tape de durabilit\u00e9 : Sieber, LogisticAigle, Danone, evian"}]},{"@type":"WebSite","@id":"https:\/\/www.sieber.ch\/fr\/#website","url":"https:\/\/www.sieber.ch\/fr\/","name":"Sieber Transport AG","description":"","publisher":{"@id":"https:\/\/www.sieber.ch\/fr\/#organization"},"potentialAction":[{"@type":"SearchAction","target":{"@type":"EntryPoint","urlTemplate":"https:\/\/www.sieber.ch\/fr\/?s={search_term_string}"},"query-input":{"@type":"PropertyValueSpecification","valueRequired":true,"valueName":"search_term_string"}}],"inLanguage":"fr-FR"},{"@type":"Organization","@id":"https:\/\/www.sieber.ch\/fr\/#organization","name":"Sieber Transport AG","url":"https:\/\/www.sieber.ch\/fr\/","logo":{"@type":"ImageObject","inLanguage":"fr-FR","@id":"https:\/\/www.sieber.ch\/fr\/#\/schema\/logo\/image\/","url":"https:\/\/www.sieber.ch\/wp-content\/uploads\/2024\/01\/logo.png","contentUrl":"https:\/\/www.sieber.ch\/wp-content\/uploads\/2024\/01\/logo.png","width":1063,"height":358,"caption":"Sieber Transport AG"},"image":{"@id":"https:\/\/www.sieber.ch\/fr\/#\/schema\/logo\/image\/"},"sameAs":["https:\/\/www.facebook.com\/sieberlogistics","https:\/\/www.linkedin.com\/company\/sieberlogistics\/"]},{"@type":"Person","@id":"https:\/\/www.sieber.ch\/fr\/#\/schema\/person\/d8e023d3e9b655b24a1e20aab0dec5ac","name":"dorarauseo","image":{"@type":"ImageObject","inLanguage":"fr-FR","@id":"https:\/\/secure.gravatar.com\/avatar\/88914062d60fda4d73655522543edb68609603692739ecc4ccae497137ad6bdc?s=96&d=mm&r=g","url":"https:\/\/secure.gravatar.com\/avatar\/88914062d60fda4d73655522543edb68609603692739ecc4ccae497137ad6bdc?s=96&d=mm&r=g","contentUrl":"https:\/\/secure.gravatar.com\/avatar\/88914062d60fda4d73655522543edb68609603692739ecc4ccae497137ad6bdc?s=96&d=mm&r=g","caption":"dorarauseo"},"url":"https:\/\/www.sieber.ch\/fr\/blog\/author\/dorarauseo\/"}]}},"_links":{"self":[{"href":"https:\/\/www.sieber.ch\/fr\/wp-json\/wp\/v2\/posts\/6330","targetHints":{"allow":["GET"]}}],"collection":[{"href":"https:\/\/www.sieber.ch\/fr\/wp-json\/wp\/v2\/posts"}],"about":[{"href":"https:\/\/www.sieber.ch\/fr\/wp-json\/wp\/v2\/types\/post"}],"author":[{"embeddable":true,"href":"https:\/\/www.sieber.ch\/fr\/wp-json\/wp\/v2\/users\/7"}],"replies":[{"embeddable":true,"href":"https:\/\/www.sieber.ch\/fr\/wp-json\/wp\/v2\/comments?post=6330"}],"version-history":[{"count":5,"href":"https:\/\/www.sieber.ch\/fr\/wp-json\/wp\/v2\/posts\/6330\/revisions"}],"predecessor-version":[{"id":6339,"href":"https:\/\/www.sieber.ch\/fr\/wp-json\/wp\/v2\/posts\/6330\/revisions\/6339"}],"wp:featuredmedia":[{"embeddable":true,"href":"https:\/\/www.sieber.ch\/fr\/wp-json\/wp\/v2\/media\/6302"}],"wp:attachment":[{"href":"https:\/\/www.sieber.ch\/fr\/wp-json\/wp\/v2\/media?parent=6330"}],"wp:term":[{"taxonomy":"category","embeddable":true,"href":"https:\/\/www.sieber.ch\/fr\/wp-json\/wp\/v2\/categories?post=6330"},{"taxonomy":"post_tag","embeddable":true,"href":"https:\/\/www.sieber.ch\/fr\/wp-json\/wp\/v2\/tags?post=6330"}],"curies":[{"name":"wp","href":"https:\/\/api.w.org\/{rel}","templated":true}]}}