{"id":5509,"date":"2023-11-13T16:11:37","date_gmt":"2023-11-13T16:11:37","guid":{"rendered":"https:\/\/www.sieber.ch\/?p=5509"},"modified":"2024-01-23T12:35:44","modified_gmt":"2024-01-23T12:35:44","slug":"journee-des-cadres-2023","status":"publish","type":"post","link":"https:\/\/www.sieber.ch\/fr\/blog\/journee-des-cadres-2023\/","title":{"rendered":"Journ\u00e9e des cadres 2023"},"content":{"rendered":"<div class=\"n2_clear\"><ss3-force-full-width data-overflow-x=\"body\" data-horizontal-selector=\"body\"><div class=\"n2-section-smartslider fitvidsignore  n2_clear\" data-ssid=\"100\"><div id=\"n2-ss-100-align\" class=\"n2-ss-align\"><div class=\"n2-padding\"><div id=\"n2-ss-100\" data-creator=\"Smart Slider 3\" data-responsive=\"fullwidth\" class=\"n2-ss-slider n2-ow n2-has-hover n2notransition  \">\n        <div class=\"n2-ss-slider-1 n2_ss__touch_element n2-ow\">\n            <div class=\"n2-ss-slider-2 n2-ow\">\n                                                <div class=\"n2-ss-slider-3 n2-ow\">\n\n                    <div class=\"n2-ss-slide-backgrounds n2-ow-all\"><div class=\"n2-ss-slide-background\" data-public-id=\"1\" data-mode=\"fill\"><div class=\"n2-ss-slide-background-image\" data-blur=\"0\" data-opacity=\"100\" data-x=\"38\" data-y=\"77\" data-alt=\"Woman with glasses in front of a group of people\" data-title=\"\" style=\"--ss-o-pos-x:38%;--ss-o-pos-y:77%\"><picture class=\"skip-lazy\" data-skip-lazy=\"1\"><img decoding=\"async\" src=\"\/\/www.sieber.ch\/wp-content\/uploads\/2024\/01\/News-1277948801.webp\" alt=\"Woman with glasses in front of a group of people\" title=\"\" loading=\"lazy\" class=\"skip-lazy\" data-skip-lazy=\"1\"><\/picture><\/div><div data-color=\"RGBA(0,0,0,0.52)\" style=\"background-color: RGBA(0,0,0,0.52);\" class=\"n2-ss-slide-background-color\" data-overlay=\"1\"><\/div><\/div><\/div>                    <div class=\"n2-ss-slider-4 n2-ow\">\n                        <svg xmlns=\"http:\/\/www.w3.org\/2000\/svg\" viewBox=\"0 0 1200 650\" data-related-device=\"desktopPortrait\" class=\"n2-ow n2-ss-preserve-size n2-ss-preserve-size--slider n2-ss-slide-limiter\"><\/svg><div data-first=\"1\" data-slide-duration=\"0\" data-id=\"114\" data-slide-public-id=\"1\" data-title=\"Services banner\" class=\"n2-ss-slide n2-ow  n2-ss-slide-114\"><div role=\"note\" class=\"n2-ss-slide--focus\" tabindex=\"-1\">Services banner<\/div><div class=\"n2-ss-layers-container n2-ss-slide-limiter n2-ow\"><div class=\"n2-ss-layer n2-ow n-uc-2luDAwVGLylp\" data-sstype=\"slide\" data-pm=\"default\"><div class=\"n2-ss-layer n2-ow n-uc-2pUNtEJPFRkA\" data-pm=\"default\" data-sstype=\"content\" data-hasbackground=\"0\"><div class=\"n2-ss-section-main-content n2-ss-layer-with-background n2-ss-layer-content n2-ow n-uc-2pUNtEJPFRkA-inner\"><div class=\"n2-ss-layer n2-ow n-uc-f4gam8jurX0X\" data-pm=\"normal\" data-sstype=\"layer\"><div id=\"n2-ss-100item1\" class=\"n2-font-89c0603c56ffcf23cbe2a31a6751ddf6-hover   n2-ss-item-content n2-ss-text n2-ow\" style=\"display:block;\"><\/div><\/div><\/div><\/div><\/div><\/div><\/div>                    <\/div>\n\n                                    <\/div>\n            <\/div>\n        <\/div>\n        <\/div><ss3-loader><\/ss3-loader><\/div><\/div><div class=\"n2_clear\"><\/div><\/div><\/ss3-force-full-width><\/div>\n\n\n<h1 class=\"wp-block-heading\">Journ\u00e9e des cadres 2023<\/h1>\n\n\n\n<figure class=\"wp-block-image size-large\"><img loading=\"lazy\" decoding=\"async\" width=\"1024\" height=\"426\" src=\"https:\/\/www.sieber.ch\/wp-content\/uploads\/2024\/01\/DSCN1020-scaled-e1705589769698-1024x426.jpg\" alt=\"\" class=\"wp-image-5358\" style=\"aspect-ratio:16\/9;object-fit:cover\" srcset=\"https:\/\/www.sieber.ch\/wp-content\/uploads\/2024\/01\/DSCN1020-scaled-e1705589769698-1024x426.jpg 1024w, https:\/\/www.sieber.ch\/wp-content\/uploads\/2024\/01\/DSCN1020-scaled-e1705589769698-300x125.jpg 300w, https:\/\/www.sieber.ch\/wp-content\/uploads\/2024\/01\/DSCN1020-scaled-e1705589769698-768x320.jpg 768w, https:\/\/www.sieber.ch\/wp-content\/uploads\/2024\/01\/DSCN1020-scaled-e1705589769698-1536x640.jpg 1536w, https:\/\/www.sieber.ch\/wp-content\/uploads\/2024\/01\/DSCN1020-scaled-e1705589769698-2048x853.jpg 2048w\" sizes=\"auto, (max-width: 1024px) 100vw, 1024px\" \/><\/figure>\n\n\n\n<div style=\"height:13px\" aria-hidden=\"true\" class=\"wp-block-spacer\"><\/div>\n\n\n\n<p><strong>La nouvelle strat\u00e9gie d&rsquo;entreprise en point de mire lors de la journ\u00e9e des cadres de cette ann\u00e9e<\/strong><\/p>\n\n\n\n<p>La nouvelle strat\u00e9gie d&rsquo;entreprise \u00e9tait au centre de la journ\u00e9e des cadres de cette ann\u00e9e. Des discussions cibl\u00e9es, des ateliers interactifs et des pr\u00e9sentations strat\u00e9giques ont fait de cette journ\u00e9e une exp\u00e9rience extr\u00eamement enrichissante pour tous les participants.<\/p>\n\n\n\n<p><strong><strong>Une motivation puissante pour toute l&rsquo;\u00e9quipe<\/strong><\/strong><\/p>\n\n\n\n<p>La journ\u00e9e des cadres n&rsquo;a pas seulement fourni une multitude d&rsquo;informations, elle a aussi \u00e9t\u00e9 un puissant facteur de motivation pour toute l&rsquo;\u00e9quipe. Ensemble, l&rsquo;organisation s&rsquo;efforce de mettre en \u0153uvre la mission de l&rsquo;entreprise et d&rsquo;optimiser en permanence la satisfaction des clients. Elle s&rsquo;efforce \u00e9galement de proposer des solutions logistiques innovantes.<\/p>\n\n\n\n<p><strong><strong>Un regard sur un avenir prometteur<\/strong><\/strong><\/p>\n\n\n\n<p>La journ\u00e9e des cadres 2023 a marqu\u00e9 une nouvelle \u00e9tape importante vers un avenir prometteur. L&rsquo;organisation poursuit ses objectifs d&rsquo;entreprise avec d\u00e9termination et enthousiasme afin de consolider sa position de fournisseur leader de solutions logistiques.<\/p>\n\n\n\n<p><\/p>\n","protected":false},"excerpt":{"rendered":"<p>Journ\u00e9e des cadres 2023 La nouvelle strat\u00e9gie d&rsquo;entreprise en point de mire lors de la journ\u00e9e des cadres de cette<\/p>\n<p><a class=\"wp-block-button__link\" href=\"https:\/\/www.sieber.ch\/fr\/blog\/journee-des-cadres-2023\/\">Read More&#8230;<\/a><\/p>\n","protected":false},"author":6,"featured_media":5360,"comment_status":"closed","ping_status":"closed","sticky":false,"template":"","format":"standard","meta":{"_acf_changed":false,"footnotes":""},"categories":[48,103],"tags":[],"class_list":["post-5509","post","type-post","status-publish","format-standard","has-post-thumbnail","hentry","category-news-fr","category-news-2"],"acf":[],"yoast_head":"<!-- This site is optimized with the Yoast SEO plugin v27.5 - https:\/\/yoast.com\/product\/yoast-seo-wordpress\/ -->\n<title>Journ\u00e9e des cadres 2023 - Sieber Logistics AG<\/title>\n<meta name=\"robots\" content=\"index, follow, max-snippet:-1, max-image-preview:large, max-video-preview:-1\" \/>\n<link rel=\"canonical\" href=\"https:\/\/www.sieber.ch\/fr\/blog\/journee-des-cadres-2023\/\" \/>\n<meta property=\"og:locale\" content=\"fr_FR\" \/>\n<meta property=\"og:type\" content=\"article\" \/>\n<meta property=\"og:title\" content=\"Journ\u00e9e des cadres 2023 - Sieber Logistics AG\" \/>\n<meta property=\"og:description\" content=\"Journ\u00e9e des cadres 2023 La nouvelle strat\u00e9gie d&rsquo;entreprise en point de mire lors de la journ\u00e9e des cadres de cetteRead More...\" \/>\n<meta property=\"og:url\" content=\"https:\/\/www.sieber.ch\/fr\/blog\/journee-des-cadres-2023\/\" \/>\n<meta property=\"og:site_name\" content=\"Sieber Logistics AG\" \/>\n<meta property=\"article:publisher\" content=\"https:\/\/www.facebook.com\/sieberlogistics\" \/>\n<meta property=\"article:published_time\" content=\"2023-11-13T16:11:37+00:00\" \/>\n<meta property=\"article:modified_time\" content=\"2024-01-23T12:35:44+00:00\" \/>\n<meta property=\"og:image\" content=\"https:\/\/www.sieber.ch\/wp-content\/uploads\/2024\/01\/DSCN1020-scaled-e1705589769698.jpg\" \/>\n\t<meta property=\"og:image:width\" content=\"2560\" \/>\n\t<meta property=\"og:image:height\" content=\"1920\" \/>\n\t<meta property=\"og:image:type\" content=\"image\/jpeg\" \/>\n<meta name=\"author\" content=\"ivanacancar\" \/>\n<meta name=\"twitter:card\" content=\"summary_large_image\" \/>\n<meta name=\"twitter:label1\" content=\"\u00c9crit par\" \/>\n\t<meta name=\"twitter:data1\" content=\"ivanacancar\" \/>\n\t<meta name=\"twitter:label2\" content=\"Dur\u00e9e de lecture estim\u00e9e\" \/>\n\t<meta name=\"twitter:data2\" content=\"2 minutes\" \/>\n<script type=\"application\/ld+json\" class=\"yoast-schema-graph\">{\"@context\":\"https:\\\/\\\/schema.org\",\"@graph\":[{\"@type\":\"Article\",\"@id\":\"https:\\\/\\\/www.sieber.ch\\\/fr\\\/blog\\\/journee-des-cadres-2023\\\/#article\",\"isPartOf\":{\"@id\":\"https:\\\/\\\/www.sieber.ch\\\/fr\\\/blog\\\/journee-des-cadres-2023\\\/\"},\"author\":{\"name\":\"ivanacancar\",\"@id\":\"https:\\\/\\\/www.sieber.ch\\\/fr\\\/#\\\/schema\\\/person\\\/6df2909ada14e1ae9b8267cfeb08169b\"},\"headline\":\"Journ\u00e9e des cadres 2023\",\"datePublished\":\"2023-11-13T16:11:37+00:00\",\"dateModified\":\"2024-01-23T12:35:44+00:00\",\"mainEntityOfPage\":{\"@id\":\"https:\\\/\\\/www.sieber.ch\\\/fr\\\/blog\\\/journee-des-cadres-2023\\\/\"},\"wordCount\":190,\"publisher\":{\"@id\":\"https:\\\/\\\/www.sieber.ch\\\/fr\\\/#organization\"},\"image\":{\"@id\":\"https:\\\/\\\/www.sieber.ch\\\/fr\\\/blog\\\/journee-des-cadres-2023\\\/#primaryimage\"},\"thumbnailUrl\":\"https:\\\/\\\/www.sieber.ch\\\/wp-content\\\/uploads\\\/2024\\\/01\\\/DSCN1020-scaled-e1705589769698.jpg\",\"articleSection\":[\"News\",\"News\"],\"inLanguage\":\"fr-FR\"},{\"@type\":\"WebPage\",\"@id\":\"https:\\\/\\\/www.sieber.ch\\\/fr\\\/blog\\\/journee-des-cadres-2023\\\/\",\"url\":\"https:\\\/\\\/www.sieber.ch\\\/fr\\\/blog\\\/journee-des-cadres-2023\\\/\",\"name\":\"Journ\u00e9e des cadres 2023 - Sieber Logistics AG\",\"isPartOf\":{\"@id\":\"https:\\\/\\\/www.sieber.ch\\\/fr\\\/#website\"},\"primaryImageOfPage\":{\"@id\":\"https:\\\/\\\/www.sieber.ch\\\/fr\\\/blog\\\/journee-des-cadres-2023\\\/#primaryimage\"},\"image\":{\"@id\":\"https:\\\/\\\/www.sieber.ch\\\/fr\\\/blog\\\/journee-des-cadres-2023\\\/#primaryimage\"},\"thumbnailUrl\":\"https:\\\/\\\/www.sieber.ch\\\/wp-content\\\/uploads\\\/2024\\\/01\\\/DSCN1020-scaled-e1705589769698.jpg\",\"datePublished\":\"2023-11-13T16:11:37+00:00\",\"dateModified\":\"2024-01-23T12:35:44+00:00\",\"breadcrumb\":{\"@id\":\"https:\\\/\\\/www.sieber.ch\\\/fr\\\/blog\\\/journee-des-cadres-2023\\\/#breadcrumb\"},\"inLanguage\":\"fr-FR\",\"potentialAction\":[{\"@type\":\"ReadAction\",\"target\":[\"https:\\\/\\\/www.sieber.ch\\\/fr\\\/blog\\\/journee-des-cadres-2023\\\/\"]}]},{\"@type\":\"ImageObject\",\"inLanguage\":\"fr-FR\",\"@id\":\"https:\\\/\\\/www.sieber.ch\\\/fr\\\/blog\\\/journee-des-cadres-2023\\\/#primaryimage\",\"url\":\"https:\\\/\\\/www.sieber.ch\\\/wp-content\\\/uploads\\\/2024\\\/01\\\/DSCN1020-scaled-e1705589769698.jpg\",\"contentUrl\":\"https:\\\/\\\/www.sieber.ch\\\/wp-content\\\/uploads\\\/2024\\\/01\\\/DSCN1020-scaled-e1705589769698.jpg\",\"width\":2560,\"height\":1920},{\"@type\":\"BreadcrumbList\",\"@id\":\"https:\\\/\\\/www.sieber.ch\\\/fr\\\/blog\\\/journee-des-cadres-2023\\\/#breadcrumb\",\"itemListElement\":[{\"@type\":\"ListItem\",\"position\":1,\"name\":\"Home\",\"item\":\"https:\\\/\\\/www.sieber.ch\\\/fr\\\/\"},{\"@type\":\"ListItem\",\"position\":2,\"name\":\"Journ\u00e9e des cadres 2023\"}]},{\"@type\":\"WebSite\",\"@id\":\"https:\\\/\\\/www.sieber.ch\\\/fr\\\/#website\",\"url\":\"https:\\\/\\\/www.sieber.ch\\\/fr\\\/\",\"name\":\"Sieber Transport AG\",\"description\":\"\",\"publisher\":{\"@id\":\"https:\\\/\\\/www.sieber.ch\\\/fr\\\/#organization\"},\"potentialAction\":[{\"@type\":\"SearchAction\",\"target\":{\"@type\":\"EntryPoint\",\"urlTemplate\":\"https:\\\/\\\/www.sieber.ch\\\/fr\\\/?s={search_term_string}\"},\"query-input\":{\"@type\":\"PropertyValueSpecification\",\"valueRequired\":true,\"valueName\":\"search_term_string\"}}],\"inLanguage\":\"fr-FR\"},{\"@type\":\"Organization\",\"@id\":\"https:\\\/\\\/www.sieber.ch\\\/fr\\\/#organization\",\"name\":\"Sieber Transport AG\",\"url\":\"https:\\\/\\\/www.sieber.ch\\\/fr\\\/\",\"logo\":{\"@type\":\"ImageObject\",\"inLanguage\":\"fr-FR\",\"@id\":\"https:\\\/\\\/www.sieber.ch\\\/fr\\\/#\\\/schema\\\/logo\\\/image\\\/\",\"url\":\"https:\\\/\\\/www.sieber.ch\\\/wp-content\\\/uploads\\\/2024\\\/01\\\/logo.png\",\"contentUrl\":\"https:\\\/\\\/www.sieber.ch\\\/wp-content\\\/uploads\\\/2024\\\/01\\\/logo.png\",\"width\":1063,\"height\":358,\"caption\":\"Sieber Transport AG\"},\"image\":{\"@id\":\"https:\\\/\\\/www.sieber.ch\\\/fr\\\/#\\\/schema\\\/logo\\\/image\\\/\"},\"sameAs\":[\"https:\\\/\\\/www.facebook.com\\\/sieberlogistics\",\"https:\\\/\\\/www.linkedin.com\\\/company\\\/sieberlogistics\\\/\"]},{\"@type\":\"Person\",\"@id\":\"https:\\\/\\\/www.sieber.ch\\\/fr\\\/#\\\/schema\\\/person\\\/6df2909ada14e1ae9b8267cfeb08169b\",\"name\":\"ivanacancar\",\"image\":{\"@type\":\"ImageObject\",\"inLanguage\":\"fr-FR\",\"@id\":\"https:\\\/\\\/secure.gravatar.com\\\/avatar\\\/d975fb2c30391ff58a7a917584f992e601d898c8834bdcbff72ac3fc869c7637?s=96&d=mm&r=g\",\"url\":\"https:\\\/\\\/secure.gravatar.com\\\/avatar\\\/d975fb2c30391ff58a7a917584f992e601d898c8834bdcbff72ac3fc869c7637?s=96&d=mm&r=g\",\"contentUrl\":\"https:\\\/\\\/secure.gravatar.com\\\/avatar\\\/d975fb2c30391ff58a7a917584f992e601d898c8834bdcbff72ac3fc869c7637?s=96&d=mm&r=g\",\"caption\":\"ivanacancar\"},\"url\":\"https:\\\/\\\/www.sieber.ch\\\/fr\\\/blog\\\/author\\\/ivanacancar\\\/\"}]}<\/script>\n<!-- \/ Yoast SEO plugin. -->","yoast_head_json":{"title":"Journ\u00e9e des cadres 2023 - Sieber Logistics AG","robots":{"index":"index","follow":"follow","max-snippet":"max-snippet:-1","max-image-preview":"max-image-preview:large","max-video-preview":"max-video-preview:-1"},"canonical":"https:\/\/www.sieber.ch\/fr\/blog\/journee-des-cadres-2023\/","og_locale":"fr_FR","og_type":"article","og_title":"Journ\u00e9e des cadres 2023 - Sieber Logistics AG","og_description":"Journ\u00e9e des cadres 2023 La nouvelle strat\u00e9gie d&rsquo;entreprise en point de mire lors de la journ\u00e9e des cadres de cetteRead More...","og_url":"https:\/\/www.sieber.ch\/fr\/blog\/journee-des-cadres-2023\/","og_site_name":"Sieber Logistics AG","article_publisher":"https:\/\/www.facebook.com\/sieberlogistics","article_published_time":"2023-11-13T16:11:37+00:00","article_modified_time":"2024-01-23T12:35:44+00:00","og_image":[{"width":2560,"height":1920,"url":"https:\/\/www.sieber.ch\/wp-content\/uploads\/2024\/01\/DSCN1020-scaled-e1705589769698.jpg","type":"image\/jpeg"}],"author":"ivanacancar","twitter_card":"summary_large_image","twitter_misc":{"\u00c9crit par":"ivanacancar","Dur\u00e9e de lecture estim\u00e9e":"2 minutes"},"schema":{"@context":"https:\/\/schema.org","@graph":[{"@type":"Article","@id":"https:\/\/www.sieber.ch\/fr\/blog\/journee-des-cadres-2023\/#article","isPartOf":{"@id":"https:\/\/www.sieber.ch\/fr\/blog\/journee-des-cadres-2023\/"},"author":{"name":"ivanacancar","@id":"https:\/\/www.sieber.ch\/fr\/#\/schema\/person\/6df2909ada14e1ae9b8267cfeb08169b"},"headline":"Journ\u00e9e des cadres 2023","datePublished":"2023-11-13T16:11:37+00:00","dateModified":"2024-01-23T12:35:44+00:00","mainEntityOfPage":{"@id":"https:\/\/www.sieber.ch\/fr\/blog\/journee-des-cadres-2023\/"},"wordCount":190,"publisher":{"@id":"https:\/\/www.sieber.ch\/fr\/#organization"},"image":{"@id":"https:\/\/www.sieber.ch\/fr\/blog\/journee-des-cadres-2023\/#primaryimage"},"thumbnailUrl":"https:\/\/www.sieber.ch\/wp-content\/uploads\/2024\/01\/DSCN1020-scaled-e1705589769698.jpg","articleSection":["News","News"],"inLanguage":"fr-FR"},{"@type":"WebPage","@id":"https:\/\/www.sieber.ch\/fr\/blog\/journee-des-cadres-2023\/","url":"https:\/\/www.sieber.ch\/fr\/blog\/journee-des-cadres-2023\/","name":"Journ\u00e9e des cadres 2023 - Sieber Logistics AG","isPartOf":{"@id":"https:\/\/www.sieber.ch\/fr\/#website"},"primaryImageOfPage":{"@id":"https:\/\/www.sieber.ch\/fr\/blog\/journee-des-cadres-2023\/#primaryimage"},"image":{"@id":"https:\/\/www.sieber.ch\/fr\/blog\/journee-des-cadres-2023\/#primaryimage"},"thumbnailUrl":"https:\/\/www.sieber.ch\/wp-content\/uploads\/2024\/01\/DSCN1020-scaled-e1705589769698.jpg","datePublished":"2023-11-13T16:11:37+00:00","dateModified":"2024-01-23T12:35:44+00:00","breadcrumb":{"@id":"https:\/\/www.sieber.ch\/fr\/blog\/journee-des-cadres-2023\/#breadcrumb"},"inLanguage":"fr-FR","potentialAction":[{"@type":"ReadAction","target":["https:\/\/www.sieber.ch\/fr\/blog\/journee-des-cadres-2023\/"]}]},{"@type":"ImageObject","inLanguage":"fr-FR","@id":"https:\/\/www.sieber.ch\/fr\/blog\/journee-des-cadres-2023\/#primaryimage","url":"https:\/\/www.sieber.ch\/wp-content\/uploads\/2024\/01\/DSCN1020-scaled-e1705589769698.jpg","contentUrl":"https:\/\/www.sieber.ch\/wp-content\/uploads\/2024\/01\/DSCN1020-scaled-e1705589769698.jpg","width":2560,"height":1920},{"@type":"BreadcrumbList","@id":"https:\/\/www.sieber.ch\/fr\/blog\/journee-des-cadres-2023\/#breadcrumb","itemListElement":[{"@type":"ListItem","position":1,"name":"Home","item":"https:\/\/www.sieber.ch\/fr\/"},{"@type":"ListItem","position":2,"name":"Journ\u00e9e des cadres 2023"}]},{"@type":"WebSite","@id":"https:\/\/www.sieber.ch\/fr\/#website","url":"https:\/\/www.sieber.ch\/fr\/","name":"Sieber Transport AG","description":"","publisher":{"@id":"https:\/\/www.sieber.ch\/fr\/#organization"},"potentialAction":[{"@type":"SearchAction","target":{"@type":"EntryPoint","urlTemplate":"https:\/\/www.sieber.ch\/fr\/?s={search_term_string}"},"query-input":{"@type":"PropertyValueSpecification","valueRequired":true,"valueName":"search_term_string"}}],"inLanguage":"fr-FR"},{"@type":"Organization","@id":"https:\/\/www.sieber.ch\/fr\/#organization","name":"Sieber Transport AG","url":"https:\/\/www.sieber.ch\/fr\/","logo":{"@type":"ImageObject","inLanguage":"fr-FR","@id":"https:\/\/www.sieber.ch\/fr\/#\/schema\/logo\/image\/","url":"https:\/\/www.sieber.ch\/wp-content\/uploads\/2024\/01\/logo.png","contentUrl":"https:\/\/www.sieber.ch\/wp-content\/uploads\/2024\/01\/logo.png","width":1063,"height":358,"caption":"Sieber Transport AG"},"image":{"@id":"https:\/\/www.sieber.ch\/fr\/#\/schema\/logo\/image\/"},"sameAs":["https:\/\/www.facebook.com\/sieberlogistics","https:\/\/www.linkedin.com\/company\/sieberlogistics\/"]},{"@type":"Person","@id":"https:\/\/www.sieber.ch\/fr\/#\/schema\/person\/6df2909ada14e1ae9b8267cfeb08169b","name":"ivanacancar","image":{"@type":"ImageObject","inLanguage":"fr-FR","@id":"https:\/\/secure.gravatar.com\/avatar\/d975fb2c30391ff58a7a917584f992e601d898c8834bdcbff72ac3fc869c7637?s=96&d=mm&r=g","url":"https:\/\/secure.gravatar.com\/avatar\/d975fb2c30391ff58a7a917584f992e601d898c8834bdcbff72ac3fc869c7637?s=96&d=mm&r=g","contentUrl":"https:\/\/secure.gravatar.com\/avatar\/d975fb2c30391ff58a7a917584f992e601d898c8834bdcbff72ac3fc869c7637?s=96&d=mm&r=g","caption":"ivanacancar"},"url":"https:\/\/www.sieber.ch\/fr\/blog\/author\/ivanacancar\/"}]}},"_links":{"self":[{"href":"https:\/\/www.sieber.ch\/fr\/wp-json\/wp\/v2\/posts\/5509","targetHints":{"allow":["GET"]}}],"collection":[{"href":"https:\/\/www.sieber.ch\/fr\/wp-json\/wp\/v2\/posts"}],"about":[{"href":"https:\/\/www.sieber.ch\/fr\/wp-json\/wp\/v2\/types\/post"}],"author":[{"embeddable":true,"href":"https:\/\/www.sieber.ch\/fr\/wp-json\/wp\/v2\/users\/6"}],"replies":[{"embeddable":true,"href":"https:\/\/www.sieber.ch\/fr\/wp-json\/wp\/v2\/comments?post=5509"}],"version-history":[{"count":0,"href":"https:\/\/www.sieber.ch\/fr\/wp-json\/wp\/v2\/posts\/5509\/revisions"}],"wp:featuredmedia":[{"embeddable":true,"href":"https:\/\/www.sieber.ch\/fr\/wp-json\/wp\/v2\/media\/5360"}],"wp:attachment":[{"href":"https:\/\/www.sieber.ch\/fr\/wp-json\/wp\/v2\/media?parent=5509"}],"wp:term":[{"taxonomy":"category","embeddable":true,"href":"https:\/\/www.sieber.ch\/fr\/wp-json\/wp\/v2\/categories?post=5509"},{"taxonomy":"post_tag","embeddable":true,"href":"https:\/\/www.sieber.ch\/fr\/wp-json\/wp\/v2\/tags?post=5509"}],"curies":[{"name":"wp","href":"https:\/\/api.w.org\/{rel}","templated":true}]}}