{"id":5483,"date":"2023-10-15T14:29:00","date_gmt":"2023-10-15T13:29:00","guid":{"rendered":"https:\/\/www.sieber.ch\/?p=5483"},"modified":"2024-01-23T12:34:40","modified_gmt":"2024-01-23T12:34:40","slug":"sieber-logistics-wien-goes-brotfabrik","status":"publish","type":"post","link":"https:\/\/www.sieber.ch\/fr\/blog\/sieber-logistics-wien-goes-brotfabrik\/","title":{"rendered":"Sieber Logistics Vienne d\u00e9m\u00e9nage \u00e0 \u201dBrotfabrik\u201d"},"content":{"rendered":"\n<p><\/p>\n\n\n<div class=\"n2_clear\"><ss3-force-full-width data-overflow-x=\"body\" data-horizontal-selector=\"body\"><div class=\"n2-section-smartslider fitvidsignore  n2_clear\" data-ssid=\"100\"><div id=\"n2-ss-100-align\" class=\"n2-ss-align\"><div class=\"n2-padding\"><div id=\"n2-ss-100\" data-creator=\"Smart Slider 3\" data-responsive=\"fullwidth\" class=\"n2-ss-slider n2-ow n2-has-hover n2notransition  \">\n        <div class=\"n2-ss-slider-1 n2_ss__touch_element n2-ow\">\n            <div class=\"n2-ss-slider-2 n2-ow\">\n                                                <div class=\"n2-ss-slider-3 n2-ow\">\n\n                    <div class=\"n2-ss-slide-backgrounds n2-ow-all\"><div class=\"n2-ss-slide-background\" data-public-id=\"1\" data-mode=\"fill\"><div class=\"n2-ss-slide-background-image\" data-blur=\"0\" data-opacity=\"100\" data-x=\"38\" data-y=\"77\" data-alt=\"Woman with glasses in front of a group of people\" data-title=\"\" style=\"--ss-o-pos-x:38%;--ss-o-pos-y:77%\"><picture class=\"skip-lazy\" data-skip-lazy=\"1\"><img decoding=\"async\" src=\"\/\/www.sieber.ch\/wp-content\/uploads\/2024\/01\/News-1277948801.webp\" alt=\"Woman with glasses in front of a group of people\" title=\"\" loading=\"lazy\" class=\"skip-lazy\" data-skip-lazy=\"1\"><\/picture><\/div><div data-color=\"RGBA(0,0,0,0.52)\" style=\"background-color: RGBA(0,0,0,0.52);\" class=\"n2-ss-slide-background-color\" data-overlay=\"1\"><\/div><\/div><\/div>                    <div class=\"n2-ss-slider-4 n2-ow\">\n                        <svg xmlns=\"http:\/\/www.w3.org\/2000\/svg\" viewBox=\"0 0 1200 650\" data-related-device=\"desktopPortrait\" class=\"n2-ow n2-ss-preserve-size n2-ss-preserve-size--slider n2-ss-slide-limiter\"><\/svg><div data-first=\"1\" data-slide-duration=\"0\" data-id=\"114\" data-slide-public-id=\"1\" data-title=\"Services banner\" class=\"n2-ss-slide n2-ow  n2-ss-slide-114\"><div role=\"note\" class=\"n2-ss-slide--focus\" tabindex=\"-1\">Services banner<\/div><div class=\"n2-ss-layers-container n2-ss-slide-limiter n2-ow\"><div class=\"n2-ss-layer n2-ow n-uc-2luDAwVGLylp\" data-sstype=\"slide\" data-pm=\"default\"><div class=\"n2-ss-layer n2-ow n-uc-2pUNtEJPFRkA\" data-pm=\"default\" data-sstype=\"content\" data-hasbackground=\"0\"><div class=\"n2-ss-section-main-content n2-ss-layer-with-background n2-ss-layer-content n2-ow n-uc-2pUNtEJPFRkA-inner\"><div class=\"n2-ss-layer n2-ow n-uc-f4gam8jurX0X\" data-pm=\"normal\" data-sstype=\"layer\"><div id=\"n2-ss-100item1\" class=\"n2-font-89c0603c56ffcf23cbe2a31a6751ddf6-hover   n2-ss-item-content n2-ss-text n2-ow\" style=\"display:block;\"><\/div><\/div><\/div><\/div><\/div><\/div><\/div>                    <\/div>\n\n                                    <\/div>\n            <\/div>\n        <\/div>\n        <\/div><ss3-loader><\/ss3-loader><\/div><\/div><div class=\"n2_clear\"><\/div><\/div><\/ss3-force-full-width><\/div>\n\n\n<h1 class=\"wp-block-heading\">Sieber Logistics Vienne d\u00e9m\u00e9nage \u00e0 \u201dBrotfabrik\u201d<\/h1>\n\n\n\n<figure class=\"wp-block-image size-large\"><img loading=\"lazy\" decoding=\"async\" width=\"1024\" height=\"512\" src=\"https:\/\/www.sieber.ch\/wp-content\/uploads\/2024\/01\/20-246_Newsletter_Bilder_1200x600-1024x512.jpg\" alt=\"\" class=\"wp-image-3978\" srcset=\"https:\/\/www.sieber.ch\/wp-content\/uploads\/2024\/01\/20-246_Newsletter_Bilder_1200x600-1024x512.jpg 1024w, https:\/\/www.sieber.ch\/wp-content\/uploads\/2024\/01\/20-246_Newsletter_Bilder_1200x600-300x150.jpg 300w, https:\/\/www.sieber.ch\/wp-content\/uploads\/2024\/01\/20-246_Newsletter_Bilder_1200x600-768x384.jpg 768w, https:\/\/www.sieber.ch\/wp-content\/uploads\/2024\/01\/20-246_Newsletter_Bilder_1200x600.jpg 1200w\" sizes=\"auto, (max-width: 1024px) 100vw, 1024px\" \/><\/figure>\n\n\n\n<p><\/p>\n\n\n\n<p><strong>Votre nouveau site pour des solutions logistiques sur mesure \u00e0 Vienne.<\/strong><\/p>\n\n\n\n<p>Nous avons le plaisir de vous annoncer que Sieber Logistics GmbH se trouve d\u00e9sormais sur un nouveau site afin de vous offrir des solutions logistiques encore plus performantes. Notre nouveau site se trouve \u00e0 l&rsquo;adresse suivante :<\/p>\n\n\n\n<p>Sieber Logistics GmbH<br>Absberggasse 31 \/ Top 5<br>A-1100 Wien<\/p>\n\n\n\n<p>Nos num\u00e9ros de t\u00e9l\u00e9phone et nos adresses e-mail, qui ont fait leurs preuves, restent inchang\u00e9s, de sorte que vous pouvez nous joindre sur notre nouveau site.<\/p>\n\n\n\n<div class=\"wp-block-columns is-layout-flex wp-container-core-columns-is-layout-9d6595d7 wp-block-columns-is-layout-flex\">\n<div class=\"wp-block-column is-vertically-aligned-center is-layout-flow wp-block-column-is-layout-flow\" style=\"flex-basis:33.33%\"><div class=\"wp-block-image\">\n<figure class=\"alignleft size-full\"><img loading=\"lazy\" decoding=\"async\" width=\"378\" height=\"308\" src=\"https:\/\/www.sieber.ch\/wp-content\/uploads\/2024\/01\/Guenter-Watzl_Sieber-Logistics-Wien-e1705411742245.jpg\" alt=\"\" class=\"wp-image-4920\" srcset=\"https:\/\/www.sieber.ch\/wp-content\/uploads\/2024\/01\/Guenter-Watzl_Sieber-Logistics-Wien-e1705411742245.jpg 378w, https:\/\/www.sieber.ch\/wp-content\/uploads\/2024\/01\/Guenter-Watzl_Sieber-Logistics-Wien-e1705411742245-300x244.jpg 300w\" sizes=\"auto, (max-width: 378px) 100vw, 378px\" \/><\/figure>\n<\/div><\/div>\n\n\n\n<div class=\"wp-block-column is-vertically-aligned-center is-layout-flow wp-block-column-is-layout-flow\" style=\"flex-basis:66.66%\">\n<p class=\"has-medium-font-size\">Notre directeur G\u00fcnter Watzl et l&rsquo;\u00e9quipe de Sieber Logistics se tiennent d\u00e8s \u00e0 pr\u00e9sent \u00e0 votre disposition sur notre nouveau site afin de continuer \u00e0 vous apporter des solutions logistiques sur mesure.<\/p>\n<\/div>\n<\/div>\n\n\n\n<p><strong><strong>Venez nous rendre visite sur notre nouveau site<\/strong><\/strong><\/p>\n\n\n\n<p>Nous vous invitons \u00e0 nous rendre visite sur notre nouveau site afin de d\u00e9couvrir les possibilit\u00e9s \u00e9largies de nos services. Chez Sieber Logistics, nous nous effor\u00e7ons d&rsquo;enthousiasmer nos clients avec des solutions logistiques de premier ordre. Nous misons sur l&rsquo;innovation, la fiabilit\u00e9 et la satisfaction du client pour r\u00e9pondre au mieux \u00e0 vos exigences.<\/p>\n\n\n\n<p>N&rsquo;h\u00e9sitez pas \u00e0 nous contacter pour de plus amples informations ou pour convenir d&rsquo;un rendez-vous. Contactez-nous d\u00e8s aujourd&rsquo;hui pour en savoir plus sur nos solutions logistiques.<\/p>\n\n\n\n<p><\/p>\n\n\n\n<div class=\"wp-block-buttons is-content-justification-space-between is-layout-flex wp-container-core-buttons-is-layout-3d213aab wp-block-buttons-is-layout-flex\">\n<div class=\"wp-block-button has-custom-width wp-block-button__width-25 is-style-fill\"><a class=\"wp-block-button__link wp-element-button\" href=\"https:\/\/www.sieber.ch\/fr\/contact\/\">Contact<\/a><\/div>\n<\/div>\n\n\n\n<p><\/p>\n\n\n\n<p><\/p>\n","protected":false},"excerpt":{"rendered":"<p>Sieber Logistics Vienne d\u00e9m\u00e9nage \u00e0 \u201dBrotfabrik\u201d Votre nouveau site pour des solutions logistiques sur mesure \u00e0 Vienne. Nous avons le<\/p>\n<p><a class=\"wp-block-button__link\" href=\"https:\/\/www.sieber.ch\/fr\/blog\/sieber-logistics-wien-goes-brotfabrik\/\">Read More&#8230;<\/a><\/p>\n","protected":false},"author":6,"featured_media":3980,"comment_status":"closed","ping_status":"closed","sticky":false,"template":"","format":"standard","meta":{"_acf_changed":false,"footnotes":""},"categories":[48],"tags":[],"class_list":["post-5483","post","type-post","status-publish","format-standard","has-post-thumbnail","hentry","category-news-fr"],"acf":[],"yoast_head":"<!-- This site is optimized with the Yoast SEO plugin v27.5 - https:\/\/yoast.com\/product\/yoast-seo-wordpress\/ -->\n<title>Sieber Logistics Vienne d\u00e9m\u00e9nage \u00e0 \u201dBrotfabrik\u201d - Sieber Logistics AG<\/title>\n<meta name=\"robots\" content=\"index, follow, max-snippet:-1, max-image-preview:large, max-video-preview:-1\" \/>\n<link rel=\"canonical\" href=\"https:\/\/www.sieber.ch\/fr\/blog\/sieber-logistics-wien-goes-brotfabrik\/\" \/>\n<meta property=\"og:locale\" content=\"fr_FR\" \/>\n<meta property=\"og:type\" content=\"article\" \/>\n<meta property=\"og:title\" content=\"Sieber Logistics Vienne d\u00e9m\u00e9nage \u00e0 \u201dBrotfabrik\u201d - Sieber Logistics AG\" \/>\n<meta property=\"og:description\" content=\"Sieber Logistics Vienne d\u00e9m\u00e9nage \u00e0 \u201dBrotfabrik\u201d Votre nouveau site pour des solutions logistiques sur mesure \u00e0 Vienne. Nous avons leRead More...\" \/>\n<meta property=\"og:url\" content=\"https:\/\/www.sieber.ch\/fr\/blog\/sieber-logistics-wien-goes-brotfabrik\/\" \/>\n<meta property=\"og:site_name\" content=\"Sieber Logistics AG\" \/>\n<meta property=\"article:publisher\" content=\"https:\/\/www.facebook.com\/sieberlogistics\" \/>\n<meta property=\"article:published_time\" content=\"2023-10-15T13:29:00+00:00\" \/>\n<meta property=\"article:modified_time\" content=\"2024-01-23T12:34:40+00:00\" \/>\n<meta property=\"og:image\" content=\"https:\/\/www.sieber.ch\/wp-content\/uploads\/2024\/01\/20-246_Newsletter_Bilder_1200x600.jpg\" \/>\n\t<meta property=\"og:image:width\" content=\"1200\" \/>\n\t<meta property=\"og:image:height\" content=\"600\" \/>\n\t<meta property=\"og:image:type\" content=\"image\/jpeg\" \/>\n<meta name=\"author\" content=\"ivanacancar\" \/>\n<meta name=\"twitter:card\" content=\"summary_large_image\" \/>\n<meta name=\"twitter:label1\" content=\"\u00c9crit par\" \/>\n\t<meta name=\"twitter:data1\" content=\"ivanacancar\" \/>\n\t<meta name=\"twitter:label2\" content=\"Dur\u00e9e de lecture estim\u00e9e\" \/>\n\t<meta name=\"twitter:data2\" content=\"2 minutes\" \/>\n<script type=\"application\/ld+json\" class=\"yoast-schema-graph\">{\"@context\":\"https:\\\/\\\/schema.org\",\"@graph\":[{\"@type\":\"Article\",\"@id\":\"https:\\\/\\\/www.sieber.ch\\\/fr\\\/blog\\\/sieber-logistics-wien-goes-brotfabrik\\\/#article\",\"isPartOf\":{\"@id\":\"https:\\\/\\\/www.sieber.ch\\\/fr\\\/blog\\\/sieber-logistics-wien-goes-brotfabrik\\\/\"},\"author\":{\"name\":\"ivanacancar\",\"@id\":\"https:\\\/\\\/www.sieber.ch\\\/fr\\\/#\\\/schema\\\/person\\\/6df2909ada14e1ae9b8267cfeb08169b\"},\"headline\":\"Sieber Logistics Vienne d\u00e9m\u00e9nage \u00e0 \u201dBrotfabrik\u201d\",\"datePublished\":\"2023-10-15T13:29:00+00:00\",\"dateModified\":\"2024-01-23T12:34:40+00:00\",\"mainEntityOfPage\":{\"@id\":\"https:\\\/\\\/www.sieber.ch\\\/fr\\\/blog\\\/sieber-logistics-wien-goes-brotfabrik\\\/\"},\"wordCount\":229,\"publisher\":{\"@id\":\"https:\\\/\\\/www.sieber.ch\\\/fr\\\/#organization\"},\"image\":{\"@id\":\"https:\\\/\\\/www.sieber.ch\\\/fr\\\/blog\\\/sieber-logistics-wien-goes-brotfabrik\\\/#primaryimage\"},\"thumbnailUrl\":\"https:\\\/\\\/www.sieber.ch\\\/wp-content\\\/uploads\\\/2024\\\/01\\\/20-246_Newsletter_Bilder_1200x600.jpg\",\"articleSection\":[\"News\"],\"inLanguage\":\"fr-FR\"},{\"@type\":\"WebPage\",\"@id\":\"https:\\\/\\\/www.sieber.ch\\\/fr\\\/blog\\\/sieber-logistics-wien-goes-brotfabrik\\\/\",\"url\":\"https:\\\/\\\/www.sieber.ch\\\/fr\\\/blog\\\/sieber-logistics-wien-goes-brotfabrik\\\/\",\"name\":\"Sieber Logistics Vienne d\u00e9m\u00e9nage \u00e0 \u201dBrotfabrik\u201d - Sieber Logistics AG\",\"isPartOf\":{\"@id\":\"https:\\\/\\\/www.sieber.ch\\\/fr\\\/#website\"},\"primaryImageOfPage\":{\"@id\":\"https:\\\/\\\/www.sieber.ch\\\/fr\\\/blog\\\/sieber-logistics-wien-goes-brotfabrik\\\/#primaryimage\"},\"image\":{\"@id\":\"https:\\\/\\\/www.sieber.ch\\\/fr\\\/blog\\\/sieber-logistics-wien-goes-brotfabrik\\\/#primaryimage\"},\"thumbnailUrl\":\"https:\\\/\\\/www.sieber.ch\\\/wp-content\\\/uploads\\\/2024\\\/01\\\/20-246_Newsletter_Bilder_1200x600.jpg\",\"datePublished\":\"2023-10-15T13:29:00+00:00\",\"dateModified\":\"2024-01-23T12:34:40+00:00\",\"breadcrumb\":{\"@id\":\"https:\\\/\\\/www.sieber.ch\\\/fr\\\/blog\\\/sieber-logistics-wien-goes-brotfabrik\\\/#breadcrumb\"},\"inLanguage\":\"fr-FR\",\"potentialAction\":[{\"@type\":\"ReadAction\",\"target\":[\"https:\\\/\\\/www.sieber.ch\\\/fr\\\/blog\\\/sieber-logistics-wien-goes-brotfabrik\\\/\"]}]},{\"@type\":\"ImageObject\",\"inLanguage\":\"fr-FR\",\"@id\":\"https:\\\/\\\/www.sieber.ch\\\/fr\\\/blog\\\/sieber-logistics-wien-goes-brotfabrik\\\/#primaryimage\",\"url\":\"https:\\\/\\\/www.sieber.ch\\\/wp-content\\\/uploads\\\/2024\\\/01\\\/20-246_Newsletter_Bilder_1200x600.jpg\",\"contentUrl\":\"https:\\\/\\\/www.sieber.ch\\\/wp-content\\\/uploads\\\/2024\\\/01\\\/20-246_Newsletter_Bilder_1200x600.jpg\",\"width\":1200,\"height\":600},{\"@type\":\"BreadcrumbList\",\"@id\":\"https:\\\/\\\/www.sieber.ch\\\/fr\\\/blog\\\/sieber-logistics-wien-goes-brotfabrik\\\/#breadcrumb\",\"itemListElement\":[{\"@type\":\"ListItem\",\"position\":1,\"name\":\"Home\",\"item\":\"https:\\\/\\\/www.sieber.ch\\\/fr\\\/\"},{\"@type\":\"ListItem\",\"position\":2,\"name\":\"Sieber Logistics Vienne d\u00e9m\u00e9nage \u00e0 \u201dBrotfabrik\u201d\"}]},{\"@type\":\"WebSite\",\"@id\":\"https:\\\/\\\/www.sieber.ch\\\/fr\\\/#website\",\"url\":\"https:\\\/\\\/www.sieber.ch\\\/fr\\\/\",\"name\":\"Sieber Transport AG\",\"description\":\"\",\"publisher\":{\"@id\":\"https:\\\/\\\/www.sieber.ch\\\/fr\\\/#organization\"},\"potentialAction\":[{\"@type\":\"SearchAction\",\"target\":{\"@type\":\"EntryPoint\",\"urlTemplate\":\"https:\\\/\\\/www.sieber.ch\\\/fr\\\/?s={search_term_string}\"},\"query-input\":{\"@type\":\"PropertyValueSpecification\",\"valueRequired\":true,\"valueName\":\"search_term_string\"}}],\"inLanguage\":\"fr-FR\"},{\"@type\":\"Organization\",\"@id\":\"https:\\\/\\\/www.sieber.ch\\\/fr\\\/#organization\",\"name\":\"Sieber Transport AG\",\"url\":\"https:\\\/\\\/www.sieber.ch\\\/fr\\\/\",\"logo\":{\"@type\":\"ImageObject\",\"inLanguage\":\"fr-FR\",\"@id\":\"https:\\\/\\\/www.sieber.ch\\\/fr\\\/#\\\/schema\\\/logo\\\/image\\\/\",\"url\":\"https:\\\/\\\/www.sieber.ch\\\/wp-content\\\/uploads\\\/2024\\\/01\\\/logo.png\",\"contentUrl\":\"https:\\\/\\\/www.sieber.ch\\\/wp-content\\\/uploads\\\/2024\\\/01\\\/logo.png\",\"width\":1063,\"height\":358,\"caption\":\"Sieber Transport AG\"},\"image\":{\"@id\":\"https:\\\/\\\/www.sieber.ch\\\/fr\\\/#\\\/schema\\\/logo\\\/image\\\/\"},\"sameAs\":[\"https:\\\/\\\/www.facebook.com\\\/sieberlogistics\",\"https:\\\/\\\/www.linkedin.com\\\/company\\\/sieberlogistics\\\/\"]},{\"@type\":\"Person\",\"@id\":\"https:\\\/\\\/www.sieber.ch\\\/fr\\\/#\\\/schema\\\/person\\\/6df2909ada14e1ae9b8267cfeb08169b\",\"name\":\"ivanacancar\",\"image\":{\"@type\":\"ImageObject\",\"inLanguage\":\"fr-FR\",\"@id\":\"https:\\\/\\\/secure.gravatar.com\\\/avatar\\\/d975fb2c30391ff58a7a917584f992e601d898c8834bdcbff72ac3fc869c7637?s=96&d=mm&r=g\",\"url\":\"https:\\\/\\\/secure.gravatar.com\\\/avatar\\\/d975fb2c30391ff58a7a917584f992e601d898c8834bdcbff72ac3fc869c7637?s=96&d=mm&r=g\",\"contentUrl\":\"https:\\\/\\\/secure.gravatar.com\\\/avatar\\\/d975fb2c30391ff58a7a917584f992e601d898c8834bdcbff72ac3fc869c7637?s=96&d=mm&r=g\",\"caption\":\"ivanacancar\"},\"url\":\"https:\\\/\\\/www.sieber.ch\\\/fr\\\/blog\\\/author\\\/ivanacancar\\\/\"}]}<\/script>\n<!-- \/ Yoast SEO plugin. -->","yoast_head_json":{"title":"Sieber Logistics Vienne d\u00e9m\u00e9nage \u00e0 \u201dBrotfabrik\u201d - Sieber Logistics AG","robots":{"index":"index","follow":"follow","max-snippet":"max-snippet:-1","max-image-preview":"max-image-preview:large","max-video-preview":"max-video-preview:-1"},"canonical":"https:\/\/www.sieber.ch\/fr\/blog\/sieber-logistics-wien-goes-brotfabrik\/","og_locale":"fr_FR","og_type":"article","og_title":"Sieber Logistics Vienne d\u00e9m\u00e9nage \u00e0 \u201dBrotfabrik\u201d - Sieber Logistics AG","og_description":"Sieber Logistics Vienne d\u00e9m\u00e9nage \u00e0 \u201dBrotfabrik\u201d Votre nouveau site pour des solutions logistiques sur mesure \u00e0 Vienne. Nous avons leRead More...","og_url":"https:\/\/www.sieber.ch\/fr\/blog\/sieber-logistics-wien-goes-brotfabrik\/","og_site_name":"Sieber Logistics AG","article_publisher":"https:\/\/www.facebook.com\/sieberlogistics","article_published_time":"2023-10-15T13:29:00+00:00","article_modified_time":"2024-01-23T12:34:40+00:00","og_image":[{"width":1200,"height":600,"url":"https:\/\/www.sieber.ch\/wp-content\/uploads\/2024\/01\/20-246_Newsletter_Bilder_1200x600.jpg","type":"image\/jpeg"}],"author":"ivanacancar","twitter_card":"summary_large_image","twitter_misc":{"\u00c9crit par":"ivanacancar","Dur\u00e9e de lecture estim\u00e9e":"2 minutes"},"schema":{"@context":"https:\/\/schema.org","@graph":[{"@type":"Article","@id":"https:\/\/www.sieber.ch\/fr\/blog\/sieber-logistics-wien-goes-brotfabrik\/#article","isPartOf":{"@id":"https:\/\/www.sieber.ch\/fr\/blog\/sieber-logistics-wien-goes-brotfabrik\/"},"author":{"name":"ivanacancar","@id":"https:\/\/www.sieber.ch\/fr\/#\/schema\/person\/6df2909ada14e1ae9b8267cfeb08169b"},"headline":"Sieber Logistics Vienne d\u00e9m\u00e9nage \u00e0 \u201dBrotfabrik\u201d","datePublished":"2023-10-15T13:29:00+00:00","dateModified":"2024-01-23T12:34:40+00:00","mainEntityOfPage":{"@id":"https:\/\/www.sieber.ch\/fr\/blog\/sieber-logistics-wien-goes-brotfabrik\/"},"wordCount":229,"publisher":{"@id":"https:\/\/www.sieber.ch\/fr\/#organization"},"image":{"@id":"https:\/\/www.sieber.ch\/fr\/blog\/sieber-logistics-wien-goes-brotfabrik\/#primaryimage"},"thumbnailUrl":"https:\/\/www.sieber.ch\/wp-content\/uploads\/2024\/01\/20-246_Newsletter_Bilder_1200x600.jpg","articleSection":["News"],"inLanguage":"fr-FR"},{"@type":"WebPage","@id":"https:\/\/www.sieber.ch\/fr\/blog\/sieber-logistics-wien-goes-brotfabrik\/","url":"https:\/\/www.sieber.ch\/fr\/blog\/sieber-logistics-wien-goes-brotfabrik\/","name":"Sieber Logistics Vienne d\u00e9m\u00e9nage \u00e0 \u201dBrotfabrik\u201d - Sieber Logistics AG","isPartOf":{"@id":"https:\/\/www.sieber.ch\/fr\/#website"},"primaryImageOfPage":{"@id":"https:\/\/www.sieber.ch\/fr\/blog\/sieber-logistics-wien-goes-brotfabrik\/#primaryimage"},"image":{"@id":"https:\/\/www.sieber.ch\/fr\/blog\/sieber-logistics-wien-goes-brotfabrik\/#primaryimage"},"thumbnailUrl":"https:\/\/www.sieber.ch\/wp-content\/uploads\/2024\/01\/20-246_Newsletter_Bilder_1200x600.jpg","datePublished":"2023-10-15T13:29:00+00:00","dateModified":"2024-01-23T12:34:40+00:00","breadcrumb":{"@id":"https:\/\/www.sieber.ch\/fr\/blog\/sieber-logistics-wien-goes-brotfabrik\/#breadcrumb"},"inLanguage":"fr-FR","potentialAction":[{"@type":"ReadAction","target":["https:\/\/www.sieber.ch\/fr\/blog\/sieber-logistics-wien-goes-brotfabrik\/"]}]},{"@type":"ImageObject","inLanguage":"fr-FR","@id":"https:\/\/www.sieber.ch\/fr\/blog\/sieber-logistics-wien-goes-brotfabrik\/#primaryimage","url":"https:\/\/www.sieber.ch\/wp-content\/uploads\/2024\/01\/20-246_Newsletter_Bilder_1200x600.jpg","contentUrl":"https:\/\/www.sieber.ch\/wp-content\/uploads\/2024\/01\/20-246_Newsletter_Bilder_1200x600.jpg","width":1200,"height":600},{"@type":"BreadcrumbList","@id":"https:\/\/www.sieber.ch\/fr\/blog\/sieber-logistics-wien-goes-brotfabrik\/#breadcrumb","itemListElement":[{"@type":"ListItem","position":1,"name":"Home","item":"https:\/\/www.sieber.ch\/fr\/"},{"@type":"ListItem","position":2,"name":"Sieber Logistics Vienne d\u00e9m\u00e9nage \u00e0 \u201dBrotfabrik\u201d"}]},{"@type":"WebSite","@id":"https:\/\/www.sieber.ch\/fr\/#website","url":"https:\/\/www.sieber.ch\/fr\/","name":"Sieber Transport AG","description":"","publisher":{"@id":"https:\/\/www.sieber.ch\/fr\/#organization"},"potentialAction":[{"@type":"SearchAction","target":{"@type":"EntryPoint","urlTemplate":"https:\/\/www.sieber.ch\/fr\/?s={search_term_string}"},"query-input":{"@type":"PropertyValueSpecification","valueRequired":true,"valueName":"search_term_string"}}],"inLanguage":"fr-FR"},{"@type":"Organization","@id":"https:\/\/www.sieber.ch\/fr\/#organization","name":"Sieber Transport AG","url":"https:\/\/www.sieber.ch\/fr\/","logo":{"@type":"ImageObject","inLanguage":"fr-FR","@id":"https:\/\/www.sieber.ch\/fr\/#\/schema\/logo\/image\/","url":"https:\/\/www.sieber.ch\/wp-content\/uploads\/2024\/01\/logo.png","contentUrl":"https:\/\/www.sieber.ch\/wp-content\/uploads\/2024\/01\/logo.png","width":1063,"height":358,"caption":"Sieber Transport AG"},"image":{"@id":"https:\/\/www.sieber.ch\/fr\/#\/schema\/logo\/image\/"},"sameAs":["https:\/\/www.facebook.com\/sieberlogistics","https:\/\/www.linkedin.com\/company\/sieberlogistics\/"]},{"@type":"Person","@id":"https:\/\/www.sieber.ch\/fr\/#\/schema\/person\/6df2909ada14e1ae9b8267cfeb08169b","name":"ivanacancar","image":{"@type":"ImageObject","inLanguage":"fr-FR","@id":"https:\/\/secure.gravatar.com\/avatar\/d975fb2c30391ff58a7a917584f992e601d898c8834bdcbff72ac3fc869c7637?s=96&d=mm&r=g","url":"https:\/\/secure.gravatar.com\/avatar\/d975fb2c30391ff58a7a917584f992e601d898c8834bdcbff72ac3fc869c7637?s=96&d=mm&r=g","contentUrl":"https:\/\/secure.gravatar.com\/avatar\/d975fb2c30391ff58a7a917584f992e601d898c8834bdcbff72ac3fc869c7637?s=96&d=mm&r=g","caption":"ivanacancar"},"url":"https:\/\/www.sieber.ch\/fr\/blog\/author\/ivanacancar\/"}]}},"_links":{"self":[{"href":"https:\/\/www.sieber.ch\/fr\/wp-json\/wp\/v2\/posts\/5483","targetHints":{"allow":["GET"]}}],"collection":[{"href":"https:\/\/www.sieber.ch\/fr\/wp-json\/wp\/v2\/posts"}],"about":[{"href":"https:\/\/www.sieber.ch\/fr\/wp-json\/wp\/v2\/types\/post"}],"author":[{"embeddable":true,"href":"https:\/\/www.sieber.ch\/fr\/wp-json\/wp\/v2\/users\/6"}],"replies":[{"embeddable":true,"href":"https:\/\/www.sieber.ch\/fr\/wp-json\/wp\/v2\/comments?post=5483"}],"version-history":[{"count":0,"href":"https:\/\/www.sieber.ch\/fr\/wp-json\/wp\/v2\/posts\/5483\/revisions"}],"wp:featuredmedia":[{"embeddable":true,"href":"https:\/\/www.sieber.ch\/fr\/wp-json\/wp\/v2\/media\/3980"}],"wp:attachment":[{"href":"https:\/\/www.sieber.ch\/fr\/wp-json\/wp\/v2\/media?parent=5483"}],"wp:term":[{"taxonomy":"category","embeddable":true,"href":"https:\/\/www.sieber.ch\/fr\/wp-json\/wp\/v2\/categories?post=5483"},{"taxonomy":"post_tag","embeddable":true,"href":"https:\/\/www.sieber.ch\/fr\/wp-json\/wp\/v2\/tags?post=5483"}],"curies":[{"name":"wp","href":"https:\/\/api.w.org\/{rel}","templated":true}]}}